{"id":88,"date":"2007-11-05T20:42:17","date_gmt":"2007-11-05T19:42:17","guid":{"rendered":"http:\/\/lesbridg.cluster015.ovh.net\/wordpress\/index.php\/news-sur-le-couple-celibat-hommes-femmes\/le-1er-salon-du-divorce-a-vienne.html"},"modified":"2018-10-05T13:06:52","modified_gmt":"2018-10-05T11:06:52","slug":"le-1er-salon-du-divorce-a-vienne","status":"publish","type":"post","link":"https:\/\/www.lesbridgets.com\/index.php\/nouveaute\/news-couple-celibataire\/le-1er-salon-du-divorce-a-vienne.html","title":{"rendered":"Le 1er salon du divorce \u00e0 Vienne"},"content":{"rendered":"<p>Apr\u00e8s les fameux Salons de la mari\u00e9e, voici enfin le premier Salon des divorc\u00e9s qui a eu lieu \u00e0 Vienne le week-end du 3 et 4 novembre 2007 &#8230;<\/p>\n<p align=\"left\">Le premier \u00ab\u00a0Salon du divorce\u00a0\u00bb au monde, selon son cr\u00e9ateur Anton Barz, a remport\u00e9 un franc succ\u00e8s ce week-end \u00e0 Vienne parmi les candidats \u00e0 la s\u00e9paration dans la capitale autrichienne au triste bilan de l&rsquo;<strong>\u00e9chec de 2 couples mari\u00e9s sur 3<\/strong> l&rsquo;an dernier.<\/p>\n<p>Une vingtaine d&rsquo;exposants ont accueilli d\u00e8s le premier jour, gratuitement, pr\u00e8s de 300 visiteurs pour prodiguer des conseils aussi vari\u00e9s que :<br \/>&#8211; le recours \u00e0 un d\u00e9tective priv\u00e9, <br \/>&#8211; la vente du domicile commun ou <br \/>&#8211; l&rsquo;aide psychologique aux enfants en cas de s\u00e9paration des parents <br \/>&#8211; sans oublier l&rsquo;organisation de \u00ab\u00a0<strong>la f\u00eate du divorce<\/strong>\u00a0\u00bb <br \/>&#8211; ou le choix d&rsquo;une nouvelle coiffure pour \u00ab\u00a0<strong>red\u00e9marrer une nouvelle vie<\/strong>\u00ab\u00a0.<\/p>\n<p>Selon les statistiques officielles, pr\u00e8s de la moiti\u00e9 des couples mari\u00e9s (48,9%) ont divorc\u00e9 en Autriche en 2006, \u00e0 Vienne ils \u00e9taient m\u00eame 66%.<\/p>\n<p>Anton Barz a eu l&rsquo;id\u00e9e de ce salon apr\u00e8s avoir pris connaissance de ces chiffres et sur l&rsquo;incitation de plusieurs de ses amis. <br \/>\u00ab\u00a0<strong>Il semble que cela soit devenu plus facile de terminer une vie de couple plut\u00f4t que de faire l&rsquo;effort de se ressaisir et de red\u00e9marrer ensemble<\/strong>\u00ab\u00a0, constate le cr\u00e9ateur de ce salon, unique au monde, selon lui.<\/p>\n<p>Pourtant, son initiative, intitul\u00e9e \u00ab\u00a0Refais toi une nouvelle vie\u00a0\u00bb, offrait \u00e9galement les services de m\u00e9diateurs familiaux qui tentent de r\u00e9concilier les \u00e9poux en difficult\u00e9.<\/p>\n<p>Les motivations des visiteurs sont aussi nombreuses que vari\u00e9es: \u00ab\u00a0Je suis venu pour obtenir des informations pr\u00e9cises sur <strong>le montant des pensions alimentaires<\/strong>\u00ab\u00a0, pr\u00e9cise un homme divorc\u00e9 depuis 2001, devant un stand d&rsquo;avocats. <\/p>\n<p><strong>Une grand-m\u00e8re de 80 ans<\/strong> \u00e9tait une des premi\u00e8res samedi matin \u00e0 arpenter le salon, selon Anton Barz: \u00ab\u00a0Elle s&rsquo;inqui\u00e9tait des troubles du comportement de son petit-fils apr\u00e8s le divorce de sa fille et son gendre\u00a0\u00bb.<\/p>\n<p>Un jeune homme \u00e0 l&rsquo;accent anglais est, lui, en qu\u00eate de conseils pratiques pour que son divorce \u00e0 venir ne traumatise pas sa fille de 4 ans. \u00ab\u00a0Plus l&rsquo;enfant est jeune, plus il peut d\u00e9velopper des angoisses existentielles apr\u00e8s la s\u00e9paration de ses parents\u00a0\u00bb, souligne une animatrice du centre Rainbows, un centre, co-financ\u00e9 par l&rsquo;archev\u00each\u00e9 de Vienne, d&rsquo;aide psychologique aux parents et enfants apr\u00e8s une s\u00e9paration.<br \/>Cela peut se traduire par la d\u00e9pression ou l&rsquo;agressivit\u00e9 face \u00e0 une situation dont certains enfants estiment m\u00eame parfois \u00eatre eux-m\u00eames coupables. \u00ab\u00a0Des petits nous ont dit: peut-\u00eatre que si j&rsquo;avais \u00e9t\u00e9 plus gentil papa et maman seraient encore ensemble\u00a0\u00bb, ajoute l&rsquo;animatrice. Elle ajoute qu&rsquo;il faut \u00e9viter \u00e0 tout prix de \u00ab\u00a0consid\u00e9rer les enfants comme des espions ou des messagers entre les parents s\u00e9par\u00e9s\u00a0\u00bb.<\/p>\n<p>Au stand d&rsquo;en face, l&rsquo;espionnage des couples en difficult\u00e9 est un \u00ab\u00a0m\u00e9tier\u00a0\u00bb. \u00ab\u00a0Les valeurs humaines et la confiance sont la base de notre coop\u00e9ration avec les clients\u00a0\u00bb, promet l&rsquo;un des responsables du cabinet de d\u00e9tectives priv\u00e9s. Le stand c\u00f4toie celui d&rsquo;un laboratoire ADN pour les recherches en paternit\u00e9.<\/p>\n<p>\u00a0<\/p>\n<p>Source\u00a0<\/p>\n","protected":false},"excerpt":{"rendered":"<p>Apr\u00e8s les fameux Salons de la mari\u00e9e, voici enfin le premier Salon des divorc\u00e9s qui a eu lieu \u00e0 Vienne le week-end du 3 et 4 novembre 2007 &#8230;<\/p>\n","protected":false},"author":2,"featured_media":0,"comment_status":"open","ping_status":"open","sticky":false,"template":"","format":"standard","meta":{"_bbp_topic_count":0,"_bbp_reply_count":0,"_bbp_total_topic_count":0,"_bbp_total_reply_count":0,"_bbp_voice_count":0,"_bbp_anonymous_reply_count":0,"_bbp_topic_count_hidden":0,"_bbp_reply_count_hidden":0,"_bbp_forum_subforum_count":0,"om_disable_all_campaigns":false,"_lmt_disableupdate":"","_lmt_disable":"","_monsterinsights_skip_tracking":false,"_monsterinsights_sitenote_active":false,"_monsterinsights_sitenote_note":"","_monsterinsights_sitenote_category":0,"_uf_show_specific_survey":0,"_uf_disable_surveys":false,"footnotes":""},"categories":[16],"tags":[100],"class_list":["post-88","post","type-post","status-publish","format-standard","hentry","category-news-couple-celibataire","tag-divorce"],"yoast_head":"<!-- This site is optimized with the Yoast SEO plugin v27.4 - https:\/\/yoast.com\/product\/yoast-seo-wordpress\/ -->\n<title>Le 1er salon du divorce \u00e0 Vienne - Les Bridgets<\/title>\n<meta name=\"robots\" content=\"index, follow, max-snippet:-1, max-image-preview:large, max-video-preview:-1\" \/>\n<link rel=\"canonical\" href=\"https:\/\/www.lesbridgets.com\/index.php\/nouveaute\/news-couple-celibataire\/le-1er-salon-du-divorce-a-vienne.html\" \/>\n<meta property=\"og:locale\" content=\"fr_FR\" \/>\n<meta property=\"og:type\" content=\"article\" \/>\n<meta property=\"og:title\" content=\"Le 1er salon du divorce \u00e0 Vienne - Les Bridgets\" \/>\n<meta property=\"og:description\" content=\"Apr\u00e8s les fameux Salons de la mari\u00e9e, voici enfin le premier Salon des divorc\u00e9s qui a eu lieu \u00e0 Vienne le week-end du 3 et 4 novembre 2007 ...\" \/>\n<meta property=\"og:url\" content=\"https:\/\/www.lesbridgets.com\/index.php\/nouveaute\/news-couple-celibataire\/le-1er-salon-du-divorce-a-vienne.html\" \/>\n<meta property=\"og:site_name\" content=\"Les Bridgets\" \/>\n<meta property=\"article:publisher\" content=\"https:\/\/www.facebook.com\/Les.Bridgets\" \/>\n<meta property=\"article:published_time\" content=\"2007-11-05T19:42:17+00:00\" \/>\n<meta property=\"article:modified_time\" content=\"2018-10-05T11:06:52+00:00\" \/>\n<meta name=\"author\" content=\"Bridget\" \/>\n<meta name=\"twitter:card\" content=\"summary_large_image\" \/>\n<meta name=\"twitter:creator\" content=\"@les_bridgets\" \/>\n<meta name=\"twitter:site\" content=\"@les_bridgets\" \/>\n<meta name=\"twitter:label1\" content=\"\u00c9crit par\" \/>\n\t<meta name=\"twitter:data1\" content=\"Bridget\" \/>\n\t<meta name=\"twitter:label2\" content=\"Dur\u00e9e de lecture estim\u00e9e\" \/>\n\t<meta name=\"twitter:data2\" content=\"3 minutes\" \/>\n<script type=\"application\/ld+json\" class=\"yoast-schema-graph\">{\"@context\":\"https:\\\/\\\/schema.org\",\"@graph\":[{\"@type\":\"Article\",\"@id\":\"https:\\\/\\\/www.lesbridgets.com\\\/index.php\\\/nouveaute\\\/news-couple-celibataire\\\/le-1er-salon-du-divorce-a-vienne.html#article\",\"isPartOf\":{\"@id\":\"https:\\\/\\\/www.lesbridgets.com\\\/index.php\\\/nouveaute\\\/news-couple-celibataire\\\/le-1er-salon-du-divorce-a-vienne.html\"},\"author\":{\"name\":\"Bridget\",\"@id\":\"https:\\\/\\\/www.lesbridgets.com\\\/#\\\/schema\\\/person\\\/82a31c27ae0ddd23ee59e1e2ac5713ba\"},\"headline\":\"Le 1er salon du divorce \u00e0 Vienne\",\"datePublished\":\"2007-11-05T19:42:17+00:00\",\"dateModified\":\"2018-10-05T11:06:52+00:00\",\"mainEntityOfPage\":{\"@id\":\"https:\\\/\\\/www.lesbridgets.com\\\/index.php\\\/nouveaute\\\/news-couple-celibataire\\\/le-1er-salon-du-divorce-a-vienne.html\"},\"wordCount\":553,\"commentCount\":0,\"publisher\":{\"@id\":\"https:\\\/\\\/www.lesbridgets.com\\\/#organization\"},\"keywords\":[\"divorce\"],\"articleSection\":[\"Nouveau\"],\"inLanguage\":\"fr-FR\",\"potentialAction\":[{\"@type\":\"CommentAction\",\"name\":\"Comment\",\"target\":[\"https:\\\/\\\/www.lesbridgets.com\\\/index.php\\\/nouveaute\\\/news-couple-celibataire\\\/le-1er-salon-du-divorce-a-vienne.html#respond\"]}]},{\"@type\":\"WebPage\",\"@id\":\"https:\\\/\\\/www.lesbridgets.com\\\/index.php\\\/nouveaute\\\/news-couple-celibataire\\\/le-1er-salon-du-divorce-a-vienne.html\",\"url\":\"https:\\\/\\\/www.lesbridgets.com\\\/index.php\\\/nouveaute\\\/news-couple-celibataire\\\/le-1er-salon-du-divorce-a-vienne.html\",\"name\":\"Le 1er salon du divorce \u00e0 Vienne - Les Bridgets\",\"isPartOf\":{\"@id\":\"https:\\\/\\\/www.lesbridgets.com\\\/#website\"},\"datePublished\":\"2007-11-05T19:42:17+00:00\",\"dateModified\":\"2018-10-05T11:06:52+00:00\",\"breadcrumb\":{\"@id\":\"https:\\\/\\\/www.lesbridgets.com\\\/index.php\\\/nouveaute\\\/news-couple-celibataire\\\/le-1er-salon-du-divorce-a-vienne.html#breadcrumb\"},\"inLanguage\":\"fr-FR\",\"potentialAction\":[{\"@type\":\"ReadAction\",\"target\":[\"https:\\\/\\\/www.lesbridgets.com\\\/index.php\\\/nouveaute\\\/news-couple-celibataire\\\/le-1er-salon-du-divorce-a-vienne.html\"]}]},{\"@type\":\"BreadcrumbList\",\"@id\":\"https:\\\/\\\/www.lesbridgets.com\\\/index.php\\\/nouveaute\\\/news-couple-celibataire\\\/le-1er-salon-du-divorce-a-vienne.html#breadcrumb\",\"itemListElement\":[{\"@type\":\"ListItem\",\"position\":1,\"name\":\"Les Bridgets\",\"item\":\"https:\\\/\\\/www.lesbridgets.com\\\/\"},{\"@type\":\"ListItem\",\"position\":2,\"name\":\"Actu\",\"item\":\"https:\\\/\\\/www.lesbridgets.com\\\/index.php\\\/category\\\/nouveaute\"},{\"@type\":\"ListItem\",\"position\":3,\"name\":\"Nouveau\",\"item\":\"https:\\\/\\\/www.lesbridgets.com\\\/index.php\\\/category\\\/nouveaute\\\/news-couple-celibataire\"},{\"@type\":\"ListItem\",\"position\":4,\"name\":\"Le 1er salon du divorce \u00e0 Vienne\"}]},{\"@type\":\"WebSite\",\"@id\":\"https:\\\/\\\/www.lesbridgets.com\\\/#website\",\"url\":\"https:\\\/\\\/www.lesbridgets.com\\\/\",\"name\":\"Les Bridgets\",\"description\":\"R\u00e9f\u00e9rences et r\u00e9flexions sur nos relations\",\"publisher\":{\"@id\":\"https:\\\/\\\/www.lesbridgets.com\\\/#organization\"},\"potentialAction\":[{\"@type\":\"SearchAction\",\"target\":{\"@type\":\"EntryPoint\",\"urlTemplate\":\"https:\\\/\\\/www.lesbridgets.com\\\/?s={search_term_string}\"},\"query-input\":{\"@type\":\"PropertyValueSpecification\",\"valueRequired\":true,\"valueName\":\"search_term_string\"}}],\"inLanguage\":\"fr-FR\"},{\"@type\":\"Organization\",\"@id\":\"https:\\\/\\\/www.lesbridgets.com\\\/#organization\",\"name\":\"Les Bridgets\",\"url\":\"https:\\\/\\\/www.lesbridgets.com\\\/\",\"logo\":{\"@type\":\"ImageObject\",\"inLanguage\":\"fr-FR\",\"@id\":\"https:\\\/\\\/www.lesbridgets.com\\\/#\\\/schema\\\/logo\\\/image\\\/\",\"url\":\"https:\\\/\\\/www.lesbridgets.com\\\/wp-content\\\/uploads\\\/2022\\\/07\\\/cropped-logo-3-lesbridgets.png\",\"contentUrl\":\"https:\\\/\\\/www.lesbridgets.com\\\/wp-content\\\/uploads\\\/2022\\\/07\\\/cropped-logo-3-lesbridgets.png\",\"width\":251,\"height\":59,\"caption\":\"Les Bridgets\"},\"image\":{\"@id\":\"https:\\\/\\\/www.lesbridgets.com\\\/#\\\/schema\\\/logo\\\/image\\\/\"},\"sameAs\":[\"https:\\\/\\\/www.facebook.com\\\/Les.Bridgets\",\"https:\\\/\\\/x.com\\\/les_bridgets\"]},{\"@type\":\"Person\",\"@id\":\"https:\\\/\\\/www.lesbridgets.com\\\/#\\\/schema\\\/person\\\/82a31c27ae0ddd23ee59e1e2ac5713ba\",\"name\":\"Bridget\",\"image\":{\"@type\":\"ImageObject\",\"inLanguage\":\"fr-FR\",\"@id\":\"https:\\\/\\\/secure.gravatar.com\\\/avatar\\\/7295cbdcf0cdf58bc2d250d0abac0622f7e9f13e4d6b98e0404f82bf994e0a55?s=96&d=mm&r=g\",\"url\":\"https:\\\/\\\/secure.gravatar.com\\\/avatar\\\/7295cbdcf0cdf58bc2d250d0abac0622f7e9f13e4d6b98e0404f82bf994e0a55?s=96&d=mm&r=g\",\"contentUrl\":\"https:\\\/\\\/secure.gravatar.com\\\/avatar\\\/7295cbdcf0cdf58bc2d250d0abac0622f7e9f13e4d6b98e0404f82bf994e0a55?s=96&d=mm&r=g\",\"caption\":\"Bridget\"}}]}<\/script>\n<!-- \/ Yoast SEO plugin. -->","yoast_head_json":{"title":"Le 1er salon du divorce \u00e0 Vienne - Les Bridgets","robots":{"index":"index","follow":"follow","max-snippet":"max-snippet:-1","max-image-preview":"max-image-preview:large","max-video-preview":"max-video-preview:-1"},"canonical":"https:\/\/www.lesbridgets.com\/index.php\/nouveaute\/news-couple-celibataire\/le-1er-salon-du-divorce-a-vienne.html","og_locale":"fr_FR","og_type":"article","og_title":"Le 1er salon du divorce \u00e0 Vienne - Les Bridgets","og_description":"Apr\u00e8s les fameux Salons de la mari\u00e9e, voici enfin le premier Salon des divorc\u00e9s qui a eu lieu \u00e0 Vienne le week-end du 3 et 4 novembre 2007 ...","og_url":"https:\/\/www.lesbridgets.com\/index.php\/nouveaute\/news-couple-celibataire\/le-1er-salon-du-divorce-a-vienne.html","og_site_name":"Les Bridgets","article_publisher":"https:\/\/www.facebook.com\/Les.Bridgets","article_published_time":"2007-11-05T19:42:17+00:00","article_modified_time":"2018-10-05T11:06:52+00:00","author":"Bridget","twitter_card":"summary_large_image","twitter_creator":"@les_bridgets","twitter_site":"@les_bridgets","twitter_misc":{"\u00c9crit par":"Bridget","Dur\u00e9e de lecture estim\u00e9e":"3 minutes"},"schema":{"@context":"https:\/\/schema.org","@graph":[{"@type":"Article","@id":"https:\/\/www.lesbridgets.com\/index.php\/nouveaute\/news-couple-celibataire\/le-1er-salon-du-divorce-a-vienne.html#article","isPartOf":{"@id":"https:\/\/www.lesbridgets.com\/index.php\/nouveaute\/news-couple-celibataire\/le-1er-salon-du-divorce-a-vienne.html"},"author":{"name":"Bridget","@id":"https:\/\/www.lesbridgets.com\/#\/schema\/person\/82a31c27ae0ddd23ee59e1e2ac5713ba"},"headline":"Le 1er salon du divorce \u00e0 Vienne","datePublished":"2007-11-05T19:42:17+00:00","dateModified":"2018-10-05T11:06:52+00:00","mainEntityOfPage":{"@id":"https:\/\/www.lesbridgets.com\/index.php\/nouveaute\/news-couple-celibataire\/le-1er-salon-du-divorce-a-vienne.html"},"wordCount":553,"commentCount":0,"publisher":{"@id":"https:\/\/www.lesbridgets.com\/#organization"},"keywords":["divorce"],"articleSection":["Nouveau"],"inLanguage":"fr-FR","potentialAction":[{"@type":"CommentAction","name":"Comment","target":["https:\/\/www.lesbridgets.com\/index.php\/nouveaute\/news-couple-celibataire\/le-1er-salon-du-divorce-a-vienne.html#respond"]}]},{"@type":"WebPage","@id":"https:\/\/www.lesbridgets.com\/index.php\/nouveaute\/news-couple-celibataire\/le-1er-salon-du-divorce-a-vienne.html","url":"https:\/\/www.lesbridgets.com\/index.php\/nouveaute\/news-couple-celibataire\/le-1er-salon-du-divorce-a-vienne.html","name":"Le 1er salon du divorce \u00e0 Vienne - Les Bridgets","isPartOf":{"@id":"https:\/\/www.lesbridgets.com\/#website"},"datePublished":"2007-11-05T19:42:17+00:00","dateModified":"2018-10-05T11:06:52+00:00","breadcrumb":{"@id":"https:\/\/www.lesbridgets.com\/index.php\/nouveaute\/news-couple-celibataire\/le-1er-salon-du-divorce-a-vienne.html#breadcrumb"},"inLanguage":"fr-FR","potentialAction":[{"@type":"ReadAction","target":["https:\/\/www.lesbridgets.com\/index.php\/nouveaute\/news-couple-celibataire\/le-1er-salon-du-divorce-a-vienne.html"]}]},{"@type":"BreadcrumbList","@id":"https:\/\/www.lesbridgets.com\/index.php\/nouveaute\/news-couple-celibataire\/le-1er-salon-du-divorce-a-vienne.html#breadcrumb","itemListElement":[{"@type":"ListItem","position":1,"name":"Les Bridgets","item":"https:\/\/www.lesbridgets.com\/"},{"@type":"ListItem","position":2,"name":"Actu","item":"https:\/\/www.lesbridgets.com\/index.php\/category\/nouveaute"},{"@type":"ListItem","position":3,"name":"Nouveau","item":"https:\/\/www.lesbridgets.com\/index.php\/category\/nouveaute\/news-couple-celibataire"},{"@type":"ListItem","position":4,"name":"Le 1er salon du divorce \u00e0 Vienne"}]},{"@type":"WebSite","@id":"https:\/\/www.lesbridgets.com\/#website","url":"https:\/\/www.lesbridgets.com\/","name":"Les Bridgets","description":"R\u00e9f\u00e9rences et r\u00e9flexions sur nos relations","publisher":{"@id":"https:\/\/www.lesbridgets.com\/#organization"},"potentialAction":[{"@type":"SearchAction","target":{"@type":"EntryPoint","urlTemplate":"https:\/\/www.lesbridgets.com\/?s={search_term_string}"},"query-input":{"@type":"PropertyValueSpecification","valueRequired":true,"valueName":"search_term_string"}}],"inLanguage":"fr-FR"},{"@type":"Organization","@id":"https:\/\/www.lesbridgets.com\/#organization","name":"Les Bridgets","url":"https:\/\/www.lesbridgets.com\/","logo":{"@type":"ImageObject","inLanguage":"fr-FR","@id":"https:\/\/www.lesbridgets.com\/#\/schema\/logo\/image\/","url":"https:\/\/www.lesbridgets.com\/wp-content\/uploads\/2022\/07\/cropped-logo-3-lesbridgets.png","contentUrl":"https:\/\/www.lesbridgets.com\/wp-content\/uploads\/2022\/07\/cropped-logo-3-lesbridgets.png","width":251,"height":59,"caption":"Les Bridgets"},"image":{"@id":"https:\/\/www.lesbridgets.com\/#\/schema\/logo\/image\/"},"sameAs":["https:\/\/www.facebook.com\/Les.Bridgets","https:\/\/x.com\/les_bridgets"]},{"@type":"Person","@id":"https:\/\/www.lesbridgets.com\/#\/schema\/person\/82a31c27ae0ddd23ee59e1e2ac5713ba","name":"Bridget","image":{"@type":"ImageObject","inLanguage":"fr-FR","@id":"https:\/\/secure.gravatar.com\/avatar\/7295cbdcf0cdf58bc2d250d0abac0622f7e9f13e4d6b98e0404f82bf994e0a55?s=96&d=mm&r=g","url":"https:\/\/secure.gravatar.com\/avatar\/7295cbdcf0cdf58bc2d250d0abac0622f7e9f13e4d6b98e0404f82bf994e0a55?s=96&d=mm&r=g","contentUrl":"https:\/\/secure.gravatar.com\/avatar\/7295cbdcf0cdf58bc2d250d0abac0622f7e9f13e4d6b98e0404f82bf994e0a55?s=96&d=mm&r=g","caption":"Bridget"}}]}},"modified_by":null,"_links":{"self":[{"href":"https:\/\/www.lesbridgets.com\/index.php\/wp-json\/wp\/v2\/posts\/88","targetHints":{"allow":["GET"]}}],"collection":[{"href":"https:\/\/www.lesbridgets.com\/index.php\/wp-json\/wp\/v2\/posts"}],"about":[{"href":"https:\/\/www.lesbridgets.com\/index.php\/wp-json\/wp\/v2\/types\/post"}],"author":[{"embeddable":true,"href":"https:\/\/www.lesbridgets.com\/index.php\/wp-json\/wp\/v2\/users\/2"}],"replies":[{"embeddable":true,"href":"https:\/\/www.lesbridgets.com\/index.php\/wp-json\/wp\/v2\/comments?post=88"}],"version-history":[{"count":1,"href":"https:\/\/www.lesbridgets.com\/index.php\/wp-json\/wp\/v2\/posts\/88\/revisions"}],"predecessor-version":[{"id":243783,"href":"https:\/\/www.lesbridgets.com\/index.php\/wp-json\/wp\/v2\/posts\/88\/revisions\/243783"}],"wp:attachment":[{"href":"https:\/\/www.lesbridgets.com\/index.php\/wp-json\/wp\/v2\/media?parent=88"}],"wp:term":[{"taxonomy":"category","embeddable":true,"href":"https:\/\/www.lesbridgets.com\/index.php\/wp-json\/wp\/v2\/categories?post=88"},{"taxonomy":"post_tag","embeddable":true,"href":"https:\/\/www.lesbridgets.com\/index.php\/wp-json\/wp\/v2\/tags?post=88"}],"curies":[{"name":"wp","href":"https:\/\/api.w.org\/{rel}","templated":true}]}}