{"id":794,"date":"2010-09-21T13:53:27","date_gmt":"2010-09-21T11:53:27","guid":{"rendered":"http:\/\/lesbridg.cluster015.ovh.net\/wordpress\/index.php\/news-sur-le-couple-celibat-hommes-femmes\/le-23-septembre-si-on-allait-a-larthur-guiness-day-en-irlande.html"},"modified":"2017-09-27T21:24:34","modified_gmt":"2017-09-27T19:24:34","slug":"le-23-septembre-si-on-allait-a-larthur-guiness-day-en-irlande","status":"publish","type":"post","link":"https:\/\/www.lesbridgets.com\/index.php\/nouveaute\/news-couple-celibataire\/le-23-septembre-si-on-allait-a-larthur-guiness-day-en-irlande.html","title":{"rendered":"Le 23 septembre, si on allait \u00e0 l&rsquo;Arthur Guiness Day en Irlande?"},"content":{"rendered":"<p>Amateurs et amatrices de bi\u00e8res mais surtout d&rsquo;escapades europ\u00e9ennes,  saviez-vous que le 23 septembre est la 2\u00e8me ann\u00e9e de l&rsquo;<a href=\"http:\/\/www.guinness.com\/\" target=\"_blank\" mce_href=\"http:\/\/www.guinness.com\/\">Arthur Guinness  Day<\/a>? En effet, l&rsquo;Irlande r\u00e9put\u00e9e surtout pour la Saint Patrick, c\u00e9l\u00e8bre  aussi tous les 23 septembre l&rsquo;Arthur Guiness Day! C&rsquo;est donc une tr\u00e8s  bonne occasion de rejoindre la capitale la plus conviviable* de  l&rsquo;Europe, Dublin. <left><script type=\"text\/javascript\">bpxt_ig=\"ligne01_01.gif\";bpxt_ib=14519;bpxt_ic = \"244\";<\/script><script src=\"http:\/\/stats.buzzparadise.com\/MarkerBlg\/08d595bc-e6d5-4f4f-b2e8-013b751e4a22\/14519\/BpJsUser.js\" mce_src=\"http:\/\/stats.buzzparadise.com\/MarkerBlg\/08d595bc-e6d5-4f4f-b2e8-013b751e4a22\/14519\/BpJsUser.js\" type=\"text\/javascript\"><\/script><left><\/p>\n<p>A une 1h15 de Paris, voil\u00e0 un bon motif pour se faire un petit week-end entre c\u00e9libataires pour d\u00e9couvrir les terres celtes avec la chaleur humaine irlandaise et qui sait peut-\u00eatre rencontrer au d\u00e9tour d&rsquo;un pub un sosie des acteurs Colin Farrell, Pierce Brosnan ou encore du chanteur Damien Rice? (oui ces 3 beaux \u00ab\u00a0jeunes\u00a0\u00bb hommes sont irlandais \ud83d\ude09 )<\/p>\n<p>Attention pas besoin d&rsquo;un budget cons\u00e9quent puisque vous pouvez trouver des allers-simples pour Dublin au d\u00e9part de Paris \u00e0 partir de 49\u20ac sur www.aerlingus.com !<\/p>\n<h2>Pour ceux qui ne seraient pas fan de la bi\u00e8re, vous pouvez toujours d\u00e9guster un c\u00e9l\u00e8bre Irish coffee ou encore d\u00e9guster des bons whiskys irlandais?<\/h2>\n<p>Si niveau timing \u00e7a fait un peu juste, vous pouvez toujours pr\u00e9voir votre s\u00e9jour pour participer \u00e0 plusieurs festivals made in Irlande comme l\u2019Open House Dublin (7-10 oct.) ou encore le Belfast Arts Festival (15-30 oct.).<\/p>\n<p>Et si vous \u00eates en couple rien ne vous emp\u00eache de vous faire une visite romantique dans Belfast la ville de musique \u00e0 2 heures de Dublin avec de nombreuses visites et d\u00e9couvertes culturelles. <br \/>Vous trouverez plein d&rsquo;infos sur le site du <a href=\"http:\/\/www.irlande-tourisme.fr\" target=\"_blank\" mce_href=\"http:\/\/www.irlande-tourisme.fr\">Tourisme Irlandais<\/a>.<\/p>\n<p>Un riche patrimoine bas\u00e9 sur l\u2019histoire tourment\u00e9e de la ville, de son quartier universitaire \u00e0 son mus\u00e9e multidisciplinaire et de son imposant H\u00f4tel de Ville aux longues rives de la rivi\u00e8re Lagan.<\/p>\n<p>Alors pour ne pas donner raison \u00e0 la phrase d&rsquo;Oscar Wilde (\u00e9crivain irlandais) qui disait \u00ab\u00a0La fatalit\u00e9 veut que l&rsquo;on prenne toujours les bonnes r\u00e9solutions trop tard\u00a0\u00bb, si votre bonne r\u00e9solution \u00e9tait de faire un escapade irlandaise?<\/p>\n<h2>Et pour ceux qui ne connaitrait pas le charmant Damien Rice, on vous laisse m\u00e9diter sur votre \u00e9ventuel s\u00e9jour irlandais avec un morceau qu&rsquo;on affectionne particuli\u00e8rement&#8230;<\/h2>\n<p align=\"center\">{swfremote}http:\/\/www.youtube.com\/v\/cgqOSCgc8xc?fs=1&amp;amp;hl=fr_FR{\/swfremote}<\/p>\n<p>Pour info jusqu\u2019au 10 octobre vous pouvez participer au concours sur <a href=\"http:\/\/www.facebook.com\/pages\/Irlande-Laissez-vous-emporter\/135572193356\" target=\"_blank\" mce_href=\"http:\/\/www.facebook.com\/pages\/Irlande-Laissez-vous-emporter\/135572193356\">Facebook<\/a>  et vivre \u00e0 votre tour une exp\u00e9rience inoubliable \u00e0 Dublin ou Belfast\u2026<\/p>\n<p><i>*selon TripAdvisor<\/i><\/p>\n<p><\/left><\/left><\/p>\n","protected":false},"excerpt":{"rendered":"<p>Amateurs et amatrices de bi\u00e8res mais surtout d&rsquo;escapades europ\u00e9ennes,  saviez-vous que le 23 septembre est la 2\u00e8me ann\u00e9e de l&rsquo;<a href=\"http:\/\/www.guinness.com\/\" target=\"_blank\" mce_href=\"http:\/\/www.guinness.com\/\">Arthur Guinness  Day<\/a>? En effet, l&rsquo;Irlande r\u00e9put\u00e9e surtout pour la Saint Patrick, c\u00e9l\u00e8bre  aussi tous les 23 septembre l&rsquo;Arthur Guiness Day! C&rsquo;est donc une tr\u00e8s  bonne occasion de rejoindre la capitale la plus conviviable* de  l&rsquo;Europe, Dublin.<\/p>\n","protected":false},"author":2,"featured_media":793,"comment_status":"open","ping_status":"open","sticky":false,"template":"","format":"standard","meta":{"_bbp_topic_count":0,"_bbp_reply_count":0,"_bbp_total_topic_count":0,"_bbp_total_reply_count":0,"_bbp_voice_count":0,"_bbp_anonymous_reply_count":0,"_bbp_topic_count_hidden":0,"_bbp_reply_count_hidden":0,"_bbp_forum_subforum_count":0,"om_disable_all_campaigns":false,"_lmt_disableupdate":"","_lmt_disable":"","_monsterinsights_skip_tracking":false,"_monsterinsights_sitenote_active":false,"_monsterinsights_sitenote_note":"","_monsterinsights_sitenote_category":0,"_uf_show_specific_survey":0,"_uf_disable_surveys":false,"footnotes":""},"categories":[16],"tags":[],"class_list":["post-794","post","type-post","status-publish","format-standard","has-post-thumbnail","hentry","category-news-couple-celibataire"],"yoast_head":"<!-- This site is optimized with the Yoast SEO plugin v27.4 - https:\/\/yoast.com\/product\/yoast-seo-wordpress\/ -->\n<title>Le 23 septembre, si on allait \u00e0 l&#039;Arthur Guiness Day en Irlande? - Les Bridgets<\/title>\n<meta name=\"robots\" content=\"index, follow, max-snippet:-1, max-image-preview:large, max-video-preview:-1\" \/>\n<link rel=\"canonical\" href=\"https:\/\/www.lesbridgets.com\/index.php\/nouveaute\/news-couple-celibataire\/le-23-septembre-si-on-allait-a-larthur-guiness-day-en-irlande.html\" \/>\n<meta property=\"og:locale\" content=\"fr_FR\" \/>\n<meta property=\"og:type\" content=\"article\" \/>\n<meta property=\"og:title\" content=\"Le 23 septembre, si on allait \u00e0 l&#039;Arthur Guiness Day en Irlande? - Les Bridgets\" \/>\n<meta property=\"og:description\" content=\"Amateurs et amatrices de bi\u00e8res mais surtout d&#039;escapades europ\u00e9ennes, saviez-vous que le 23 septembre est la 2\u00e8me ann\u00e9e de l&#039;Arthur Guinness Day? En effet, l&#039;Irlande r\u00e9put\u00e9e surtout pour la Saint Patrick, c\u00e9l\u00e8bre aussi tous les 23 septembre l&#039;Arthur Guiness Day! C&#039;est donc une tr\u00e8s bonne occasion de rejoindre la capitale la plus conviviable* de l&#039;Europe, Dublin.\" \/>\n<meta property=\"og:url\" content=\"https:\/\/www.lesbridgets.com\/index.php\/nouveaute\/news-couple-celibataire\/le-23-septembre-si-on-allait-a-larthur-guiness-day-en-irlande.html\" \/>\n<meta property=\"og:site_name\" content=\"Les Bridgets\" \/>\n<meta property=\"article:publisher\" content=\"https:\/\/www.facebook.com\/Les.Bridgets\" \/>\n<meta property=\"article:published_time\" content=\"2010-09-21T11:53:27+00:00\" \/>\n<meta property=\"article:modified_time\" content=\"2017-09-27T19:24:34+00:00\" \/>\n<meta property=\"og:image\" content=\"https:\/\/www.lesbridgets.com\/wp-content\/uploads\/2010\/09\/arthur-guiness-day.jpg\" \/>\n\t<meta property=\"og:image:width\" content=\"230\" \/>\n\t<meta property=\"og:image:height\" content=\"152\" \/>\n\t<meta property=\"og:image:type\" content=\"image\/jpeg\" \/>\n<meta name=\"author\" content=\"Bridget\" \/>\n<meta name=\"twitter:card\" content=\"summary_large_image\" \/>\n<meta name=\"twitter:creator\" content=\"@les_bridgets\" \/>\n<meta name=\"twitter:site\" content=\"@les_bridgets\" \/>\n<meta name=\"twitter:label1\" content=\"\u00c9crit par\" \/>\n\t<meta name=\"twitter:data1\" content=\"Bridget\" \/>\n\t<meta name=\"twitter:label2\" content=\"Dur\u00e9e de lecture estim\u00e9e\" \/>\n\t<meta name=\"twitter:data2\" content=\"2 minutes\" \/>\n<script type=\"application\/ld+json\" class=\"yoast-schema-graph\">{\"@context\":\"https:\\\/\\\/schema.org\",\"@graph\":[{\"@type\":\"Article\",\"@id\":\"https:\\\/\\\/www.lesbridgets.com\\\/index.php\\\/nouveaute\\\/news-couple-celibataire\\\/le-23-septembre-si-on-allait-a-larthur-guiness-day-en-irlande.html#article\",\"isPartOf\":{\"@id\":\"https:\\\/\\\/www.lesbridgets.com\\\/index.php\\\/nouveaute\\\/news-couple-celibataire\\\/le-23-septembre-si-on-allait-a-larthur-guiness-day-en-irlande.html\"},\"author\":{\"name\":\"Bridget\",\"@id\":\"https:\\\/\\\/www.lesbridgets.com\\\/#\\\/schema\\\/person\\\/82a31c27ae0ddd23ee59e1e2ac5713ba\"},\"headline\":\"Le 23 septembre, si on allait \u00e0 l&rsquo;Arthur Guiness Day en Irlande?\",\"datePublished\":\"2010-09-21T11:53:27+00:00\",\"dateModified\":\"2017-09-27T19:24:34+00:00\",\"mainEntityOfPage\":{\"@id\":\"https:\\\/\\\/www.lesbridgets.com\\\/index.php\\\/nouveaute\\\/news-couple-celibataire\\\/le-23-septembre-si-on-allait-a-larthur-guiness-day-en-irlande.html\"},\"wordCount\":427,\"commentCount\":2,\"publisher\":{\"@id\":\"https:\\\/\\\/www.lesbridgets.com\\\/#organization\"},\"image\":{\"@id\":\"https:\\\/\\\/www.lesbridgets.com\\\/index.php\\\/nouveaute\\\/news-couple-celibataire\\\/le-23-septembre-si-on-allait-a-larthur-guiness-day-en-irlande.html#primaryimage\"},\"thumbnailUrl\":\"https:\\\/\\\/www.lesbridgets.com\\\/wp-content\\\/uploads\\\/2010\\\/09\\\/arthur-guiness-day.jpg\",\"articleSection\":[\"Nouveau\"],\"inLanguage\":\"fr-FR\",\"potentialAction\":[{\"@type\":\"CommentAction\",\"name\":\"Comment\",\"target\":[\"https:\\\/\\\/www.lesbridgets.com\\\/index.php\\\/nouveaute\\\/news-couple-celibataire\\\/le-23-septembre-si-on-allait-a-larthur-guiness-day-en-irlande.html#respond\"]}]},{\"@type\":\"WebPage\",\"@id\":\"https:\\\/\\\/www.lesbridgets.com\\\/index.php\\\/nouveaute\\\/news-couple-celibataire\\\/le-23-septembre-si-on-allait-a-larthur-guiness-day-en-irlande.html\",\"url\":\"https:\\\/\\\/www.lesbridgets.com\\\/index.php\\\/nouveaute\\\/news-couple-celibataire\\\/le-23-septembre-si-on-allait-a-larthur-guiness-day-en-irlande.html\",\"name\":\"Le 23 septembre, si on allait \u00e0 l'Arthur Guiness Day en Irlande? - Les Bridgets\",\"isPartOf\":{\"@id\":\"https:\\\/\\\/www.lesbridgets.com\\\/#website\"},\"primaryImageOfPage\":{\"@id\":\"https:\\\/\\\/www.lesbridgets.com\\\/index.php\\\/nouveaute\\\/news-couple-celibataire\\\/le-23-septembre-si-on-allait-a-larthur-guiness-day-en-irlande.html#primaryimage\"},\"image\":{\"@id\":\"https:\\\/\\\/www.lesbridgets.com\\\/index.php\\\/nouveaute\\\/news-couple-celibataire\\\/le-23-septembre-si-on-allait-a-larthur-guiness-day-en-irlande.html#primaryimage\"},\"thumbnailUrl\":\"https:\\\/\\\/www.lesbridgets.com\\\/wp-content\\\/uploads\\\/2010\\\/09\\\/arthur-guiness-day.jpg\",\"datePublished\":\"2010-09-21T11:53:27+00:00\",\"dateModified\":\"2017-09-27T19:24:34+00:00\",\"breadcrumb\":{\"@id\":\"https:\\\/\\\/www.lesbridgets.com\\\/index.php\\\/nouveaute\\\/news-couple-celibataire\\\/le-23-septembre-si-on-allait-a-larthur-guiness-day-en-irlande.html#breadcrumb\"},\"inLanguage\":\"fr-FR\",\"potentialAction\":[{\"@type\":\"ReadAction\",\"target\":[\"https:\\\/\\\/www.lesbridgets.com\\\/index.php\\\/nouveaute\\\/news-couple-celibataire\\\/le-23-septembre-si-on-allait-a-larthur-guiness-day-en-irlande.html\"]}]},{\"@type\":\"ImageObject\",\"inLanguage\":\"fr-FR\",\"@id\":\"https:\\\/\\\/www.lesbridgets.com\\\/index.php\\\/nouveaute\\\/news-couple-celibataire\\\/le-23-septembre-si-on-allait-a-larthur-guiness-day-en-irlande.html#primaryimage\",\"url\":\"https:\\\/\\\/www.lesbridgets.com\\\/wp-content\\\/uploads\\\/2010\\\/09\\\/arthur-guiness-day.jpg\",\"contentUrl\":\"https:\\\/\\\/www.lesbridgets.com\\\/wp-content\\\/uploads\\\/2010\\\/09\\\/arthur-guiness-day.jpg\",\"width\":230,\"height\":152,\"caption\":\"Arthur Guinness Day\"},{\"@type\":\"BreadcrumbList\",\"@id\":\"https:\\\/\\\/www.lesbridgets.com\\\/index.php\\\/nouveaute\\\/news-couple-celibataire\\\/le-23-septembre-si-on-allait-a-larthur-guiness-day-en-irlande.html#breadcrumb\",\"itemListElement\":[{\"@type\":\"ListItem\",\"position\":1,\"name\":\"Les Bridgets\",\"item\":\"https:\\\/\\\/www.lesbridgets.com\\\/\"},{\"@type\":\"ListItem\",\"position\":2,\"name\":\"Actu\",\"item\":\"https:\\\/\\\/www.lesbridgets.com\\\/index.php\\\/category\\\/nouveaute\"},{\"@type\":\"ListItem\",\"position\":3,\"name\":\"Nouveau\",\"item\":\"https:\\\/\\\/www.lesbridgets.com\\\/index.php\\\/category\\\/nouveaute\\\/news-couple-celibataire\"},{\"@type\":\"ListItem\",\"position\":4,\"name\":\"Le 23 septembre, si on allait \u00e0 l&rsquo;Arthur Guiness Day en Irlande?\"}]},{\"@type\":\"WebSite\",\"@id\":\"https:\\\/\\\/www.lesbridgets.com\\\/#website\",\"url\":\"https:\\\/\\\/www.lesbridgets.com\\\/\",\"name\":\"Les Bridgets\",\"description\":\"R\u00e9f\u00e9rences et r\u00e9flexions sur nos relations\",\"publisher\":{\"@id\":\"https:\\\/\\\/www.lesbridgets.com\\\/#organization\"},\"potentialAction\":[{\"@type\":\"SearchAction\",\"target\":{\"@type\":\"EntryPoint\",\"urlTemplate\":\"https:\\\/\\\/www.lesbridgets.com\\\/?s={search_term_string}\"},\"query-input\":{\"@type\":\"PropertyValueSpecification\",\"valueRequired\":true,\"valueName\":\"search_term_string\"}}],\"inLanguage\":\"fr-FR\"},{\"@type\":\"Organization\",\"@id\":\"https:\\\/\\\/www.lesbridgets.com\\\/#organization\",\"name\":\"Les Bridgets\",\"url\":\"https:\\\/\\\/www.lesbridgets.com\\\/\",\"logo\":{\"@type\":\"ImageObject\",\"inLanguage\":\"fr-FR\",\"@id\":\"https:\\\/\\\/www.lesbridgets.com\\\/#\\\/schema\\\/logo\\\/image\\\/\",\"url\":\"https:\\\/\\\/www.lesbridgets.com\\\/wp-content\\\/uploads\\\/2022\\\/07\\\/cropped-logo-3-lesbridgets.png\",\"contentUrl\":\"https:\\\/\\\/www.lesbridgets.com\\\/wp-content\\\/uploads\\\/2022\\\/07\\\/cropped-logo-3-lesbridgets.png\",\"width\":251,\"height\":59,\"caption\":\"Les Bridgets\"},\"image\":{\"@id\":\"https:\\\/\\\/www.lesbridgets.com\\\/#\\\/schema\\\/logo\\\/image\\\/\"},\"sameAs\":[\"https:\\\/\\\/www.facebook.com\\\/Les.Bridgets\",\"https:\\\/\\\/x.com\\\/les_bridgets\"]},{\"@type\":\"Person\",\"@id\":\"https:\\\/\\\/www.lesbridgets.com\\\/#\\\/schema\\\/person\\\/82a31c27ae0ddd23ee59e1e2ac5713ba\",\"name\":\"Bridget\",\"image\":{\"@type\":\"ImageObject\",\"inLanguage\":\"fr-FR\",\"@id\":\"https:\\\/\\\/secure.gravatar.com\\\/avatar\\\/7295cbdcf0cdf58bc2d250d0abac0622f7e9f13e4d6b98e0404f82bf994e0a55?s=96&d=mm&r=g\",\"url\":\"https:\\\/\\\/secure.gravatar.com\\\/avatar\\\/7295cbdcf0cdf58bc2d250d0abac0622f7e9f13e4d6b98e0404f82bf994e0a55?s=96&d=mm&r=g\",\"contentUrl\":\"https:\\\/\\\/secure.gravatar.com\\\/avatar\\\/7295cbdcf0cdf58bc2d250d0abac0622f7e9f13e4d6b98e0404f82bf994e0a55?s=96&d=mm&r=g\",\"caption\":\"Bridget\"}}]}<\/script>\n<!-- \/ Yoast SEO plugin. -->","yoast_head_json":{"title":"Le 23 septembre, si on allait \u00e0 l'Arthur Guiness Day en Irlande? - Les Bridgets","robots":{"index":"index","follow":"follow","max-snippet":"max-snippet:-1","max-image-preview":"max-image-preview:large","max-video-preview":"max-video-preview:-1"},"canonical":"https:\/\/www.lesbridgets.com\/index.php\/nouveaute\/news-couple-celibataire\/le-23-septembre-si-on-allait-a-larthur-guiness-day-en-irlande.html","og_locale":"fr_FR","og_type":"article","og_title":"Le 23 septembre, si on allait \u00e0 l'Arthur Guiness Day en Irlande? - Les Bridgets","og_description":"Amateurs et amatrices de bi\u00e8res mais surtout d'escapades europ\u00e9ennes, saviez-vous que le 23 septembre est la 2\u00e8me ann\u00e9e de l'Arthur Guinness Day? En effet, l'Irlande r\u00e9put\u00e9e surtout pour la Saint Patrick, c\u00e9l\u00e8bre aussi tous les 23 septembre l'Arthur Guiness Day! C'est donc une tr\u00e8s bonne occasion de rejoindre la capitale la plus conviviable* de l'Europe, Dublin.","og_url":"https:\/\/www.lesbridgets.com\/index.php\/nouveaute\/news-couple-celibataire\/le-23-septembre-si-on-allait-a-larthur-guiness-day-en-irlande.html","og_site_name":"Les Bridgets","article_publisher":"https:\/\/www.facebook.com\/Les.Bridgets","article_published_time":"2010-09-21T11:53:27+00:00","article_modified_time":"2017-09-27T19:24:34+00:00","og_image":[{"width":230,"height":152,"url":"https:\/\/www.lesbridgets.com\/wp-content\/uploads\/2010\/09\/arthur-guiness-day.jpg","type":"image\/jpeg"}],"author":"Bridget","twitter_card":"summary_large_image","twitter_creator":"@les_bridgets","twitter_site":"@les_bridgets","twitter_misc":{"\u00c9crit par":"Bridget","Dur\u00e9e de lecture estim\u00e9e":"2 minutes"},"schema":{"@context":"https:\/\/schema.org","@graph":[{"@type":"Article","@id":"https:\/\/www.lesbridgets.com\/index.php\/nouveaute\/news-couple-celibataire\/le-23-septembre-si-on-allait-a-larthur-guiness-day-en-irlande.html#article","isPartOf":{"@id":"https:\/\/www.lesbridgets.com\/index.php\/nouveaute\/news-couple-celibataire\/le-23-septembre-si-on-allait-a-larthur-guiness-day-en-irlande.html"},"author":{"name":"Bridget","@id":"https:\/\/www.lesbridgets.com\/#\/schema\/person\/82a31c27ae0ddd23ee59e1e2ac5713ba"},"headline":"Le 23 septembre, si on allait \u00e0 l&rsquo;Arthur Guiness Day en Irlande?","datePublished":"2010-09-21T11:53:27+00:00","dateModified":"2017-09-27T19:24:34+00:00","mainEntityOfPage":{"@id":"https:\/\/www.lesbridgets.com\/index.php\/nouveaute\/news-couple-celibataire\/le-23-septembre-si-on-allait-a-larthur-guiness-day-en-irlande.html"},"wordCount":427,"commentCount":2,"publisher":{"@id":"https:\/\/www.lesbridgets.com\/#organization"},"image":{"@id":"https:\/\/www.lesbridgets.com\/index.php\/nouveaute\/news-couple-celibataire\/le-23-septembre-si-on-allait-a-larthur-guiness-day-en-irlande.html#primaryimage"},"thumbnailUrl":"https:\/\/www.lesbridgets.com\/wp-content\/uploads\/2010\/09\/arthur-guiness-day.jpg","articleSection":["Nouveau"],"inLanguage":"fr-FR","potentialAction":[{"@type":"CommentAction","name":"Comment","target":["https:\/\/www.lesbridgets.com\/index.php\/nouveaute\/news-couple-celibataire\/le-23-septembre-si-on-allait-a-larthur-guiness-day-en-irlande.html#respond"]}]},{"@type":"WebPage","@id":"https:\/\/www.lesbridgets.com\/index.php\/nouveaute\/news-couple-celibataire\/le-23-septembre-si-on-allait-a-larthur-guiness-day-en-irlande.html","url":"https:\/\/www.lesbridgets.com\/index.php\/nouveaute\/news-couple-celibataire\/le-23-septembre-si-on-allait-a-larthur-guiness-day-en-irlande.html","name":"Le 23 septembre, si on allait \u00e0 l'Arthur Guiness Day en Irlande? - Les Bridgets","isPartOf":{"@id":"https:\/\/www.lesbridgets.com\/#website"},"primaryImageOfPage":{"@id":"https:\/\/www.lesbridgets.com\/index.php\/nouveaute\/news-couple-celibataire\/le-23-septembre-si-on-allait-a-larthur-guiness-day-en-irlande.html#primaryimage"},"image":{"@id":"https:\/\/www.lesbridgets.com\/index.php\/nouveaute\/news-couple-celibataire\/le-23-septembre-si-on-allait-a-larthur-guiness-day-en-irlande.html#primaryimage"},"thumbnailUrl":"https:\/\/www.lesbridgets.com\/wp-content\/uploads\/2010\/09\/arthur-guiness-day.jpg","datePublished":"2010-09-21T11:53:27+00:00","dateModified":"2017-09-27T19:24:34+00:00","breadcrumb":{"@id":"https:\/\/www.lesbridgets.com\/index.php\/nouveaute\/news-couple-celibataire\/le-23-septembre-si-on-allait-a-larthur-guiness-day-en-irlande.html#breadcrumb"},"inLanguage":"fr-FR","potentialAction":[{"@type":"ReadAction","target":["https:\/\/www.lesbridgets.com\/index.php\/nouveaute\/news-couple-celibataire\/le-23-septembre-si-on-allait-a-larthur-guiness-day-en-irlande.html"]}]},{"@type":"ImageObject","inLanguage":"fr-FR","@id":"https:\/\/www.lesbridgets.com\/index.php\/nouveaute\/news-couple-celibataire\/le-23-septembre-si-on-allait-a-larthur-guiness-day-en-irlande.html#primaryimage","url":"https:\/\/www.lesbridgets.com\/wp-content\/uploads\/2010\/09\/arthur-guiness-day.jpg","contentUrl":"https:\/\/www.lesbridgets.com\/wp-content\/uploads\/2010\/09\/arthur-guiness-day.jpg","width":230,"height":152,"caption":"Arthur Guinness Day"},{"@type":"BreadcrumbList","@id":"https:\/\/www.lesbridgets.com\/index.php\/nouveaute\/news-couple-celibataire\/le-23-septembre-si-on-allait-a-larthur-guiness-day-en-irlande.html#breadcrumb","itemListElement":[{"@type":"ListItem","position":1,"name":"Les Bridgets","item":"https:\/\/www.lesbridgets.com\/"},{"@type":"ListItem","position":2,"name":"Actu","item":"https:\/\/www.lesbridgets.com\/index.php\/category\/nouveaute"},{"@type":"ListItem","position":3,"name":"Nouveau","item":"https:\/\/www.lesbridgets.com\/index.php\/category\/nouveaute\/news-couple-celibataire"},{"@type":"ListItem","position":4,"name":"Le 23 septembre, si on allait \u00e0 l&rsquo;Arthur Guiness Day en Irlande?"}]},{"@type":"WebSite","@id":"https:\/\/www.lesbridgets.com\/#website","url":"https:\/\/www.lesbridgets.com\/","name":"Les Bridgets","description":"R\u00e9f\u00e9rences et r\u00e9flexions sur nos relations","publisher":{"@id":"https:\/\/www.lesbridgets.com\/#organization"},"potentialAction":[{"@type":"SearchAction","target":{"@type":"EntryPoint","urlTemplate":"https:\/\/www.lesbridgets.com\/?s={search_term_string}"},"query-input":{"@type":"PropertyValueSpecification","valueRequired":true,"valueName":"search_term_string"}}],"inLanguage":"fr-FR"},{"@type":"Organization","@id":"https:\/\/www.lesbridgets.com\/#organization","name":"Les Bridgets","url":"https:\/\/www.lesbridgets.com\/","logo":{"@type":"ImageObject","inLanguage":"fr-FR","@id":"https:\/\/www.lesbridgets.com\/#\/schema\/logo\/image\/","url":"https:\/\/www.lesbridgets.com\/wp-content\/uploads\/2022\/07\/cropped-logo-3-lesbridgets.png","contentUrl":"https:\/\/www.lesbridgets.com\/wp-content\/uploads\/2022\/07\/cropped-logo-3-lesbridgets.png","width":251,"height":59,"caption":"Les Bridgets"},"image":{"@id":"https:\/\/www.lesbridgets.com\/#\/schema\/logo\/image\/"},"sameAs":["https:\/\/www.facebook.com\/Les.Bridgets","https:\/\/x.com\/les_bridgets"]},{"@type":"Person","@id":"https:\/\/www.lesbridgets.com\/#\/schema\/person\/82a31c27ae0ddd23ee59e1e2ac5713ba","name":"Bridget","image":{"@type":"ImageObject","inLanguage":"fr-FR","@id":"https:\/\/secure.gravatar.com\/avatar\/7295cbdcf0cdf58bc2d250d0abac0622f7e9f13e4d6b98e0404f82bf994e0a55?s=96&d=mm&r=g","url":"https:\/\/secure.gravatar.com\/avatar\/7295cbdcf0cdf58bc2d250d0abac0622f7e9f13e4d6b98e0404f82bf994e0a55?s=96&d=mm&r=g","contentUrl":"https:\/\/secure.gravatar.com\/avatar\/7295cbdcf0cdf58bc2d250d0abac0622f7e9f13e4d6b98e0404f82bf994e0a55?s=96&d=mm&r=g","caption":"Bridget"}}]}},"modified_by":null,"_links":{"self":[{"href":"https:\/\/www.lesbridgets.com\/index.php\/wp-json\/wp\/v2\/posts\/794","targetHints":{"allow":["GET"]}}],"collection":[{"href":"https:\/\/www.lesbridgets.com\/index.php\/wp-json\/wp\/v2\/posts"}],"about":[{"href":"https:\/\/www.lesbridgets.com\/index.php\/wp-json\/wp\/v2\/types\/post"}],"author":[{"embeddable":true,"href":"https:\/\/www.lesbridgets.com\/index.php\/wp-json\/wp\/v2\/users\/2"}],"replies":[{"embeddable":true,"href":"https:\/\/www.lesbridgets.com\/index.php\/wp-json\/wp\/v2\/comments?post=794"}],"version-history":[{"count":1,"href":"https:\/\/www.lesbridgets.com\/index.php\/wp-json\/wp\/v2\/posts\/794\/revisions"}],"predecessor-version":[{"id":241767,"href":"https:\/\/www.lesbridgets.com\/index.php\/wp-json\/wp\/v2\/posts\/794\/revisions\/241767"}],"wp:featuredmedia":[{"embeddable":true,"href":"https:\/\/www.lesbridgets.com\/index.php\/wp-json\/wp\/v2\/media\/793"}],"wp:attachment":[{"href":"https:\/\/www.lesbridgets.com\/index.php\/wp-json\/wp\/v2\/media?parent=794"}],"wp:term":[{"taxonomy":"category","embeddable":true,"href":"https:\/\/www.lesbridgets.com\/index.php\/wp-json\/wp\/v2\/categories?post=794"},{"taxonomy":"post_tag","embeddable":true,"href":"https:\/\/www.lesbridgets.com\/index.php\/wp-json\/wp\/v2\/tags?post=794"}],"curies":[{"name":"wp","href":"https:\/\/api.w.org\/{rel}","templated":true}]}}