{"id":792,"date":"2010-09-14T17:42:12","date_gmt":"2010-09-14T15:42:12","guid":{"rendered":"http:\/\/lesbridg.cluster015.ovh.net\/wordpress\/index.php\/films-romantiques-sur-le-couple-et-le-celibat\/concours-julia-roberts-mange-prie-aime-javier-bardem-le-22-septembre-au-cinema.html"},"modified":"2019-12-10T12:57:27","modified_gmt":"2019-12-10T11:57:27","slug":"concours-julia-roberts-mange-prie-aime-javier-bardem-le-22-septembre-au-cinema","status":"publish","type":"post","link":"https:\/\/www.lesbridgets.com\/index.php\/references\/films\/concours-julia-roberts-mange-prie-aime-javier-bardem-le-22-septembre-au-cinema.html","title":{"rendered":"Julia Roberts Mange Prie Aime avec Javier Bardem"},"content":{"rendered":"<p>Le film Mange Prie Aime avec Julia Roberts est un film spirituel avec beaucoup de remises en question sur la vie et visiblement une bonne crise de la quarantaine.<\/p>\n<p>En fait, c&rsquo;est un peu ce qui pourrait arriver \u00e0 toutes les Bridgets ayant accompli leur vie dans le sens global o\u00f9 tout le monde l&rsquo;entend : un travail qui leur plait, de beaux enfants et UN DIVORCE.<\/p>\n<p><img loading=\"lazy\" decoding=\"async\" class=\"alignnone wp-image-249677 size-full aligncenter\" src=\"https:\/\/www.lesbridgets.com\/wp-content\/uploads\/2010\/09\/mange-prie-aime-javier-bardem-julia-robert.png\" alt=\"\" width=\"800\" height=\"533\" srcset=\"https:\/\/www.lesbridgets.com\/wp-content\/uploads\/2010\/09\/mange-prie-aime-javier-bardem-julia-robert.png 800w, https:\/\/www.lesbridgets.com\/wp-content\/uploads\/2010\/09\/mange-prie-aime-javier-bardem-julia-robert-300x200.png 300w, https:\/\/www.lesbridgets.com\/wp-content\/uploads\/2010\/09\/mange-prie-aime-javier-bardem-julia-robert-768x512.png 768w, https:\/\/www.lesbridgets.com\/wp-content\/uploads\/2010\/09\/mange-prie-aime-javier-bardem-julia-robert-600x400.png 600w\" sizes=\"auto, (max-width: 800px) 100vw, 800px\" \/><\/p>\n<h2>L&rsquo;histoire de Mange, Prie, Aime<\/h2>\n<p>Suite \u00e0 son divorce, l&rsquo;h\u00e9roine est insatisfaite, il lui manque la joie de vivre alors elle d\u00e9cide de prendre une ann\u00e9e sabatique pour penser \u00e0 elle et profiter de la vie.<br \/>\nEt comme elle a beaucoup d&rsquo;argent de c\u00f4t\u00e9, elle d\u00e9cide de se faire son petit tour du monde personnel :<br \/>\n&#8211; Aller manger en Italie,<br \/>\n&#8211; prier en Inde<br \/>\n&#8211; et aimer Javier Bardem (vu dans <a href=\"https:\/\/www.lesbridgets.com\/index.php\/references\/films\/un-film-qui-bouscule-notre-vision-des-relations-amoureuses.html\" target=\"_blank\" rel=\"noopener noreferrer\">Vicky Christina Barcelona<\/a>) \u00e0 Bali<\/p>\n<p>D\u00e9tail qui a son importance, le livre \u00e0 l&rsquo;origine du film\u00a0est inspir\u00e9e d&rsquo;une histoire vraie.<\/p>\n<h2>La bande annonce pleine de belles images donne envie de prendre un billet d&rsquo;avion<\/h2>\n<div style=\"text-align: center;\"><iframe loading=\"lazy\" src=\"https:\/\/www.youtube.com\/embed\/NT7oKIwiLkA\" width=\"750\" height=\"422\" frameborder=\"0\" allowfullscreen=\"allowfullscreen\"><\/iframe><\/div>\n<p>&nbsp;<\/p>\n<p>Une com\u00e9die am\u00e9ricaine qui fait passer un bon moment, avec un sch\u00e9ma que l&rsquo;on voit de plus en plus \u00e0 l&rsquo;\u00e9cran comme avec <a href=\"https:\/\/www.lesbridgets.com\/index.php\/references\/films\/concours-lage-de-raison-avec-sophie-marceau-rien-avoir-avec-bridget-jones-2.html\" target=\"_blank\" rel=\"noopener noreferrer\">Sophie Marceau dans L&rsquo;\u00e2ge de raison<\/a>.<\/p>\n<p>Des femmes qui n&rsquo;ont plus de culpabilit\u00e9 \u00e0 avoir besoin de souffler m\u00eame quand elles sont \u00ab\u00a0accomplies\u00a0\u00bb.<\/p>\n<p>Film sorti au cin\u00e9ma le 22 Septembre 2010<\/p>\n","protected":false},"excerpt":{"rendered":"<p>Le film Mange Prie Aime avec Julia Roberts <b><a href=\"http:\/\/www.cinetrafic.fr\/film\/26948\/mange-prie-aime\" target=\"_blank\" rel=\"noopener noreferrer\">Mange, Prie, Aime<\/a><\/b>\u00a0est un film\u00a0spirituel avec beaucoup de remises en question sur la vie et visiblement une bonne crise de la quarantaine.<\/p>\n","protected":false},"author":2,"featured_media":247932,"comment_status":"open","ping_status":"open","sticky":false,"template":"","format":"standard","meta":{"_bbp_topic_count":0,"_bbp_reply_count":0,"_bbp_total_topic_count":0,"_bbp_total_reply_count":0,"_bbp_voice_count":0,"_bbp_anonymous_reply_count":0,"_bbp_topic_count_hidden":0,"_bbp_reply_count_hidden":0,"_bbp_forum_subforum_count":0,"om_disable_all_campaigns":false,"_lmt_disableupdate":"no","_lmt_disable":"","_monsterinsights_skip_tracking":false,"_monsterinsights_sitenote_active":false,"_monsterinsights_sitenote_note":"","_monsterinsights_sitenote_category":0,"_uf_show_specific_survey":0,"_uf_disable_surveys":false,"footnotes":""},"categories":[28],"tags":[],"class_list":["post-792","post","type-post","status-publish","format-standard","has-post-thumbnail","hentry","category-films"],"yoast_head":"<!-- This site is optimized with the Yoast SEO plugin v27.4 - https:\/\/yoast.com\/product\/yoast-seo-wordpress\/ -->\n<title>Julia Roberts Mange Prie Aime avec Javier Bardem - Les Bridgets<\/title>\n<meta name=\"robots\" content=\"index, follow, max-snippet:-1, max-image-preview:large, max-video-preview:-1\" \/>\n<link rel=\"canonical\" href=\"https:\/\/www.lesbridgets.com\/index.php\/references\/films\/concours-julia-roberts-mange-prie-aime-javier-bardem-le-22-septembre-au-cinema.html\" \/>\n<meta property=\"og:locale\" content=\"fr_FR\" \/>\n<meta property=\"og:type\" content=\"article\" \/>\n<meta property=\"og:title\" content=\"Julia Roberts Mange Prie Aime avec Javier Bardem - Les Bridgets\" \/>\n<meta property=\"og:description\" content=\"Le film Mange Prie Aime avec Julia Roberts Mange, Prie, Aime\u00a0est un film\u00a0spirituel avec beaucoup de remises en question sur la vie et visiblement une bonne crise de la quarantaine.\" \/>\n<meta property=\"og:url\" content=\"https:\/\/www.lesbridgets.com\/index.php\/references\/films\/concours-julia-roberts-mange-prie-aime-javier-bardem-le-22-septembre-au-cinema.html\" \/>\n<meta property=\"og:site_name\" content=\"Les Bridgets\" \/>\n<meta property=\"article:publisher\" content=\"https:\/\/www.facebook.com\/Les.Bridgets\" \/>\n<meta property=\"article:published_time\" content=\"2010-09-14T15:42:12+00:00\" \/>\n<meta property=\"article:modified_time\" content=\"2019-12-10T11:57:27+00:00\" \/>\n<meta property=\"og:image\" content=\"https:\/\/www.lesbridgets.com\/wp-content\/uploads\/2010\/09\/julia-roberts-dans-mange-prie-aime.jpg\" \/>\n\t<meta property=\"og:image:width\" content=\"800\" \/>\n\t<meta property=\"og:image:height\" content=\"511\" \/>\n\t<meta property=\"og:image:type\" content=\"image\/jpeg\" \/>\n<meta name=\"author\" content=\"Bridget\" \/>\n<meta name=\"twitter:card\" content=\"summary_large_image\" \/>\n<meta name=\"twitter:creator\" content=\"@les_bridgets\" \/>\n<meta name=\"twitter:site\" content=\"@les_bridgets\" \/>\n<meta name=\"twitter:label1\" content=\"\u00c9crit par\" \/>\n\t<meta name=\"twitter:data1\" content=\"Bridget\" \/>\n\t<meta name=\"twitter:label2\" content=\"Dur\u00e9e de lecture estim\u00e9e\" \/>\n\t<meta name=\"twitter:data2\" content=\"1 minute\" \/>\n<script type=\"application\/ld+json\" class=\"yoast-schema-graph\">{\"@context\":\"https:\\\/\\\/schema.org\",\"@graph\":[{\"@type\":\"Article\",\"@id\":\"https:\\\/\\\/www.lesbridgets.com\\\/index.php\\\/references\\\/films\\\/concours-julia-roberts-mange-prie-aime-javier-bardem-le-22-septembre-au-cinema.html#article\",\"isPartOf\":{\"@id\":\"https:\\\/\\\/www.lesbridgets.com\\\/index.php\\\/references\\\/films\\\/concours-julia-roberts-mange-prie-aime-javier-bardem-le-22-septembre-au-cinema.html\"},\"author\":{\"name\":\"Bridget\",\"@id\":\"https:\\\/\\\/www.lesbridgets.com\\\/#\\\/schema\\\/person\\\/82a31c27ae0ddd23ee59e1e2ac5713ba\"},\"headline\":\"Julia Roberts Mange Prie Aime avec Javier Bardem\",\"datePublished\":\"2010-09-14T15:42:12+00:00\",\"dateModified\":\"2019-12-10T11:57:27+00:00\",\"mainEntityOfPage\":{\"@id\":\"https:\\\/\\\/www.lesbridgets.com\\\/index.php\\\/references\\\/films\\\/concours-julia-roberts-mange-prie-aime-javier-bardem-le-22-septembre-au-cinema.html\"},\"wordCount\":250,\"commentCount\":92,\"publisher\":{\"@id\":\"https:\\\/\\\/www.lesbridgets.com\\\/#organization\"},\"image\":{\"@id\":\"https:\\\/\\\/www.lesbridgets.com\\\/index.php\\\/references\\\/films\\\/concours-julia-roberts-mange-prie-aime-javier-bardem-le-22-septembre-au-cinema.html#primaryimage\"},\"thumbnailUrl\":\"https:\\\/\\\/www.lesbridgets.com\\\/wp-content\\\/uploads\\\/2010\\\/09\\\/julia-roberts-dans-mange-prie-aime.jpg\",\"articleSection\":[\"Film\"],\"inLanguage\":\"fr-FR\",\"potentialAction\":[{\"@type\":\"CommentAction\",\"name\":\"Comment\",\"target\":[\"https:\\\/\\\/www.lesbridgets.com\\\/index.php\\\/references\\\/films\\\/concours-julia-roberts-mange-prie-aime-javier-bardem-le-22-septembre-au-cinema.html#respond\"]}]},{\"@type\":\"WebPage\",\"@id\":\"https:\\\/\\\/www.lesbridgets.com\\\/index.php\\\/references\\\/films\\\/concours-julia-roberts-mange-prie-aime-javier-bardem-le-22-septembre-au-cinema.html\",\"url\":\"https:\\\/\\\/www.lesbridgets.com\\\/index.php\\\/references\\\/films\\\/concours-julia-roberts-mange-prie-aime-javier-bardem-le-22-septembre-au-cinema.html\",\"name\":\"Julia Roberts Mange Prie Aime avec Javier Bardem - Les Bridgets\",\"isPartOf\":{\"@id\":\"https:\\\/\\\/www.lesbridgets.com\\\/#website\"},\"primaryImageOfPage\":{\"@id\":\"https:\\\/\\\/www.lesbridgets.com\\\/index.php\\\/references\\\/films\\\/concours-julia-roberts-mange-prie-aime-javier-bardem-le-22-septembre-au-cinema.html#primaryimage\"},\"image\":{\"@id\":\"https:\\\/\\\/www.lesbridgets.com\\\/index.php\\\/references\\\/films\\\/concours-julia-roberts-mange-prie-aime-javier-bardem-le-22-septembre-au-cinema.html#primaryimage\"},\"thumbnailUrl\":\"https:\\\/\\\/www.lesbridgets.com\\\/wp-content\\\/uploads\\\/2010\\\/09\\\/julia-roberts-dans-mange-prie-aime.jpg\",\"datePublished\":\"2010-09-14T15:42:12+00:00\",\"dateModified\":\"2019-12-10T11:57:27+00:00\",\"breadcrumb\":{\"@id\":\"https:\\\/\\\/www.lesbridgets.com\\\/index.php\\\/references\\\/films\\\/concours-julia-roberts-mange-prie-aime-javier-bardem-le-22-septembre-au-cinema.html#breadcrumb\"},\"inLanguage\":\"fr-FR\",\"potentialAction\":[{\"@type\":\"ReadAction\",\"target\":[\"https:\\\/\\\/www.lesbridgets.com\\\/index.php\\\/references\\\/films\\\/concours-julia-roberts-mange-prie-aime-javier-bardem-le-22-septembre-au-cinema.html\"]}]},{\"@type\":\"ImageObject\",\"inLanguage\":\"fr-FR\",\"@id\":\"https:\\\/\\\/www.lesbridgets.com\\\/index.php\\\/references\\\/films\\\/concours-julia-roberts-mange-prie-aime-javier-bardem-le-22-septembre-au-cinema.html#primaryimage\",\"url\":\"https:\\\/\\\/www.lesbridgets.com\\\/wp-content\\\/uploads\\\/2010\\\/09\\\/julia-roberts-dans-mange-prie-aime.jpg\",\"contentUrl\":\"https:\\\/\\\/www.lesbridgets.com\\\/wp-content\\\/uploads\\\/2010\\\/09\\\/julia-roberts-dans-mange-prie-aime.jpg\",\"width\":800,\"height\":511},{\"@type\":\"BreadcrumbList\",\"@id\":\"https:\\\/\\\/www.lesbridgets.com\\\/index.php\\\/references\\\/films\\\/concours-julia-roberts-mange-prie-aime-javier-bardem-le-22-septembre-au-cinema.html#breadcrumb\",\"itemListElement\":[{\"@type\":\"ListItem\",\"position\":1,\"name\":\"Les Bridgets\",\"item\":\"https:\\\/\\\/www.lesbridgets.com\\\/\"},{\"@type\":\"ListItem\",\"position\":2,\"name\":\"R\u00e9f\u00e9rences sur le couple et le c\u00e9libat\",\"item\":\"https:\\\/\\\/www.lesbridgets.com\\\/index.php\\\/category\\\/references\"},{\"@type\":\"ListItem\",\"position\":3,\"name\":\"Film\",\"item\":\"https:\\\/\\\/www.lesbridgets.com\\\/index.php\\\/category\\\/references\\\/films\"},{\"@type\":\"ListItem\",\"position\":4,\"name\":\"Julia Roberts Mange Prie Aime avec Javier Bardem\"}]},{\"@type\":\"WebSite\",\"@id\":\"https:\\\/\\\/www.lesbridgets.com\\\/#website\",\"url\":\"https:\\\/\\\/www.lesbridgets.com\\\/\",\"name\":\"Les Bridgets\",\"description\":\"R\u00e9f\u00e9rences et r\u00e9flexions sur nos relations\",\"publisher\":{\"@id\":\"https:\\\/\\\/www.lesbridgets.com\\\/#organization\"},\"potentialAction\":[{\"@type\":\"SearchAction\",\"target\":{\"@type\":\"EntryPoint\",\"urlTemplate\":\"https:\\\/\\\/www.lesbridgets.com\\\/?s={search_term_string}\"},\"query-input\":{\"@type\":\"PropertyValueSpecification\",\"valueRequired\":true,\"valueName\":\"search_term_string\"}}],\"inLanguage\":\"fr-FR\"},{\"@type\":\"Organization\",\"@id\":\"https:\\\/\\\/www.lesbridgets.com\\\/#organization\",\"name\":\"Les Bridgets\",\"url\":\"https:\\\/\\\/www.lesbridgets.com\\\/\",\"logo\":{\"@type\":\"ImageObject\",\"inLanguage\":\"fr-FR\",\"@id\":\"https:\\\/\\\/www.lesbridgets.com\\\/#\\\/schema\\\/logo\\\/image\\\/\",\"url\":\"https:\\\/\\\/www.lesbridgets.com\\\/wp-content\\\/uploads\\\/2022\\\/07\\\/cropped-logo-3-lesbridgets.png\",\"contentUrl\":\"https:\\\/\\\/www.lesbridgets.com\\\/wp-content\\\/uploads\\\/2022\\\/07\\\/cropped-logo-3-lesbridgets.png\",\"width\":251,\"height\":59,\"caption\":\"Les Bridgets\"},\"image\":{\"@id\":\"https:\\\/\\\/www.lesbridgets.com\\\/#\\\/schema\\\/logo\\\/image\\\/\"},\"sameAs\":[\"https:\\\/\\\/www.facebook.com\\\/Les.Bridgets\",\"https:\\\/\\\/x.com\\\/les_bridgets\"]},{\"@type\":\"Person\",\"@id\":\"https:\\\/\\\/www.lesbridgets.com\\\/#\\\/schema\\\/person\\\/82a31c27ae0ddd23ee59e1e2ac5713ba\",\"name\":\"Bridget\",\"image\":{\"@type\":\"ImageObject\",\"inLanguage\":\"fr-FR\",\"@id\":\"https:\\\/\\\/secure.gravatar.com\\\/avatar\\\/7295cbdcf0cdf58bc2d250d0abac0622f7e9f13e4d6b98e0404f82bf994e0a55?s=96&d=mm&r=g\",\"url\":\"https:\\\/\\\/secure.gravatar.com\\\/avatar\\\/7295cbdcf0cdf58bc2d250d0abac0622f7e9f13e4d6b98e0404f82bf994e0a55?s=96&d=mm&r=g\",\"contentUrl\":\"https:\\\/\\\/secure.gravatar.com\\\/avatar\\\/7295cbdcf0cdf58bc2d250d0abac0622f7e9f13e4d6b98e0404f82bf994e0a55?s=96&d=mm&r=g\",\"caption\":\"Bridget\"}}]}<\/script>\n<!-- \/ Yoast SEO plugin. -->","yoast_head_json":{"title":"Julia Roberts Mange Prie Aime avec Javier Bardem - Les Bridgets","robots":{"index":"index","follow":"follow","max-snippet":"max-snippet:-1","max-image-preview":"max-image-preview:large","max-video-preview":"max-video-preview:-1"},"canonical":"https:\/\/www.lesbridgets.com\/index.php\/references\/films\/concours-julia-roberts-mange-prie-aime-javier-bardem-le-22-septembre-au-cinema.html","og_locale":"fr_FR","og_type":"article","og_title":"Julia Roberts Mange Prie Aime avec Javier Bardem - Les Bridgets","og_description":"Le film Mange Prie Aime avec Julia Roberts Mange, Prie, Aime\u00a0est un film\u00a0spirituel avec beaucoup de remises en question sur la vie et visiblement une bonne crise de la quarantaine.","og_url":"https:\/\/www.lesbridgets.com\/index.php\/references\/films\/concours-julia-roberts-mange-prie-aime-javier-bardem-le-22-septembre-au-cinema.html","og_site_name":"Les Bridgets","article_publisher":"https:\/\/www.facebook.com\/Les.Bridgets","article_published_time":"2010-09-14T15:42:12+00:00","article_modified_time":"2019-12-10T11:57:27+00:00","og_image":[{"width":800,"height":511,"url":"https:\/\/www.lesbridgets.com\/wp-content\/uploads\/2010\/09\/julia-roberts-dans-mange-prie-aime.jpg","type":"image\/jpeg"}],"author":"Bridget","twitter_card":"summary_large_image","twitter_creator":"@les_bridgets","twitter_site":"@les_bridgets","twitter_misc":{"\u00c9crit par":"Bridget","Dur\u00e9e de lecture estim\u00e9e":"1 minute"},"schema":{"@context":"https:\/\/schema.org","@graph":[{"@type":"Article","@id":"https:\/\/www.lesbridgets.com\/index.php\/references\/films\/concours-julia-roberts-mange-prie-aime-javier-bardem-le-22-septembre-au-cinema.html#article","isPartOf":{"@id":"https:\/\/www.lesbridgets.com\/index.php\/references\/films\/concours-julia-roberts-mange-prie-aime-javier-bardem-le-22-septembre-au-cinema.html"},"author":{"name":"Bridget","@id":"https:\/\/www.lesbridgets.com\/#\/schema\/person\/82a31c27ae0ddd23ee59e1e2ac5713ba"},"headline":"Julia Roberts Mange Prie Aime avec Javier Bardem","datePublished":"2010-09-14T15:42:12+00:00","dateModified":"2019-12-10T11:57:27+00:00","mainEntityOfPage":{"@id":"https:\/\/www.lesbridgets.com\/index.php\/references\/films\/concours-julia-roberts-mange-prie-aime-javier-bardem-le-22-septembre-au-cinema.html"},"wordCount":250,"commentCount":92,"publisher":{"@id":"https:\/\/www.lesbridgets.com\/#organization"},"image":{"@id":"https:\/\/www.lesbridgets.com\/index.php\/references\/films\/concours-julia-roberts-mange-prie-aime-javier-bardem-le-22-septembre-au-cinema.html#primaryimage"},"thumbnailUrl":"https:\/\/www.lesbridgets.com\/wp-content\/uploads\/2010\/09\/julia-roberts-dans-mange-prie-aime.jpg","articleSection":["Film"],"inLanguage":"fr-FR","potentialAction":[{"@type":"CommentAction","name":"Comment","target":["https:\/\/www.lesbridgets.com\/index.php\/references\/films\/concours-julia-roberts-mange-prie-aime-javier-bardem-le-22-septembre-au-cinema.html#respond"]}]},{"@type":"WebPage","@id":"https:\/\/www.lesbridgets.com\/index.php\/references\/films\/concours-julia-roberts-mange-prie-aime-javier-bardem-le-22-septembre-au-cinema.html","url":"https:\/\/www.lesbridgets.com\/index.php\/references\/films\/concours-julia-roberts-mange-prie-aime-javier-bardem-le-22-septembre-au-cinema.html","name":"Julia Roberts Mange Prie Aime avec Javier Bardem - Les Bridgets","isPartOf":{"@id":"https:\/\/www.lesbridgets.com\/#website"},"primaryImageOfPage":{"@id":"https:\/\/www.lesbridgets.com\/index.php\/references\/films\/concours-julia-roberts-mange-prie-aime-javier-bardem-le-22-septembre-au-cinema.html#primaryimage"},"image":{"@id":"https:\/\/www.lesbridgets.com\/index.php\/references\/films\/concours-julia-roberts-mange-prie-aime-javier-bardem-le-22-septembre-au-cinema.html#primaryimage"},"thumbnailUrl":"https:\/\/www.lesbridgets.com\/wp-content\/uploads\/2010\/09\/julia-roberts-dans-mange-prie-aime.jpg","datePublished":"2010-09-14T15:42:12+00:00","dateModified":"2019-12-10T11:57:27+00:00","breadcrumb":{"@id":"https:\/\/www.lesbridgets.com\/index.php\/references\/films\/concours-julia-roberts-mange-prie-aime-javier-bardem-le-22-septembre-au-cinema.html#breadcrumb"},"inLanguage":"fr-FR","potentialAction":[{"@type":"ReadAction","target":["https:\/\/www.lesbridgets.com\/index.php\/references\/films\/concours-julia-roberts-mange-prie-aime-javier-bardem-le-22-septembre-au-cinema.html"]}]},{"@type":"ImageObject","inLanguage":"fr-FR","@id":"https:\/\/www.lesbridgets.com\/index.php\/references\/films\/concours-julia-roberts-mange-prie-aime-javier-bardem-le-22-septembre-au-cinema.html#primaryimage","url":"https:\/\/www.lesbridgets.com\/wp-content\/uploads\/2010\/09\/julia-roberts-dans-mange-prie-aime.jpg","contentUrl":"https:\/\/www.lesbridgets.com\/wp-content\/uploads\/2010\/09\/julia-roberts-dans-mange-prie-aime.jpg","width":800,"height":511},{"@type":"BreadcrumbList","@id":"https:\/\/www.lesbridgets.com\/index.php\/references\/films\/concours-julia-roberts-mange-prie-aime-javier-bardem-le-22-septembre-au-cinema.html#breadcrumb","itemListElement":[{"@type":"ListItem","position":1,"name":"Les Bridgets","item":"https:\/\/www.lesbridgets.com\/"},{"@type":"ListItem","position":2,"name":"R\u00e9f\u00e9rences sur le couple et le c\u00e9libat","item":"https:\/\/www.lesbridgets.com\/index.php\/category\/references"},{"@type":"ListItem","position":3,"name":"Film","item":"https:\/\/www.lesbridgets.com\/index.php\/category\/references\/films"},{"@type":"ListItem","position":4,"name":"Julia Roberts Mange Prie Aime avec Javier Bardem"}]},{"@type":"WebSite","@id":"https:\/\/www.lesbridgets.com\/#website","url":"https:\/\/www.lesbridgets.com\/","name":"Les Bridgets","description":"R\u00e9f\u00e9rences et r\u00e9flexions sur nos relations","publisher":{"@id":"https:\/\/www.lesbridgets.com\/#organization"},"potentialAction":[{"@type":"SearchAction","target":{"@type":"EntryPoint","urlTemplate":"https:\/\/www.lesbridgets.com\/?s={search_term_string}"},"query-input":{"@type":"PropertyValueSpecification","valueRequired":true,"valueName":"search_term_string"}}],"inLanguage":"fr-FR"},{"@type":"Organization","@id":"https:\/\/www.lesbridgets.com\/#organization","name":"Les Bridgets","url":"https:\/\/www.lesbridgets.com\/","logo":{"@type":"ImageObject","inLanguage":"fr-FR","@id":"https:\/\/www.lesbridgets.com\/#\/schema\/logo\/image\/","url":"https:\/\/www.lesbridgets.com\/wp-content\/uploads\/2022\/07\/cropped-logo-3-lesbridgets.png","contentUrl":"https:\/\/www.lesbridgets.com\/wp-content\/uploads\/2022\/07\/cropped-logo-3-lesbridgets.png","width":251,"height":59,"caption":"Les Bridgets"},"image":{"@id":"https:\/\/www.lesbridgets.com\/#\/schema\/logo\/image\/"},"sameAs":["https:\/\/www.facebook.com\/Les.Bridgets","https:\/\/x.com\/les_bridgets"]},{"@type":"Person","@id":"https:\/\/www.lesbridgets.com\/#\/schema\/person\/82a31c27ae0ddd23ee59e1e2ac5713ba","name":"Bridget","image":{"@type":"ImageObject","inLanguage":"fr-FR","@id":"https:\/\/secure.gravatar.com\/avatar\/7295cbdcf0cdf58bc2d250d0abac0622f7e9f13e4d6b98e0404f82bf994e0a55?s=96&d=mm&r=g","url":"https:\/\/secure.gravatar.com\/avatar\/7295cbdcf0cdf58bc2d250d0abac0622f7e9f13e4d6b98e0404f82bf994e0a55?s=96&d=mm&r=g","contentUrl":"https:\/\/secure.gravatar.com\/avatar\/7295cbdcf0cdf58bc2d250d0abac0622f7e9f13e4d6b98e0404f82bf994e0a55?s=96&d=mm&r=g","caption":"Bridget"}}]}},"modified_by":"Bridget","_links":{"self":[{"href":"https:\/\/www.lesbridgets.com\/index.php\/wp-json\/wp\/v2\/posts\/792","targetHints":{"allow":["GET"]}}],"collection":[{"href":"https:\/\/www.lesbridgets.com\/index.php\/wp-json\/wp\/v2\/posts"}],"about":[{"href":"https:\/\/www.lesbridgets.com\/index.php\/wp-json\/wp\/v2\/types\/post"}],"author":[{"embeddable":true,"href":"https:\/\/www.lesbridgets.com\/index.php\/wp-json\/wp\/v2\/users\/2"}],"replies":[{"embeddable":true,"href":"https:\/\/www.lesbridgets.com\/index.php\/wp-json\/wp\/v2\/comments?post=792"}],"version-history":[{"count":8,"href":"https:\/\/www.lesbridgets.com\/index.php\/wp-json\/wp\/v2\/posts\/792\/revisions"}],"predecessor-version":[{"id":249926,"href":"https:\/\/www.lesbridgets.com\/index.php\/wp-json\/wp\/v2\/posts\/792\/revisions\/249926"}],"wp:featuredmedia":[{"embeddable":true,"href":"https:\/\/www.lesbridgets.com\/index.php\/wp-json\/wp\/v2\/media\/247932"}],"wp:attachment":[{"href":"https:\/\/www.lesbridgets.com\/index.php\/wp-json\/wp\/v2\/media?parent=792"}],"wp:term":[{"taxonomy":"category","embeddable":true,"href":"https:\/\/www.lesbridgets.com\/index.php\/wp-json\/wp\/v2\/categories?post=792"},{"taxonomy":"post_tag","embeddable":true,"href":"https:\/\/www.lesbridgets.com\/index.php\/wp-json\/wp\/v2\/tags?post=792"}],"curies":[{"name":"wp","href":"https:\/\/api.w.org\/{rel}","templated":true}]}}