{"id":760,"date":"2010-07-07T16:45:54","date_gmt":"2010-07-07T14:45:54","guid":{"rendered":"http:\/\/lesbridg.cluster015.ovh.net\/wordpress\/index.php\/films-romantiques-sur-le-couple-et-le-celibat\/concours-lage-de-raison-avec-sophie-marceau-rien-avoir-avec-bridget-jones-2.html"},"modified":"2020-05-12T16:47:54","modified_gmt":"2020-05-12T14:47:54","slug":"concours-lage-de-raison-avec-sophie-marceau-rien-avoir-avec-bridget-jones-2","status":"publish","type":"post","link":"https:\/\/www.lesbridgets.com\/index.php\/references\/films\/concours-lage-de-raison-avec-sophie-marceau-rien-avoir-avec-bridget-jones-2.html","title":{"rendered":"L&rsquo;\u00e2ge de raison avec Sophie Marceau, rien avoir avec Bridget Jones 2"},"content":{"rendered":"<p>Le film <em>L&rsquo;\u00e2ge de raison<\/em>\u00a0contrairement \u00e0 ce que son titre pourrait laisser croire, n&rsquo;est pas du tout une adaptation fran\u00e7aise de Bridget Jones 2. <em>L&rsquo;\u00e2ge de raison\u00a0<\/em>avec Sophie Marceau de Yann Samuell le m\u00eame r\u00e9alisateur que <em>Jeu d&rsquo;enfant<\/em> avec Marion Cotillard et Guillaume Cannet qui sont ensemble depuis, dans la vie.<\/p>\n<p><span style=\"line-height: 1.3em;\">Les pr\u00e9c\u00e9dents films que nous avions vu avec l&rsquo;actrice comme \u00ab\u00a0De l&rsquo;autre c\u00f4t\u00e9 du lit\u00a0\u00bb avec Danny Boon et \u00ab\u00a0Ne te retourne pas\u00a0\u00bb avec Monica Belluci nous avait laiss\u00e9 sceptiques quand \u00e0 ses choix artistiques.<\/span><\/p>\n<p>Cette fois dans L&rsquo;\u00e2ge de raison, on peut dire qu&rsquo;elle a fait un bon choix.<\/p>\n<h2>L&rsquo;histoire de L&rsquo;\u00e2ge de raison<\/h2>\n<p>Margaret, femme d\u2019affaires accomplie, re\u00e7oit le jour de ses 40 ans des lettres qu&rsquo;elle aurait \u00e9crite \u00e0 l&rsquo;\u00e2ge de 7 ans.<br \/>\nC&rsquo;est une femme carri\u00e9riste qui donne beaucoup \u00e0 son travail mais qui va voir sa vie quelques peu chambouler quand le pass\u00e9 va ressurgir progressivement \u00e0 travers cette correspondance.<br \/>\nBeaucoup de questions que l&rsquo;on se pose vont alors apparaitre : Ai-je fait les bons choix? Suis-je devenue celle que je voulais \u00eatre? Suis-je pr\u00eate \u00e0 sacrifier ma vie de femme, de m\u00e8re, de tata pour ma carri\u00e8re?<br \/>\nDoit-on d\u00e9nier son pass\u00e9 pour pouvoir avancer?<\/p>\n<p>Beaucoup de questions qui font que Sophie Marceau est proche de nous sans trop l&rsquo;\u00eatre. La sc\u00e8ne qui nous a le plus touch\u00e9, c&rsquo;est quand elle retourne voir son fr\u00e8re et son petit neveu qui ne la reconnait pas&#8230;<\/p>\n<h2>Vous l&rsquo;aurez compris si vous \u00eates une working-girl courrez voir ce film, il ne peut que vous toucher.<\/h2>\n<p style=\"text-align: center;\"><iframe loading=\"lazy\" src=\"https:\/\/www.youtube.com\/embed\/MY_v4xa6ARY\" width=\"560\" height=\"315\" frameborder=\"0\" allowfullscreen=\"allowfullscreen\"><\/iframe><\/p>\n","protected":false},"excerpt":{"rendered":"<p>Le film <em>L&rsquo;\u00e2ge de raison<\/em>\u00a0contrairement \u00e0 ce que son titre pourrait laisser croire, n&rsquo;est pas du tout une adaptation fran\u00e7aise de Bridget Jones 2. <em>L&rsquo;\u00e2ge de raison\u00a0<\/em>avec Sophie Marceau de Yann Samuell le m\u00eame r\u00e9alisateur que <em>Jeu d&rsquo;enfant<\/em> avec Marion Cotillard et Guillaume Cannet qui sont ensemble depuis, dans la vie.\u00a0<\/p>\n","protected":false},"author":2,"featured_media":246824,"comment_status":"open","ping_status":"open","sticky":false,"template":"","format":"standard","meta":{"_bbp_topic_count":0,"_bbp_reply_count":0,"_bbp_total_topic_count":0,"_bbp_total_reply_count":0,"_bbp_voice_count":0,"_bbp_anonymous_reply_count":0,"_bbp_topic_count_hidden":0,"_bbp_reply_count_hidden":0,"_bbp_forum_subforum_count":0,"om_disable_all_campaigns":false,"_lmt_disableupdate":"no","_lmt_disable":"","_monsterinsights_skip_tracking":false,"_monsterinsights_sitenote_active":false,"_monsterinsights_sitenote_note":"","_monsterinsights_sitenote_category":0,"_uf_show_specific_survey":0,"_uf_disable_surveys":false,"footnotes":""},"categories":[28],"tags":[707,205,399],"class_list":["post-760","post","type-post","status-publish","format-standard","has-post-thumbnail","hentry","category-films","tag-film-ex","tag-gerer-ex","tag-sophie-marceau"],"yoast_head":"<!-- This site is optimized with the Yoast SEO plugin v27.4 - https:\/\/yoast.com\/product\/yoast-seo-wordpress\/ -->\n<title>L&#039;\u00e2ge de raison avec Sophie Marceau, rien avoir avec Bridget Jones 2 - Les Bridgets<\/title>\n<meta name=\"robots\" content=\"index, follow, max-snippet:-1, max-image-preview:large, max-video-preview:-1\" \/>\n<link rel=\"canonical\" href=\"https:\/\/www.lesbridgets.com\/index.php\/references\/films\/concours-lage-de-raison-avec-sophie-marceau-rien-avoir-avec-bridget-jones-2.html\" \/>\n<meta property=\"og:locale\" content=\"fr_FR\" \/>\n<meta property=\"og:type\" content=\"article\" \/>\n<meta property=\"og:title\" content=\"L&#039;\u00e2ge de raison avec Sophie Marceau, rien avoir avec Bridget Jones 2 - Les Bridgets\" \/>\n<meta property=\"og:description\" content=\"Le film L&#039;\u00e2ge de raison\u00a0contrairement \u00e0 ce que son titre pourrait laisser croire, n&#039;est pas du tout une adaptation fran\u00e7aise de Bridget Jones 2. L&#039;\u00e2ge de raison\u00a0avec Sophie Marceau de Yann Samuell le m\u00eame r\u00e9alisateur que Jeu d&#039;enfant avec Marion Cotillard et Guillaume Cannet qui sont ensemble depuis, dans la vie.\u00a0\" \/>\n<meta property=\"og:url\" content=\"https:\/\/www.lesbridgets.com\/index.php\/references\/films\/concours-lage-de-raison-avec-sophie-marceau-rien-avoir-avec-bridget-jones-2.html\" \/>\n<meta property=\"og:site_name\" content=\"Les Bridgets\" \/>\n<meta property=\"article:publisher\" content=\"https:\/\/www.facebook.com\/Les.Bridgets\" \/>\n<meta property=\"article:published_time\" content=\"2010-07-07T14:45:54+00:00\" \/>\n<meta property=\"article:modified_time\" content=\"2020-05-12T14:47:54+00:00\" \/>\n<meta property=\"og:image\" content=\"https:\/\/www.lesbridgets.com\/wp-content\/uploads\/2010\/07\/l-age-raison-sophie-marceau.png\" \/>\n\t<meta property=\"og:image:width\" content=\"750\" \/>\n\t<meta property=\"og:image:height\" content=\"497\" \/>\n\t<meta property=\"og:image:type\" content=\"image\/png\" \/>\n<meta name=\"author\" content=\"Bridget\" \/>\n<meta name=\"twitter:card\" content=\"summary_large_image\" \/>\n<meta name=\"twitter:creator\" content=\"@les_bridgets\" \/>\n<meta name=\"twitter:site\" content=\"@les_bridgets\" \/>\n<meta name=\"twitter:label1\" content=\"\u00c9crit par\" \/>\n\t<meta name=\"twitter:data1\" content=\"Bridget\" \/>\n\t<meta name=\"twitter:label2\" content=\"Dur\u00e9e de lecture estim\u00e9e\" \/>\n\t<meta name=\"twitter:data2\" content=\"1 minute\" \/>\n<script type=\"application\/ld+json\" class=\"yoast-schema-graph\">{\"@context\":\"https:\\\/\\\/schema.org\",\"@graph\":[{\"@type\":\"Article\",\"@id\":\"https:\\\/\\\/www.lesbridgets.com\\\/index.php\\\/references\\\/films\\\/concours-lage-de-raison-avec-sophie-marceau-rien-avoir-avec-bridget-jones-2.html#article\",\"isPartOf\":{\"@id\":\"https:\\\/\\\/www.lesbridgets.com\\\/index.php\\\/references\\\/films\\\/concours-lage-de-raison-avec-sophie-marceau-rien-avoir-avec-bridget-jones-2.html\"},\"author\":{\"name\":\"Bridget\",\"@id\":\"https:\\\/\\\/www.lesbridgets.com\\\/#\\\/schema\\\/person\\\/82a31c27ae0ddd23ee59e1e2ac5713ba\"},\"headline\":\"L&rsquo;\u00e2ge de raison avec Sophie Marceau, rien avoir avec Bridget Jones 2\",\"datePublished\":\"2010-07-07T14:45:54+00:00\",\"dateModified\":\"2020-05-12T14:47:54+00:00\",\"mainEntityOfPage\":{\"@id\":\"https:\\\/\\\/www.lesbridgets.com\\\/index.php\\\/references\\\/films\\\/concours-lage-de-raison-avec-sophie-marceau-rien-avoir-avec-bridget-jones-2.html\"},\"wordCount\":294,\"commentCount\":1,\"publisher\":{\"@id\":\"https:\\\/\\\/www.lesbridgets.com\\\/#organization\"},\"image\":{\"@id\":\"https:\\\/\\\/www.lesbridgets.com\\\/index.php\\\/references\\\/films\\\/concours-lage-de-raison-avec-sophie-marceau-rien-avoir-avec-bridget-jones-2.html#primaryimage\"},\"thumbnailUrl\":\"https:\\\/\\\/www.lesbridgets.com\\\/wp-content\\\/uploads\\\/2010\\\/07\\\/l-age-raison-sophie-marceau.png\",\"keywords\":[\"film ex\",\"gerer ex\",\"sophie marceau\"],\"articleSection\":[\"Film\"],\"inLanguage\":\"fr-FR\",\"potentialAction\":[{\"@type\":\"CommentAction\",\"name\":\"Comment\",\"target\":[\"https:\\\/\\\/www.lesbridgets.com\\\/index.php\\\/references\\\/films\\\/concours-lage-de-raison-avec-sophie-marceau-rien-avoir-avec-bridget-jones-2.html#respond\"]}]},{\"@type\":\"WebPage\",\"@id\":\"https:\\\/\\\/www.lesbridgets.com\\\/index.php\\\/references\\\/films\\\/concours-lage-de-raison-avec-sophie-marceau-rien-avoir-avec-bridget-jones-2.html\",\"url\":\"https:\\\/\\\/www.lesbridgets.com\\\/index.php\\\/references\\\/films\\\/concours-lage-de-raison-avec-sophie-marceau-rien-avoir-avec-bridget-jones-2.html\",\"name\":\"L'\u00e2ge de raison avec Sophie Marceau, rien avoir avec Bridget Jones 2 - Les Bridgets\",\"isPartOf\":{\"@id\":\"https:\\\/\\\/www.lesbridgets.com\\\/#website\"},\"primaryImageOfPage\":{\"@id\":\"https:\\\/\\\/www.lesbridgets.com\\\/index.php\\\/references\\\/films\\\/concours-lage-de-raison-avec-sophie-marceau-rien-avoir-avec-bridget-jones-2.html#primaryimage\"},\"image\":{\"@id\":\"https:\\\/\\\/www.lesbridgets.com\\\/index.php\\\/references\\\/films\\\/concours-lage-de-raison-avec-sophie-marceau-rien-avoir-avec-bridget-jones-2.html#primaryimage\"},\"thumbnailUrl\":\"https:\\\/\\\/www.lesbridgets.com\\\/wp-content\\\/uploads\\\/2010\\\/07\\\/l-age-raison-sophie-marceau.png\",\"datePublished\":\"2010-07-07T14:45:54+00:00\",\"dateModified\":\"2020-05-12T14:47:54+00:00\",\"breadcrumb\":{\"@id\":\"https:\\\/\\\/www.lesbridgets.com\\\/index.php\\\/references\\\/films\\\/concours-lage-de-raison-avec-sophie-marceau-rien-avoir-avec-bridget-jones-2.html#breadcrumb\"},\"inLanguage\":\"fr-FR\",\"potentialAction\":[{\"@type\":\"ReadAction\",\"target\":[\"https:\\\/\\\/www.lesbridgets.com\\\/index.php\\\/references\\\/films\\\/concours-lage-de-raison-avec-sophie-marceau-rien-avoir-avec-bridget-jones-2.html\"]}]},{\"@type\":\"ImageObject\",\"inLanguage\":\"fr-FR\",\"@id\":\"https:\\\/\\\/www.lesbridgets.com\\\/index.php\\\/references\\\/films\\\/concours-lage-de-raison-avec-sophie-marceau-rien-avoir-avec-bridget-jones-2.html#primaryimage\",\"url\":\"https:\\\/\\\/www.lesbridgets.com\\\/wp-content\\\/uploads\\\/2010\\\/07\\\/l-age-raison-sophie-marceau.png\",\"contentUrl\":\"https:\\\/\\\/www.lesbridgets.com\\\/wp-content\\\/uploads\\\/2010\\\/07\\\/l-age-raison-sophie-marceau.png\",\"width\":750,\"height\":497},{\"@type\":\"BreadcrumbList\",\"@id\":\"https:\\\/\\\/www.lesbridgets.com\\\/index.php\\\/references\\\/films\\\/concours-lage-de-raison-avec-sophie-marceau-rien-avoir-avec-bridget-jones-2.html#breadcrumb\",\"itemListElement\":[{\"@type\":\"ListItem\",\"position\":1,\"name\":\"Les Bridgets\",\"item\":\"https:\\\/\\\/www.lesbridgets.com\\\/\"},{\"@type\":\"ListItem\",\"position\":2,\"name\":\"R\u00e9f\u00e9rences sur le couple et le c\u00e9libat\",\"item\":\"https:\\\/\\\/www.lesbridgets.com\\\/index.php\\\/category\\\/references\"},{\"@type\":\"ListItem\",\"position\":3,\"name\":\"Film\",\"item\":\"https:\\\/\\\/www.lesbridgets.com\\\/index.php\\\/category\\\/references\\\/films\"},{\"@type\":\"ListItem\",\"position\":4,\"name\":\"L&rsquo;\u00e2ge de raison avec Sophie Marceau, rien avoir avec Bridget Jones 2\"}]},{\"@type\":\"WebSite\",\"@id\":\"https:\\\/\\\/www.lesbridgets.com\\\/#website\",\"url\":\"https:\\\/\\\/www.lesbridgets.com\\\/\",\"name\":\"Les Bridgets\",\"description\":\"R\u00e9f\u00e9rences et r\u00e9flexions sur nos relations\",\"publisher\":{\"@id\":\"https:\\\/\\\/www.lesbridgets.com\\\/#organization\"},\"potentialAction\":[{\"@type\":\"SearchAction\",\"target\":{\"@type\":\"EntryPoint\",\"urlTemplate\":\"https:\\\/\\\/www.lesbridgets.com\\\/?s={search_term_string}\"},\"query-input\":{\"@type\":\"PropertyValueSpecification\",\"valueRequired\":true,\"valueName\":\"search_term_string\"}}],\"inLanguage\":\"fr-FR\"},{\"@type\":\"Organization\",\"@id\":\"https:\\\/\\\/www.lesbridgets.com\\\/#organization\",\"name\":\"Les Bridgets\",\"url\":\"https:\\\/\\\/www.lesbridgets.com\\\/\",\"logo\":{\"@type\":\"ImageObject\",\"inLanguage\":\"fr-FR\",\"@id\":\"https:\\\/\\\/www.lesbridgets.com\\\/#\\\/schema\\\/logo\\\/image\\\/\",\"url\":\"https:\\\/\\\/www.lesbridgets.com\\\/wp-content\\\/uploads\\\/2022\\\/07\\\/cropped-logo-3-lesbridgets.png\",\"contentUrl\":\"https:\\\/\\\/www.lesbridgets.com\\\/wp-content\\\/uploads\\\/2022\\\/07\\\/cropped-logo-3-lesbridgets.png\",\"width\":251,\"height\":59,\"caption\":\"Les Bridgets\"},\"image\":{\"@id\":\"https:\\\/\\\/www.lesbridgets.com\\\/#\\\/schema\\\/logo\\\/image\\\/\"},\"sameAs\":[\"https:\\\/\\\/www.facebook.com\\\/Les.Bridgets\",\"https:\\\/\\\/x.com\\\/les_bridgets\"]},{\"@type\":\"Person\",\"@id\":\"https:\\\/\\\/www.lesbridgets.com\\\/#\\\/schema\\\/person\\\/82a31c27ae0ddd23ee59e1e2ac5713ba\",\"name\":\"Bridget\",\"image\":{\"@type\":\"ImageObject\",\"inLanguage\":\"fr-FR\",\"@id\":\"https:\\\/\\\/secure.gravatar.com\\\/avatar\\\/7295cbdcf0cdf58bc2d250d0abac0622f7e9f13e4d6b98e0404f82bf994e0a55?s=96&d=mm&r=g\",\"url\":\"https:\\\/\\\/secure.gravatar.com\\\/avatar\\\/7295cbdcf0cdf58bc2d250d0abac0622f7e9f13e4d6b98e0404f82bf994e0a55?s=96&d=mm&r=g\",\"contentUrl\":\"https:\\\/\\\/secure.gravatar.com\\\/avatar\\\/7295cbdcf0cdf58bc2d250d0abac0622f7e9f13e4d6b98e0404f82bf994e0a55?s=96&d=mm&r=g\",\"caption\":\"Bridget\"}}]}<\/script>\n<!-- \/ Yoast SEO plugin. -->","yoast_head_json":{"title":"L'\u00e2ge de raison avec Sophie Marceau, rien avoir avec Bridget Jones 2 - Les Bridgets","robots":{"index":"index","follow":"follow","max-snippet":"max-snippet:-1","max-image-preview":"max-image-preview:large","max-video-preview":"max-video-preview:-1"},"canonical":"https:\/\/www.lesbridgets.com\/index.php\/references\/films\/concours-lage-de-raison-avec-sophie-marceau-rien-avoir-avec-bridget-jones-2.html","og_locale":"fr_FR","og_type":"article","og_title":"L'\u00e2ge de raison avec Sophie Marceau, rien avoir avec Bridget Jones 2 - Les Bridgets","og_description":"Le film L'\u00e2ge de raison\u00a0contrairement \u00e0 ce que son titre pourrait laisser croire, n'est pas du tout une adaptation fran\u00e7aise de Bridget Jones 2. L'\u00e2ge de raison\u00a0avec Sophie Marceau de Yann Samuell le m\u00eame r\u00e9alisateur que Jeu d'enfant avec Marion Cotillard et Guillaume Cannet qui sont ensemble depuis, dans la vie.\u00a0","og_url":"https:\/\/www.lesbridgets.com\/index.php\/references\/films\/concours-lage-de-raison-avec-sophie-marceau-rien-avoir-avec-bridget-jones-2.html","og_site_name":"Les Bridgets","article_publisher":"https:\/\/www.facebook.com\/Les.Bridgets","article_published_time":"2010-07-07T14:45:54+00:00","article_modified_time":"2020-05-12T14:47:54+00:00","og_image":[{"width":750,"height":497,"url":"https:\/\/www.lesbridgets.com\/wp-content\/uploads\/2010\/07\/l-age-raison-sophie-marceau.png","type":"image\/png"}],"author":"Bridget","twitter_card":"summary_large_image","twitter_creator":"@les_bridgets","twitter_site":"@les_bridgets","twitter_misc":{"\u00c9crit par":"Bridget","Dur\u00e9e de lecture estim\u00e9e":"1 minute"},"schema":{"@context":"https:\/\/schema.org","@graph":[{"@type":"Article","@id":"https:\/\/www.lesbridgets.com\/index.php\/references\/films\/concours-lage-de-raison-avec-sophie-marceau-rien-avoir-avec-bridget-jones-2.html#article","isPartOf":{"@id":"https:\/\/www.lesbridgets.com\/index.php\/references\/films\/concours-lage-de-raison-avec-sophie-marceau-rien-avoir-avec-bridget-jones-2.html"},"author":{"name":"Bridget","@id":"https:\/\/www.lesbridgets.com\/#\/schema\/person\/82a31c27ae0ddd23ee59e1e2ac5713ba"},"headline":"L&rsquo;\u00e2ge de raison avec Sophie Marceau, rien avoir avec Bridget Jones 2","datePublished":"2010-07-07T14:45:54+00:00","dateModified":"2020-05-12T14:47:54+00:00","mainEntityOfPage":{"@id":"https:\/\/www.lesbridgets.com\/index.php\/references\/films\/concours-lage-de-raison-avec-sophie-marceau-rien-avoir-avec-bridget-jones-2.html"},"wordCount":294,"commentCount":1,"publisher":{"@id":"https:\/\/www.lesbridgets.com\/#organization"},"image":{"@id":"https:\/\/www.lesbridgets.com\/index.php\/references\/films\/concours-lage-de-raison-avec-sophie-marceau-rien-avoir-avec-bridget-jones-2.html#primaryimage"},"thumbnailUrl":"https:\/\/www.lesbridgets.com\/wp-content\/uploads\/2010\/07\/l-age-raison-sophie-marceau.png","keywords":["film ex","gerer ex","sophie marceau"],"articleSection":["Film"],"inLanguage":"fr-FR","potentialAction":[{"@type":"CommentAction","name":"Comment","target":["https:\/\/www.lesbridgets.com\/index.php\/references\/films\/concours-lage-de-raison-avec-sophie-marceau-rien-avoir-avec-bridget-jones-2.html#respond"]}]},{"@type":"WebPage","@id":"https:\/\/www.lesbridgets.com\/index.php\/references\/films\/concours-lage-de-raison-avec-sophie-marceau-rien-avoir-avec-bridget-jones-2.html","url":"https:\/\/www.lesbridgets.com\/index.php\/references\/films\/concours-lage-de-raison-avec-sophie-marceau-rien-avoir-avec-bridget-jones-2.html","name":"L'\u00e2ge de raison avec Sophie Marceau, rien avoir avec Bridget Jones 2 - Les Bridgets","isPartOf":{"@id":"https:\/\/www.lesbridgets.com\/#website"},"primaryImageOfPage":{"@id":"https:\/\/www.lesbridgets.com\/index.php\/references\/films\/concours-lage-de-raison-avec-sophie-marceau-rien-avoir-avec-bridget-jones-2.html#primaryimage"},"image":{"@id":"https:\/\/www.lesbridgets.com\/index.php\/references\/films\/concours-lage-de-raison-avec-sophie-marceau-rien-avoir-avec-bridget-jones-2.html#primaryimage"},"thumbnailUrl":"https:\/\/www.lesbridgets.com\/wp-content\/uploads\/2010\/07\/l-age-raison-sophie-marceau.png","datePublished":"2010-07-07T14:45:54+00:00","dateModified":"2020-05-12T14:47:54+00:00","breadcrumb":{"@id":"https:\/\/www.lesbridgets.com\/index.php\/references\/films\/concours-lage-de-raison-avec-sophie-marceau-rien-avoir-avec-bridget-jones-2.html#breadcrumb"},"inLanguage":"fr-FR","potentialAction":[{"@type":"ReadAction","target":["https:\/\/www.lesbridgets.com\/index.php\/references\/films\/concours-lage-de-raison-avec-sophie-marceau-rien-avoir-avec-bridget-jones-2.html"]}]},{"@type":"ImageObject","inLanguage":"fr-FR","@id":"https:\/\/www.lesbridgets.com\/index.php\/references\/films\/concours-lage-de-raison-avec-sophie-marceau-rien-avoir-avec-bridget-jones-2.html#primaryimage","url":"https:\/\/www.lesbridgets.com\/wp-content\/uploads\/2010\/07\/l-age-raison-sophie-marceau.png","contentUrl":"https:\/\/www.lesbridgets.com\/wp-content\/uploads\/2010\/07\/l-age-raison-sophie-marceau.png","width":750,"height":497},{"@type":"BreadcrumbList","@id":"https:\/\/www.lesbridgets.com\/index.php\/references\/films\/concours-lage-de-raison-avec-sophie-marceau-rien-avoir-avec-bridget-jones-2.html#breadcrumb","itemListElement":[{"@type":"ListItem","position":1,"name":"Les Bridgets","item":"https:\/\/www.lesbridgets.com\/"},{"@type":"ListItem","position":2,"name":"R\u00e9f\u00e9rences sur le couple et le c\u00e9libat","item":"https:\/\/www.lesbridgets.com\/index.php\/category\/references"},{"@type":"ListItem","position":3,"name":"Film","item":"https:\/\/www.lesbridgets.com\/index.php\/category\/references\/films"},{"@type":"ListItem","position":4,"name":"L&rsquo;\u00e2ge de raison avec Sophie Marceau, rien avoir avec Bridget Jones 2"}]},{"@type":"WebSite","@id":"https:\/\/www.lesbridgets.com\/#website","url":"https:\/\/www.lesbridgets.com\/","name":"Les Bridgets","description":"R\u00e9f\u00e9rences et r\u00e9flexions sur nos relations","publisher":{"@id":"https:\/\/www.lesbridgets.com\/#organization"},"potentialAction":[{"@type":"SearchAction","target":{"@type":"EntryPoint","urlTemplate":"https:\/\/www.lesbridgets.com\/?s={search_term_string}"},"query-input":{"@type":"PropertyValueSpecification","valueRequired":true,"valueName":"search_term_string"}}],"inLanguage":"fr-FR"},{"@type":"Organization","@id":"https:\/\/www.lesbridgets.com\/#organization","name":"Les Bridgets","url":"https:\/\/www.lesbridgets.com\/","logo":{"@type":"ImageObject","inLanguage":"fr-FR","@id":"https:\/\/www.lesbridgets.com\/#\/schema\/logo\/image\/","url":"https:\/\/www.lesbridgets.com\/wp-content\/uploads\/2022\/07\/cropped-logo-3-lesbridgets.png","contentUrl":"https:\/\/www.lesbridgets.com\/wp-content\/uploads\/2022\/07\/cropped-logo-3-lesbridgets.png","width":251,"height":59,"caption":"Les Bridgets"},"image":{"@id":"https:\/\/www.lesbridgets.com\/#\/schema\/logo\/image\/"},"sameAs":["https:\/\/www.facebook.com\/Les.Bridgets","https:\/\/x.com\/les_bridgets"]},{"@type":"Person","@id":"https:\/\/www.lesbridgets.com\/#\/schema\/person\/82a31c27ae0ddd23ee59e1e2ac5713ba","name":"Bridget","image":{"@type":"ImageObject","inLanguage":"fr-FR","@id":"https:\/\/secure.gravatar.com\/avatar\/7295cbdcf0cdf58bc2d250d0abac0622f7e9f13e4d6b98e0404f82bf994e0a55?s=96&d=mm&r=g","url":"https:\/\/secure.gravatar.com\/avatar\/7295cbdcf0cdf58bc2d250d0abac0622f7e9f13e4d6b98e0404f82bf994e0a55?s=96&d=mm&r=g","contentUrl":"https:\/\/secure.gravatar.com\/avatar\/7295cbdcf0cdf58bc2d250d0abac0622f7e9f13e4d6b98e0404f82bf994e0a55?s=96&d=mm&r=g","caption":"Bridget"}}]}},"modified_by":"Bridget","_links":{"self":[{"href":"https:\/\/www.lesbridgets.com\/index.php\/wp-json\/wp\/v2\/posts\/760","targetHints":{"allow":["GET"]}}],"collection":[{"href":"https:\/\/www.lesbridgets.com\/index.php\/wp-json\/wp\/v2\/posts"}],"about":[{"href":"https:\/\/www.lesbridgets.com\/index.php\/wp-json\/wp\/v2\/types\/post"}],"author":[{"embeddable":true,"href":"https:\/\/www.lesbridgets.com\/index.php\/wp-json\/wp\/v2\/users\/2"}],"replies":[{"embeddable":true,"href":"https:\/\/www.lesbridgets.com\/index.php\/wp-json\/wp\/v2\/comments?post=760"}],"version-history":[{"count":4,"href":"https:\/\/www.lesbridgets.com\/index.php\/wp-json\/wp\/v2\/posts\/760\/revisions"}],"predecessor-version":[{"id":252391,"href":"https:\/\/www.lesbridgets.com\/index.php\/wp-json\/wp\/v2\/posts\/760\/revisions\/252391"}],"wp:featuredmedia":[{"embeddable":true,"href":"https:\/\/www.lesbridgets.com\/index.php\/wp-json\/wp\/v2\/media\/246824"}],"wp:attachment":[{"href":"https:\/\/www.lesbridgets.com\/index.php\/wp-json\/wp\/v2\/media?parent=760"}],"wp:term":[{"taxonomy":"category","embeddable":true,"href":"https:\/\/www.lesbridgets.com\/index.php\/wp-json\/wp\/v2\/categories?post=760"},{"taxonomy":"post_tag","embeddable":true,"href":"https:\/\/www.lesbridgets.com\/index.php\/wp-json\/wp\/v2\/tags?post=760"}],"curies":[{"name":"wp","href":"https:\/\/api.w.org\/{rel}","templated":true}]}}