{"id":706,"date":"2010-04-13T22:46:38","date_gmt":"2010-04-13T20:46:38","guid":{"rendered":"http:\/\/lesbridg.cluster015.ovh.net\/wordpress\/index.php\/films-romantiques-sur-le-couple-et-le-celibat\/qvous-les-femmesq-la-saison-3-a-partir-du-16-avril-tous-les-vendredi-a-20h30-sur-teva.html"},"modified":"2019-12-08T15:27:13","modified_gmt":"2019-12-08T14:27:13","slug":"qvous-les-femmesq-la-saison-3-a-partir-du-16-avril-tous-les-vendredi-a-20h30-sur-teva","status":"publish","type":"post","link":"https:\/\/www.lesbridgets.com\/index.php\/references\/films\/qvous-les-femmesq-la-saison-3-a-partir-du-16-avril-tous-les-vendredi-a-20h30-sur-teva.html","title":{"rendered":"\u00ab\u00a0Vous les femmes\u00a0\u00bb, la saison 3 \u00e0 partir du 16 avril tous les vendredi \u00e0 20H30 sur Teva!"},"content":{"rendered":"<p>Jeudi 8 Avril, on nous invitait dans les locaux de M6 pour d\u00e9couvrir en avant-premi\u00e8re la saison 3 du programme court \u00ab\u00a0<b>Vous les femmes<\/b>\u00ab\u00a0. Oui (d\u00e9j\u00e0) la saison 3 alors que l&rsquo;on ne connaissait pas du tout cette s\u00e9rie! Bon en m\u00eame temps c&rsquo;est diffus\u00e9 sur T\u00e9va (chaine payante pour certains) et vu qu&rsquo;on ne regarde pas vraiment la t\u00e9l\u00e9, on a de bonnes excuses.<br \/>\nMais peut-\u00eatre que tout comme nous, vous aviez d\u00e9j\u00e0 vu un de leurs \u00e9pisodes sans le savoir?<\/p>\n<h2>Ces derniers mois, on avait vu passer la vid\u00e9o ci-dessous sur facebook et twitter d&rsquo;une femme dans des vestiaires, nue&#8230;<\/h2>\n<p>Comme il n&rsquo;y avait rien d&rsquo;indiqu\u00e9 en l\u00e9gende, on pensait que cette vid\u00e9o \u00e9tait \u00e0 l&rsquo;origine une pub par exemple pour un d\u00e9o mais en fait non! Il s&rsquo;agissait d&rsquo;un \u00e9pisode de la saison 1 de \u00ab\u00a0Vous les femmes\u00a0\u00bb avec dans cet extrait Olivia C\u00f4t\u00e9 une des deux actrices (la blonde) du duo de la s\u00e9rie :<\/p>\n<p>{swfremote}http:\/\/www.youtube.com\/v\/gM0ybMPM0Lo&amp;hl=fr_FR&amp;fs=1&amp;color1=0xcc2550&amp;color2=0xe87a9f{\/swfremote}<\/p>\n<p>Pour avoir rencontr\u00e9 les deux actrices, ce qui est certain c&rsquo;est qu&rsquo;elles sont vraiment sympas, et naturellement dr\u00f4les comme leur s\u00e9rie. Nous avons surtout parl\u00e9 avec Judith Siboni, la brune qui a maintenant les cheveux longs ;).<br \/>\nLes deux nanas sont de vraies copines dans la vie et \u00e7a depuis le coll\u00e8ge, elle se d\u00e9finissent elle-m\u00eame comme des s\u0153urs. Et rien que pour \u00e7a, \u00e7a donne envie d&rsquo;en savoir plus et surtout\u00a0 nous donne un autre regard sur leur travail.<\/p>\n<h2>Voici d&rsquo;ailleurs quelques autres extraits vid\u00e9os courts et efficaces qui pourrait \u00eatre repris dans des spots publicitaires.<\/h2>\n<p align=\"center\">{swfremote}http:\/\/www.wideo.fr\/video\/iLyROoafvxHG{\/swfremote}<\/p>\n<p align=\"center\">\u00a0{swfremote}http:\/\/www.dailymotion.com\/swf\/video\/x18xiq{\/swfremote}<\/p>\n<p>Petit plus, cette nouvelle saison verra l&rsquo;apparition de plusieurs guests comme M\u00e9lanie Laurent (<a href=\"index.php\/Films-romantiques-sur-le-couple-et-le-celibat\/Film-Le-concert-un-pari-fou-pour-l-amour-de-la-musique.html\">Le concert<\/a>), Miou Miou, Pierre Richard, Bruno Salomone, Fran\u00e7ois Vincentelli (<a href=\"index.php\/News-sur-le-couple-celibat-hommes-femmes\/Bientot-la-saison-2-de-Clara-Sheller.html\">Clara Sheller<\/a>), Alexandre Astier, Yannick Choirat (Cam\u00e9ra caf\u00e9),\u00a0 ou encore Philippe Duquesne\u2026<\/p>\n<p>Pour info, la s\u00e9rie a d\u00e9j\u00e0 \u00e9t\u00e9 vendue dans plus de 20 pays et l\u2019adaptation en Italie bat tous les records d\u2019audience.<\/p>\n<p>Retrouver sur Teva celle nouvelle saison in\u00e9dite de \u00ab\u00a0Vous les femmes\u00a0\u00bb \u00e0 partir du 16 avril 2010 du lundi au vendredi \u00e0 20h30.<br \/>\nSite officiel de la s\u00e9rie<\/p>\n","protected":false},"excerpt":{"rendered":"<p>Jeudi 8 Avril, on nous invitait dans les locaux de M6 pour d\u00e9couvrir en  avant-premi\u00e8re la saison 3 du programme court \u00ab\u00a0<b>Vous les femmes<\/b>\u00ab\u00a0. Oui  (d\u00e9j\u00e0) la saison 3 alors que l&rsquo;on ne connaissait pas du tout cette  s\u00e9rie! Bon en m\u00eame temps c&rsquo;est diffus\u00e9 sur T\u00e9va (chaine payante pour  certains) et vu qu&rsquo;on ne regarde pas vraiment la t\u00e9l\u00e9, on a de bonnes  excuses. <br \/> Mais peut-\u00eatre que tout comme nous, vous aviez d\u00e9j\u00e0 vu un  de leurs \u00e9pisodes sans le savoir?<\/p>\n","protected":false},"author":2,"featured_media":705,"comment_status":"open","ping_status":"open","sticky":false,"template":"","format":"standard","meta":{"_bbp_topic_count":0,"_bbp_reply_count":0,"_bbp_total_topic_count":0,"_bbp_total_reply_count":0,"_bbp_voice_count":0,"_bbp_anonymous_reply_count":0,"_bbp_topic_count_hidden":0,"_bbp_reply_count_hidden":0,"_bbp_forum_subforum_count":0,"om_disable_all_campaigns":false,"_lmt_disableupdate":"no","_lmt_disable":"","_monsterinsights_skip_tracking":false,"_monsterinsights_sitenote_active":false,"_monsterinsights_sitenote_note":"","_monsterinsights_sitenote_category":0,"_uf_show_specific_survey":0,"_uf_disable_surveys":false,"footnotes":""},"categories":[28],"tags":[],"class_list":["post-706","post","type-post","status-publish","format-standard","has-post-thumbnail","hentry","category-films"],"yoast_head":"<!-- This site is optimized with the Yoast SEO plugin v27.4 - https:\/\/yoast.com\/product\/yoast-seo-wordpress\/ -->\n<title>&quot;Vous les femmes&quot;, la saison 3 \u00e0 partir du 16 avril tous les vendredi \u00e0 20H30 sur Teva! - Les Bridgets<\/title>\n<meta name=\"robots\" content=\"index, follow, max-snippet:-1, max-image-preview:large, max-video-preview:-1\" \/>\n<link rel=\"canonical\" href=\"https:\/\/www.lesbridgets.com\/index.php\/references\/films\/qvous-les-femmesq-la-saison-3-a-partir-du-16-avril-tous-les-vendredi-a-20h30-sur-teva.html\" \/>\n<meta property=\"og:locale\" content=\"fr_FR\" \/>\n<meta property=\"og:type\" content=\"article\" \/>\n<meta property=\"og:title\" content=\"&quot;Vous les femmes&quot;, la saison 3 \u00e0 partir du 16 avril tous les vendredi \u00e0 20H30 sur Teva! - Les Bridgets\" \/>\n<meta property=\"og:description\" content=\"Jeudi 8 Avril, on nous invitait dans les locaux de M6 pour d\u00e9couvrir en avant-premi\u00e8re la saison 3 du programme court &quot;Vous les femmes&quot;. Oui (d\u00e9j\u00e0) la saison 3 alors que l&#039;on ne connaissait pas du tout cette s\u00e9rie! Bon en m\u00eame temps c&#039;est diffus\u00e9 sur T\u00e9va (chaine payante pour certains) et vu qu&#039;on ne regarde pas vraiment la t\u00e9l\u00e9, on a de bonnes excuses. Mais peut-\u00eatre que tout comme nous, vous aviez d\u00e9j\u00e0 vu un de leurs \u00e9pisodes sans le savoir?\" \/>\n<meta property=\"og:url\" content=\"https:\/\/www.lesbridgets.com\/index.php\/references\/films\/qvous-les-femmesq-la-saison-3-a-partir-du-16-avril-tous-les-vendredi-a-20h30-sur-teva.html\" \/>\n<meta property=\"og:site_name\" content=\"Les Bridgets\" \/>\n<meta property=\"article:publisher\" content=\"https:\/\/www.facebook.com\/Les.Bridgets\" \/>\n<meta property=\"article:published_time\" content=\"2010-04-13T20:46:38+00:00\" \/>\n<meta property=\"article:modified_time\" content=\"2019-12-08T14:27:13+00:00\" \/>\n<meta property=\"og:image\" content=\"https:\/\/www.lesbridgets.com\/wp-content\/uploads\/2010\/04\/vous-les-femmes-saison-3.jpg\" \/>\n\t<meta property=\"og:image:width\" content=\"230\" \/>\n\t<meta property=\"og:image:height\" content=\"154\" \/>\n\t<meta property=\"og:image:type\" content=\"image\/jpeg\" \/>\n<meta name=\"author\" content=\"Bridget\" \/>\n<meta name=\"twitter:card\" content=\"summary_large_image\" \/>\n<meta name=\"twitter:creator\" content=\"@les_bridgets\" \/>\n<meta name=\"twitter:site\" content=\"@les_bridgets\" \/>\n<meta name=\"twitter:label1\" content=\"\u00c9crit par\" \/>\n\t<meta name=\"twitter:data1\" content=\"Bridget\" \/>\n\t<meta name=\"twitter:label2\" content=\"Dur\u00e9e de lecture estim\u00e9e\" \/>\n\t<meta name=\"twitter:data2\" content=\"2 minutes\" \/>\n<script type=\"application\/ld+json\" class=\"yoast-schema-graph\">{\"@context\":\"https:\\\/\\\/schema.org\",\"@graph\":[{\"@type\":\"Article\",\"@id\":\"https:\\\/\\\/www.lesbridgets.com\\\/index.php\\\/references\\\/films\\\/qvous-les-femmesq-la-saison-3-a-partir-du-16-avril-tous-les-vendredi-a-20h30-sur-teva.html#article\",\"isPartOf\":{\"@id\":\"https:\\\/\\\/www.lesbridgets.com\\\/index.php\\\/references\\\/films\\\/qvous-les-femmesq-la-saison-3-a-partir-du-16-avril-tous-les-vendredi-a-20h30-sur-teva.html\"},\"author\":{\"name\":\"Bridget\",\"@id\":\"https:\\\/\\\/www.lesbridgets.com\\\/#\\\/schema\\\/person\\\/82a31c27ae0ddd23ee59e1e2ac5713ba\"},\"headline\":\"\u00ab\u00a0Vous les femmes\u00a0\u00bb, la saison 3 \u00e0 partir du 16 avril tous les vendredi \u00e0 20H30 sur Teva!\",\"datePublished\":\"2010-04-13T20:46:38+00:00\",\"dateModified\":\"2019-12-08T14:27:13+00:00\",\"mainEntityOfPage\":{\"@id\":\"https:\\\/\\\/www.lesbridgets.com\\\/index.php\\\/references\\\/films\\\/qvous-les-femmesq-la-saison-3-a-partir-du-16-avril-tous-les-vendredi-a-20h30-sur-teva.html\"},\"wordCount\":430,\"commentCount\":0,\"publisher\":{\"@id\":\"https:\\\/\\\/www.lesbridgets.com\\\/#organization\"},\"image\":{\"@id\":\"https:\\\/\\\/www.lesbridgets.com\\\/index.php\\\/references\\\/films\\\/qvous-les-femmesq-la-saison-3-a-partir-du-16-avril-tous-les-vendredi-a-20h30-sur-teva.html#primaryimage\"},\"thumbnailUrl\":\"https:\\\/\\\/www.lesbridgets.com\\\/wp-content\\\/uploads\\\/2010\\\/04\\\/vous-les-femmes-saison-3.jpg\",\"articleSection\":[\"Film\"],\"inLanguage\":\"fr-FR\",\"potentialAction\":[{\"@type\":\"CommentAction\",\"name\":\"Comment\",\"target\":[\"https:\\\/\\\/www.lesbridgets.com\\\/index.php\\\/references\\\/films\\\/qvous-les-femmesq-la-saison-3-a-partir-du-16-avril-tous-les-vendredi-a-20h30-sur-teva.html#respond\"]}]},{\"@type\":\"WebPage\",\"@id\":\"https:\\\/\\\/www.lesbridgets.com\\\/index.php\\\/references\\\/films\\\/qvous-les-femmesq-la-saison-3-a-partir-du-16-avril-tous-les-vendredi-a-20h30-sur-teva.html\",\"url\":\"https:\\\/\\\/www.lesbridgets.com\\\/index.php\\\/references\\\/films\\\/qvous-les-femmesq-la-saison-3-a-partir-du-16-avril-tous-les-vendredi-a-20h30-sur-teva.html\",\"name\":\"\\\"Vous les femmes\\\", la saison 3 \u00e0 partir du 16 avril tous les vendredi \u00e0 20H30 sur Teva! - Les Bridgets\",\"isPartOf\":{\"@id\":\"https:\\\/\\\/www.lesbridgets.com\\\/#website\"},\"primaryImageOfPage\":{\"@id\":\"https:\\\/\\\/www.lesbridgets.com\\\/index.php\\\/references\\\/films\\\/qvous-les-femmesq-la-saison-3-a-partir-du-16-avril-tous-les-vendredi-a-20h30-sur-teva.html#primaryimage\"},\"image\":{\"@id\":\"https:\\\/\\\/www.lesbridgets.com\\\/index.php\\\/references\\\/films\\\/qvous-les-femmesq-la-saison-3-a-partir-du-16-avril-tous-les-vendredi-a-20h30-sur-teva.html#primaryimage\"},\"thumbnailUrl\":\"https:\\\/\\\/www.lesbridgets.com\\\/wp-content\\\/uploads\\\/2010\\\/04\\\/vous-les-femmes-saison-3.jpg\",\"datePublished\":\"2010-04-13T20:46:38+00:00\",\"dateModified\":\"2019-12-08T14:27:13+00:00\",\"breadcrumb\":{\"@id\":\"https:\\\/\\\/www.lesbridgets.com\\\/index.php\\\/references\\\/films\\\/qvous-les-femmesq-la-saison-3-a-partir-du-16-avril-tous-les-vendredi-a-20h30-sur-teva.html#breadcrumb\"},\"inLanguage\":\"fr-FR\",\"potentialAction\":[{\"@type\":\"ReadAction\",\"target\":[\"https:\\\/\\\/www.lesbridgets.com\\\/index.php\\\/references\\\/films\\\/qvous-les-femmesq-la-saison-3-a-partir-du-16-avril-tous-les-vendredi-a-20h30-sur-teva.html\"]}]},{\"@type\":\"ImageObject\",\"inLanguage\":\"fr-FR\",\"@id\":\"https:\\\/\\\/www.lesbridgets.com\\\/index.php\\\/references\\\/films\\\/qvous-les-femmesq-la-saison-3-a-partir-du-16-avril-tous-les-vendredi-a-20h30-sur-teva.html#primaryimage\",\"url\":\"https:\\\/\\\/www.lesbridgets.com\\\/wp-content\\\/uploads\\\/2010\\\/04\\\/vous-les-femmes-saison-3.jpg\",\"contentUrl\":\"https:\\\/\\\/www.lesbridgets.com\\\/wp-content\\\/uploads\\\/2010\\\/04\\\/vous-les-femmes-saison-3.jpg\",\"width\":230,\"height\":154,\"caption\":\"vous les femmes\"},{\"@type\":\"BreadcrumbList\",\"@id\":\"https:\\\/\\\/www.lesbridgets.com\\\/index.php\\\/references\\\/films\\\/qvous-les-femmesq-la-saison-3-a-partir-du-16-avril-tous-les-vendredi-a-20h30-sur-teva.html#breadcrumb\",\"itemListElement\":[{\"@type\":\"ListItem\",\"position\":1,\"name\":\"Les Bridgets\",\"item\":\"https:\\\/\\\/www.lesbridgets.com\\\/\"},{\"@type\":\"ListItem\",\"position\":2,\"name\":\"R\u00e9f\u00e9rences sur le couple et le c\u00e9libat\",\"item\":\"https:\\\/\\\/www.lesbridgets.com\\\/index.php\\\/category\\\/references\"},{\"@type\":\"ListItem\",\"position\":3,\"name\":\"Film\",\"item\":\"https:\\\/\\\/www.lesbridgets.com\\\/index.php\\\/category\\\/references\\\/films\"},{\"@type\":\"ListItem\",\"position\":4,\"name\":\"\u00ab\u00a0Vous les femmes\u00a0\u00bb, la saison 3 \u00e0 partir du 16 avril tous les vendredi \u00e0 20H30 sur Teva!\"}]},{\"@type\":\"WebSite\",\"@id\":\"https:\\\/\\\/www.lesbridgets.com\\\/#website\",\"url\":\"https:\\\/\\\/www.lesbridgets.com\\\/\",\"name\":\"Les Bridgets\",\"description\":\"R\u00e9f\u00e9rences et r\u00e9flexions sur nos relations\",\"publisher\":{\"@id\":\"https:\\\/\\\/www.lesbridgets.com\\\/#organization\"},\"potentialAction\":[{\"@type\":\"SearchAction\",\"target\":{\"@type\":\"EntryPoint\",\"urlTemplate\":\"https:\\\/\\\/www.lesbridgets.com\\\/?s={search_term_string}\"},\"query-input\":{\"@type\":\"PropertyValueSpecification\",\"valueRequired\":true,\"valueName\":\"search_term_string\"}}],\"inLanguage\":\"fr-FR\"},{\"@type\":\"Organization\",\"@id\":\"https:\\\/\\\/www.lesbridgets.com\\\/#organization\",\"name\":\"Les Bridgets\",\"url\":\"https:\\\/\\\/www.lesbridgets.com\\\/\",\"logo\":{\"@type\":\"ImageObject\",\"inLanguage\":\"fr-FR\",\"@id\":\"https:\\\/\\\/www.lesbridgets.com\\\/#\\\/schema\\\/logo\\\/image\\\/\",\"url\":\"https:\\\/\\\/www.lesbridgets.com\\\/wp-content\\\/uploads\\\/2022\\\/07\\\/cropped-logo-3-lesbridgets.png\",\"contentUrl\":\"https:\\\/\\\/www.lesbridgets.com\\\/wp-content\\\/uploads\\\/2022\\\/07\\\/cropped-logo-3-lesbridgets.png\",\"width\":251,\"height\":59,\"caption\":\"Les Bridgets\"},\"image\":{\"@id\":\"https:\\\/\\\/www.lesbridgets.com\\\/#\\\/schema\\\/logo\\\/image\\\/\"},\"sameAs\":[\"https:\\\/\\\/www.facebook.com\\\/Les.Bridgets\",\"https:\\\/\\\/x.com\\\/les_bridgets\"]},{\"@type\":\"Person\",\"@id\":\"https:\\\/\\\/www.lesbridgets.com\\\/#\\\/schema\\\/person\\\/82a31c27ae0ddd23ee59e1e2ac5713ba\",\"name\":\"Bridget\",\"image\":{\"@type\":\"ImageObject\",\"inLanguage\":\"fr-FR\",\"@id\":\"https:\\\/\\\/secure.gravatar.com\\\/avatar\\\/7295cbdcf0cdf58bc2d250d0abac0622f7e9f13e4d6b98e0404f82bf994e0a55?s=96&d=mm&r=g\",\"url\":\"https:\\\/\\\/secure.gravatar.com\\\/avatar\\\/7295cbdcf0cdf58bc2d250d0abac0622f7e9f13e4d6b98e0404f82bf994e0a55?s=96&d=mm&r=g\",\"contentUrl\":\"https:\\\/\\\/secure.gravatar.com\\\/avatar\\\/7295cbdcf0cdf58bc2d250d0abac0622f7e9f13e4d6b98e0404f82bf994e0a55?s=96&d=mm&r=g\",\"caption\":\"Bridget\"}}]}<\/script>\n<!-- \/ Yoast SEO plugin. -->","yoast_head_json":{"title":"\"Vous les femmes\", la saison 3 \u00e0 partir du 16 avril tous les vendredi \u00e0 20H30 sur Teva! - Les Bridgets","robots":{"index":"index","follow":"follow","max-snippet":"max-snippet:-1","max-image-preview":"max-image-preview:large","max-video-preview":"max-video-preview:-1"},"canonical":"https:\/\/www.lesbridgets.com\/index.php\/references\/films\/qvous-les-femmesq-la-saison-3-a-partir-du-16-avril-tous-les-vendredi-a-20h30-sur-teva.html","og_locale":"fr_FR","og_type":"article","og_title":"\"Vous les femmes\", la saison 3 \u00e0 partir du 16 avril tous les vendredi \u00e0 20H30 sur Teva! - Les Bridgets","og_description":"Jeudi 8 Avril, on nous invitait dans les locaux de M6 pour d\u00e9couvrir en avant-premi\u00e8re la saison 3 du programme court \"Vous les femmes\". Oui (d\u00e9j\u00e0) la saison 3 alors que l'on ne connaissait pas du tout cette s\u00e9rie! Bon en m\u00eame temps c'est diffus\u00e9 sur T\u00e9va (chaine payante pour certains) et vu qu'on ne regarde pas vraiment la t\u00e9l\u00e9, on a de bonnes excuses. Mais peut-\u00eatre que tout comme nous, vous aviez d\u00e9j\u00e0 vu un de leurs \u00e9pisodes sans le savoir?","og_url":"https:\/\/www.lesbridgets.com\/index.php\/references\/films\/qvous-les-femmesq-la-saison-3-a-partir-du-16-avril-tous-les-vendredi-a-20h30-sur-teva.html","og_site_name":"Les Bridgets","article_publisher":"https:\/\/www.facebook.com\/Les.Bridgets","article_published_time":"2010-04-13T20:46:38+00:00","article_modified_time":"2019-12-08T14:27:13+00:00","og_image":[{"width":230,"height":154,"url":"https:\/\/www.lesbridgets.com\/wp-content\/uploads\/2010\/04\/vous-les-femmes-saison-3.jpg","type":"image\/jpeg"}],"author":"Bridget","twitter_card":"summary_large_image","twitter_creator":"@les_bridgets","twitter_site":"@les_bridgets","twitter_misc":{"\u00c9crit par":"Bridget","Dur\u00e9e de lecture estim\u00e9e":"2 minutes"},"schema":{"@context":"https:\/\/schema.org","@graph":[{"@type":"Article","@id":"https:\/\/www.lesbridgets.com\/index.php\/references\/films\/qvous-les-femmesq-la-saison-3-a-partir-du-16-avril-tous-les-vendredi-a-20h30-sur-teva.html#article","isPartOf":{"@id":"https:\/\/www.lesbridgets.com\/index.php\/references\/films\/qvous-les-femmesq-la-saison-3-a-partir-du-16-avril-tous-les-vendredi-a-20h30-sur-teva.html"},"author":{"name":"Bridget","@id":"https:\/\/www.lesbridgets.com\/#\/schema\/person\/82a31c27ae0ddd23ee59e1e2ac5713ba"},"headline":"\u00ab\u00a0Vous les femmes\u00a0\u00bb, la saison 3 \u00e0 partir du 16 avril tous les vendredi \u00e0 20H30 sur Teva!","datePublished":"2010-04-13T20:46:38+00:00","dateModified":"2019-12-08T14:27:13+00:00","mainEntityOfPage":{"@id":"https:\/\/www.lesbridgets.com\/index.php\/references\/films\/qvous-les-femmesq-la-saison-3-a-partir-du-16-avril-tous-les-vendredi-a-20h30-sur-teva.html"},"wordCount":430,"commentCount":0,"publisher":{"@id":"https:\/\/www.lesbridgets.com\/#organization"},"image":{"@id":"https:\/\/www.lesbridgets.com\/index.php\/references\/films\/qvous-les-femmesq-la-saison-3-a-partir-du-16-avril-tous-les-vendredi-a-20h30-sur-teva.html#primaryimage"},"thumbnailUrl":"https:\/\/www.lesbridgets.com\/wp-content\/uploads\/2010\/04\/vous-les-femmes-saison-3.jpg","articleSection":["Film"],"inLanguage":"fr-FR","potentialAction":[{"@type":"CommentAction","name":"Comment","target":["https:\/\/www.lesbridgets.com\/index.php\/references\/films\/qvous-les-femmesq-la-saison-3-a-partir-du-16-avril-tous-les-vendredi-a-20h30-sur-teva.html#respond"]}]},{"@type":"WebPage","@id":"https:\/\/www.lesbridgets.com\/index.php\/references\/films\/qvous-les-femmesq-la-saison-3-a-partir-du-16-avril-tous-les-vendredi-a-20h30-sur-teva.html","url":"https:\/\/www.lesbridgets.com\/index.php\/references\/films\/qvous-les-femmesq-la-saison-3-a-partir-du-16-avril-tous-les-vendredi-a-20h30-sur-teva.html","name":"\"Vous les femmes\", la saison 3 \u00e0 partir du 16 avril tous les vendredi \u00e0 20H30 sur Teva! - Les Bridgets","isPartOf":{"@id":"https:\/\/www.lesbridgets.com\/#website"},"primaryImageOfPage":{"@id":"https:\/\/www.lesbridgets.com\/index.php\/references\/films\/qvous-les-femmesq-la-saison-3-a-partir-du-16-avril-tous-les-vendredi-a-20h30-sur-teva.html#primaryimage"},"image":{"@id":"https:\/\/www.lesbridgets.com\/index.php\/references\/films\/qvous-les-femmesq-la-saison-3-a-partir-du-16-avril-tous-les-vendredi-a-20h30-sur-teva.html#primaryimage"},"thumbnailUrl":"https:\/\/www.lesbridgets.com\/wp-content\/uploads\/2010\/04\/vous-les-femmes-saison-3.jpg","datePublished":"2010-04-13T20:46:38+00:00","dateModified":"2019-12-08T14:27:13+00:00","breadcrumb":{"@id":"https:\/\/www.lesbridgets.com\/index.php\/references\/films\/qvous-les-femmesq-la-saison-3-a-partir-du-16-avril-tous-les-vendredi-a-20h30-sur-teva.html#breadcrumb"},"inLanguage":"fr-FR","potentialAction":[{"@type":"ReadAction","target":["https:\/\/www.lesbridgets.com\/index.php\/references\/films\/qvous-les-femmesq-la-saison-3-a-partir-du-16-avril-tous-les-vendredi-a-20h30-sur-teva.html"]}]},{"@type":"ImageObject","inLanguage":"fr-FR","@id":"https:\/\/www.lesbridgets.com\/index.php\/references\/films\/qvous-les-femmesq-la-saison-3-a-partir-du-16-avril-tous-les-vendredi-a-20h30-sur-teva.html#primaryimage","url":"https:\/\/www.lesbridgets.com\/wp-content\/uploads\/2010\/04\/vous-les-femmes-saison-3.jpg","contentUrl":"https:\/\/www.lesbridgets.com\/wp-content\/uploads\/2010\/04\/vous-les-femmes-saison-3.jpg","width":230,"height":154,"caption":"vous les femmes"},{"@type":"BreadcrumbList","@id":"https:\/\/www.lesbridgets.com\/index.php\/references\/films\/qvous-les-femmesq-la-saison-3-a-partir-du-16-avril-tous-les-vendredi-a-20h30-sur-teva.html#breadcrumb","itemListElement":[{"@type":"ListItem","position":1,"name":"Les Bridgets","item":"https:\/\/www.lesbridgets.com\/"},{"@type":"ListItem","position":2,"name":"R\u00e9f\u00e9rences sur le couple et le c\u00e9libat","item":"https:\/\/www.lesbridgets.com\/index.php\/category\/references"},{"@type":"ListItem","position":3,"name":"Film","item":"https:\/\/www.lesbridgets.com\/index.php\/category\/references\/films"},{"@type":"ListItem","position":4,"name":"\u00ab\u00a0Vous les femmes\u00a0\u00bb, la saison 3 \u00e0 partir du 16 avril tous les vendredi \u00e0 20H30 sur Teva!"}]},{"@type":"WebSite","@id":"https:\/\/www.lesbridgets.com\/#website","url":"https:\/\/www.lesbridgets.com\/","name":"Les Bridgets","description":"R\u00e9f\u00e9rences et r\u00e9flexions sur nos relations","publisher":{"@id":"https:\/\/www.lesbridgets.com\/#organization"},"potentialAction":[{"@type":"SearchAction","target":{"@type":"EntryPoint","urlTemplate":"https:\/\/www.lesbridgets.com\/?s={search_term_string}"},"query-input":{"@type":"PropertyValueSpecification","valueRequired":true,"valueName":"search_term_string"}}],"inLanguage":"fr-FR"},{"@type":"Organization","@id":"https:\/\/www.lesbridgets.com\/#organization","name":"Les Bridgets","url":"https:\/\/www.lesbridgets.com\/","logo":{"@type":"ImageObject","inLanguage":"fr-FR","@id":"https:\/\/www.lesbridgets.com\/#\/schema\/logo\/image\/","url":"https:\/\/www.lesbridgets.com\/wp-content\/uploads\/2022\/07\/cropped-logo-3-lesbridgets.png","contentUrl":"https:\/\/www.lesbridgets.com\/wp-content\/uploads\/2022\/07\/cropped-logo-3-lesbridgets.png","width":251,"height":59,"caption":"Les Bridgets"},"image":{"@id":"https:\/\/www.lesbridgets.com\/#\/schema\/logo\/image\/"},"sameAs":["https:\/\/www.facebook.com\/Les.Bridgets","https:\/\/x.com\/les_bridgets"]},{"@type":"Person","@id":"https:\/\/www.lesbridgets.com\/#\/schema\/person\/82a31c27ae0ddd23ee59e1e2ac5713ba","name":"Bridget","image":{"@type":"ImageObject","inLanguage":"fr-FR","@id":"https:\/\/secure.gravatar.com\/avatar\/7295cbdcf0cdf58bc2d250d0abac0622f7e9f13e4d6b98e0404f82bf994e0a55?s=96&d=mm&r=g","url":"https:\/\/secure.gravatar.com\/avatar\/7295cbdcf0cdf58bc2d250d0abac0622f7e9f13e4d6b98e0404f82bf994e0a55?s=96&d=mm&r=g","contentUrl":"https:\/\/secure.gravatar.com\/avatar\/7295cbdcf0cdf58bc2d250d0abac0622f7e9f13e4d6b98e0404f82bf994e0a55?s=96&d=mm&r=g","caption":"Bridget"}}]}},"modified_by":"Bridget","_links":{"self":[{"href":"https:\/\/www.lesbridgets.com\/index.php\/wp-json\/wp\/v2\/posts\/706","targetHints":{"allow":["GET"]}}],"collection":[{"href":"https:\/\/www.lesbridgets.com\/index.php\/wp-json\/wp\/v2\/posts"}],"about":[{"href":"https:\/\/www.lesbridgets.com\/index.php\/wp-json\/wp\/v2\/types\/post"}],"author":[{"embeddable":true,"href":"https:\/\/www.lesbridgets.com\/index.php\/wp-json\/wp\/v2\/users\/2"}],"replies":[{"embeddable":true,"href":"https:\/\/www.lesbridgets.com\/index.php\/wp-json\/wp\/v2\/comments?post=706"}],"version-history":[{"count":3,"href":"https:\/\/www.lesbridgets.com\/index.php\/wp-json\/wp\/v2\/posts\/706\/revisions"}],"predecessor-version":[{"id":249794,"href":"https:\/\/www.lesbridgets.com\/index.php\/wp-json\/wp\/v2\/posts\/706\/revisions\/249794"}],"wp:featuredmedia":[{"embeddable":true,"href":"https:\/\/www.lesbridgets.com\/index.php\/wp-json\/wp\/v2\/media\/705"}],"wp:attachment":[{"href":"https:\/\/www.lesbridgets.com\/index.php\/wp-json\/wp\/v2\/media?parent=706"}],"wp:term":[{"taxonomy":"category","embeddable":true,"href":"https:\/\/www.lesbridgets.com\/index.php\/wp-json\/wp\/v2\/categories?post=706"},{"taxonomy":"post_tag","embeddable":true,"href":"https:\/\/www.lesbridgets.com\/index.php\/wp-json\/wp\/v2\/tags?post=706"}],"curies":[{"name":"wp","href":"https:\/\/api.w.org\/{rel}","templated":true}]}}