{"id":483,"date":"2009-07-03T13:32:17","date_gmt":"2009-07-03T11:32:17","guid":{"rendered":"http:\/\/lesbridg.cluster015.ovh.net\/wordpress\/index.php\/news-sur-le-couple-celibat-hommes-femmes\/le-bal-des-pompiers-de-paris-du-14-juillet-2009-on-y-sera.html"},"modified":"2025-04-24T19:24:29","modified_gmt":"2025-04-24T17:24:29","slug":"le-bal-des-pompiers-de-paris-du-14-juillet-2009-on-y-sera","status":"publish","type":"post","link":"https:\/\/www.lesbridgets.com\/index.php\/nouveaute\/news-couple-celibataire\/le-bal-des-pompiers-de-paris-du-14-juillet-2009-on-y-sera.html","title":{"rendered":"Le bal des pompiers (de Paris) du 14 juillet 2009, on y sera"},"content":{"rendered":"<p>Le pompier est-il un mythe ou toujours un fantasme pour beaucoup de femmes? Ce n&rsquo;est plus \u00e0 prouver, nous sommes beaucoup \u00e0 les aimer dans leur petit pantalon moulant \u00e0 fine rayure rouge.<\/p>\n<p>Pour \u00eatre tr\u00e8s clich\u00e9, l&rsquo;uniforme pla\u00eet encore, et il a encore de belles d\u00e9cennies devant lui. Donc s\u2019il y a un endroit o\u00f9 il faut \u00eatre le 13 juillet au soir, voire \u00e9galement le 14, c&rsquo;est au bal des pompiers!<\/p>\n<h2><span style=\"line-height: 1.3em;\">Mais tout d&rsquo;abord qu&rsquo;est-ce qui nous pla\u00eet tant chez les pompiers?<\/span><\/h2>\n<p><span style=\"font-size: 10pt; font-family: Arial; color: black;\">Il semblerait que le fantasme des uniformes ait un rapport avec l&rsquo;anonymat, qui permettrait de laisser libre court \u00e0 son imagination sur ce pompier parmi tous les autres. <br \/> Et particuli\u00e8rement, chez le pompier qui lui, a ce c\u00f4t\u00e9 courageux, serviable et sportif&#8230;<\/p>\n<p> Donc si vous \u00eates une nana c\u00e9libataire et proche d&rsquo;un bal des pompiers le 13 juillet au soir, on se d\u00e9connecte des sites de rencontres\/Facebook\/Twitter et autres r\u00e9seaux sociaux, on met sa plus belle robe et on file rencontrer des vrais gens&#8230;<br \/> Et si tu es un mec c\u00e9libataire, sache que beaucoup de nanas c\u00e9libataires seront l\u00e0 donc tu auras toi aussi l&#8217;embarras du choix !<\/p>\n<p> D\u00e9formation parisienne (parce que oui pour ceux qui n&rsquo;auraient pas suivi maintenant les Bridgets sont sur Paris ;), et qu&rsquo;elles comptent bien tester les bals des pompiers) :<\/span><\/p>\n<h2>Voici un petit aper\u00e7u du programme de tous les bals qui auront lieu dans les arrondissements de Paris les 13 et 14 juillet 2009.<\/h2>\n<p>Avec pour commencer une petite carte \u00ab\u00a0fait maison\u00a0\u00bb pour situer le bal le plus proche de chez vous&#8230;<\/p>\n<p> <center><iframe loading=\"lazy\" src=\"http:\/\/maps.google.fr\/maps\/ms?client=firefox-a&amp;hl=fr&amp;ie=UTF8&amp;msa=0&amp;msid=100029449931429307455.00046e406e442849265fc&amp;ll=48.886378,2.319703&amp;spn=6.673247,13.952637&amp;output=embed\" width=\"425\" height=\"350\" frameborder=\"0\" marginwidth=\"0\" marginheight=\"0\" scrolling=\"no\"><\/iframe><br \/><small>Afficher <a style=\"color: #0000ff; text-align: left;\" href=\"http:\/\/maps.google.fr\/maps\/ms?client=firefox-a&amp;hl=fr&amp;ie=UTF8&amp;msa=0&amp;msid=100029449931429307455.00046e406e442849265fc&amp;ll=48.886378,2.319703&amp;spn=6.673247,13.952637&amp;source=embed\">Les bals des pompiers de Paris 2009<\/a> sur une carte plus grande<\/small><\/center> <\/p>\n<p>\u00a0<\/p>\n<p><strong>Paris 1er \u2013 Rousseau \u2013 21 rue du Jour<\/strong><\/p>\n<p>Dates: 13 et 14 juillet<br \/>Horaires: de 21h \u00e0 4h<br \/>Animation : groupe, DJ (un des pompiers), bar \u00e0 champagne<br \/>Ambiance : Vari\u00e9t\u00e9 et musique du moment<br \/>Prix : gratuit, \u00e0 l\u2019entr\u00e9e chacun donne ce qu\u2019il veut<\/p>\n<p><strong>Paris 4\u00e8me \u2013 S\u00e9vign\u00e9 \u2013 7 rue de S\u00e9vign\u00e9<\/strong><br \/>Hotel Paris<\/p>\n<p>Dates : 13 et 14 juillet<br \/>Horaires : de 21h \u00e0 4h<br \/>Animations : orchestre dans la cour, DJ dans la salle \u00e0 l\u2019int\u00e9rieur (le DJ est un des pompiers !)<br \/>Ambiance : tr\u00e8s vari\u00e9e pour l\u2019orchestre, plus \u2018bo\u00eete de nuit\u2019 pour le DJ<br \/>Prix : entr\u00e9e 6 euros comprenant une consommation gratuite<br \/>Attention: cette caserne est assez petit. Arrivez t\u00f4t !<\/p>\n<p><strong>Paris 6\u00e8me \u2013 Colombier \u2013 11 rue du Vieux-Colombier<\/strong><\/p>\n<p>Dates : 13 et 14 juillet<br \/>Horaires : de 21h \u00e0 4h<br \/>Animation : DJ (tous styles de musique)<br \/>Ambiance : bar champagne, stand soda, vente de sandwichs<br \/>Prix : gratuit, \u00e0 l\u2019entr\u00e9e chacun donne ce qu\u2019il veut<br \/>Ce bal appara\u00eet comme l\u2019un des plus r\u00e9put\u00e9s de Paris.<\/p>\n<p><strong>Paris 9\u00e8me \u2013 Blanche \u2013 28 rue Blanche<\/strong><\/p>\n<p>Dates: 13 et 14 juillet<br \/>Horaires: de 21h \u00e0 4h<br \/>Animations : tombola<br \/>Ambiance : musique pas encore d\u00e9finie<br \/>Prix : gratuit, \u00e0 l\u2019entr\u00e9e chacun donne ce qu\u2019il veut<\/p>\n<p><strong>Paris 10\u00e8me \u2013 Ch\u00e2teau-Landon \u2013 186 quai de Valmy<br \/><\/strong><br \/>Dates: 13 et 14 juillet<br \/>Horaires: A partir de 21h<br \/>Animations: Ouverture l\u2019apr\u00e8s-midi avec animations pour les enfants. Orchestre le soir<br \/>Ambiance : Vari\u00e9t\u00e9 et musique du moment<br \/>Prix : gratuit, \u00e0 l\u2019entr\u00e9e chacun donne ce qu\u2019il veut<\/p>\n<p><strong>Paris 12\u00e8me \u2013 Chaligny \u2013 57 boulevard Diderot \/ 26 rue Chaligny<\/strong><\/p>\n<p>Dates: 13 et 14 juillet<br \/>Horaires: de 21h \u00e0 4h<br \/>Animation : l\u2019Orchestre Normandie, stands de boissons, chamboule tout\u2026<br \/>Ambiance : Vari\u00e9t\u00e9<br \/>Prix : gratuit, \u00e0 l\u2019entr\u00e9e chacun donne ce qu\u2019il veut<br \/>Ce bal a \u00e9t\u00e9 largement pl\u00e9biscit\u00e9 par nos lecteurs l\u2019ann\u00e9e derni\u00e8re<\/p>\n<p><strong>Paris 13\u00e8me \u2013 Port-Royal \u2013 55 boulevard de Port-Royal<\/strong><\/p>\n<p>Dates : 13 et 14 juillet<br \/>Horaires : de 21h \u00e0 4h<br \/>Animation : DJ<br \/>Prix : gratuit, \u00e0 l\u2019entr\u00e9e chacun donne ce qu\u2019il veut<\/p>\n<p><strong>Paris 13\u00e8me \u2013 Mass\u00e9na \u2013 39 boulevard Mass\u00e9na<\/strong><\/p>\n<p>Dates: 13 et 14 juillet<br \/>Horaires: logiquement \u00e0 partir de 21h<br \/>Animations: cette caserne a refus\u00e9 de nous r\u00e9pondre<br \/>Ambiance : cette caserne a refus\u00e9 de nous r\u00e9pondre<br \/>Prix cette caserne a refus\u00e9 de nous r\u00e9pondre. Nous savons seulement que le bal se d\u00e9roule \u00e0 l\u2019int\u00e9rieur, utile s\u2019il pleut !<br \/><strong><br \/>Paris 15\u00e8me \u2013 Grenelle \u2013 6 place Violet<\/strong><\/p>\n<p>Dates : 13 et 14 juillet<br \/>Horaires : de 21h \u00e0 4h<br \/>Animation : DJ (tous styles), bar champagne, petite restauration<br \/>Prix : gratuit, \u00e0 l\u2019entr\u00e9e chacun donne ce qu\u2019il veut<br \/><strong><br \/>Paris 17\u00e8me \u2013 Champerret \u2013 1 place Jules Renard<\/strong><\/p>\n<p>Dates : 13 et 14 juillet<br \/>Horaires : de 21h \u00e0 4h<br \/>Animations : grande caserne avec orchestre dans la cour et DJ en salle<br \/>Prix : gratuit, \u00e0 l\u2019entr\u00e9e chacun donne ce qu\u2019il veut<\/p>\n<p><strong>Paris 17\u00e8me \u2013 Boursault \u2013 27 rue Boursault<\/strong><\/p>\n<p>Dates : uniquement le 13 juillet<br \/>Horaires : de 21h \u00e0 4h<br \/>Animations : groupe anglais, tombola, bar<br \/>Prix : gratuit, \u00e0 l\u2019entr\u00e9e chacun donne ce qu\u2019il veut<\/p>\n<p><strong>Paris 18\u00e8me \u2013 Carpeaux \u2013 12 rue Carpeaux<\/strong><\/p>\n<p>Dates : uniquement le 13 juillet<br \/>Horaires : de 21h \u00e0 4h<br \/>Animations : la caserne vient de rouvrir apr\u00e8s 2 ans de travaux.. Parade \u00e0 la lumi\u00e8re des lampions \u00e0 partir de la place Jules-Joffrin \u00e0 20h30<br \/>Prix : gratuit, \u00e0 l\u2019entr\u00e9e chacun donne ce qu\u2019il veut<br \/><strong><br \/>Paris 19\u00e8me \u2013 Bitche \u2013 2 place de Bitche<\/strong><\/p>\n<p>Dates: uniquement le 13<br \/>Horaires: de 21h \u00e0 4h<br \/>Ambiance : Vari\u00e9t\u00e9 et musique du moment<br \/>Prix : gratuit, \u00e0 l\u2019entr\u00e9e chacun donne ce qu\u2019il veut<\/p>\n<p><strong>Paris 20\u00e8me \u2013 M\u00e9nilmontant \u2013 47 rue Saint-Fargeau<\/strong><\/p>\n<p>Dates: 13 et 14 juillet<br \/>Horaires: de 20h \u00e0 4h<br \/>Animations: tombola, bars, spectacle de striptease fait par des pompiers !!! Groupe ou DJ (\u00e0 confirmer)<br \/>Prix : entr\u00e9e 3 euros<\/p>\n<p>\u00a0<\/p>\n<p>&#8212;&#8212;&#8212;&#8212;&#8212;&#8212;&#8212;&#8212;&#8212;&#8212;&#8211;<\/p>\n<p>\u00a0<\/p>\n<p>Pour ceux et celles qui auraient d\u00e9j\u00e0 test\u00e9 plusieurs de ces bals, arrondissements, n&rsquo;h\u00e9sitez pas \u00e0 nous donner votre avis dans les commentaires. <br \/>Pour plus d&rsquo;infos, vous pouvez consulter le site des pompiers Pompiers de Paris avec un fichier Word \u00e0 t\u00e9l\u00e9charger.(oh les pauvres ils ont personne pour le faire un petit pdf \ud83d\ude09 )<\/p>\n<h2>Voil\u00e0 quelques t\u00e9moignages que nous avons trouv\u00e9s sur ses fameux bals des pompiers!<\/h2>\n<p>Maureen qui a t\u00e9st\u00e9 <a href=\"http:\/\/itipoe.wordpress.com\/2008\/07\/15\/le-bal-des-pompiers\/\" target=\"_blank\" rel=\"noopener noreferrer\">les bals de Port-Royal et Ch\u00e2teau Landon<\/a>.<br \/>Bibi qui n&rsquo;a pas test\u00e9 mais qui nous confirme l&rsquo;attrait pour l&rsquo;uniforme des pompiers et nous encourage \u00e0 y aller .<br \/> Et Romy que nous citons \u00ab\u00a0c\u2019est very bien le bal des pompiers\u00a0: tout le monde danse, sans complexe, vrai sourire aux l\u00e8vres&#8230; &lsquo;<\/p>\n<p>Nous avons lanc\u00e9 un appel sur twitter, voici ceux que l&rsquo;on nous a recommand\u00e9s sur Paris :<\/p>\n<ul>\n<li><span class=\"status-body\"><span class=\"entry-content\">caserne de Port-Royal<\/span><\/span><\/li>\n<li><span class=\"status-body\"><span class=\"entry-content\">porte de champerret<\/span><\/span><\/li>\n<li><span class=\"status-body\"><span class=\"entry-content\">caserne Reuilly Diderot et quai de Valmy<\/span><\/span><\/li>\n<\/ul>\n<p>Promis apr\u00e8s le 14 juillet, un article \u00e0 venir \u00ab\u00a0les Bridgets ont test\u00e9 pour vous le bal des Pompiers de Paris\u00a0\u00bb \ud83d\ude09<\/p>\n<p>Source de la photo et du programme<\/p>\n","protected":false},"excerpt":{"rendered":"<p>Le pompier est-il un mythe ou toujours un fantasme pour beaucoup de femmes? Ce n&rsquo;est plus \u00e0 prouver, nous sommes beaucoup \u00e0 les aimer dans leur petit pantalon moulant \u00e0 fine rayure rouge.<\/p>\n<p>Pour \u00eatre tr\u00e8s clich\u00e9, l&rsquo;uniforme pla\u00eet encore, et il a encore de belles d\u00e9cennies devant lui. Donc s\u2019il y a un endroit o\u00f9 il faut \u00eatre le 13 juillet au soir, voire \u00e9galement le 14, c&rsquo;est au bal des pompiers!<\/p>\n","protected":false},"author":2,"featured_media":482,"comment_status":"open","ping_status":"open","sticky":false,"template":"","format":"standard","meta":{"_bbp_topic_count":0,"_bbp_reply_count":0,"_bbp_total_topic_count":0,"_bbp_total_reply_count":0,"_bbp_voice_count":0,"_bbp_anonymous_reply_count":0,"_bbp_topic_count_hidden":0,"_bbp_reply_count_hidden":0,"_bbp_forum_subforum_count":0,"om_disable_all_campaigns":false,"_lmt_disableupdate":"","_lmt_disable":"","_monsterinsights_skip_tracking":false,"_monsterinsights_sitenote_active":false,"_monsterinsights_sitenote_note":"","_monsterinsights_sitenote_category":0,"_uf_show_specific_survey":0,"_uf_disable_surveys":false,"footnotes":""},"categories":[16],"tags":[255],"class_list":["post-483","post","type-post","status-publish","format-standard","has-post-thumbnail","hentry","category-news-couple-celibataire","tag-bal-des-pompiers-de-paris"],"yoast_head":"<!-- This site is optimized with the Yoast SEO plugin v27.4 - https:\/\/yoast.com\/product\/yoast-seo-wordpress\/ -->\n<title>Le bal des pompiers (de Paris) du 14 juillet 2009, on y sera - Les Bridgets<\/title>\n<meta name=\"robots\" content=\"index, follow, max-snippet:-1, max-image-preview:large, max-video-preview:-1\" \/>\n<link rel=\"canonical\" href=\"https:\/\/www.lesbridgets.com\/index.php\/nouveaute\/news-couple-celibataire\/le-bal-des-pompiers-de-paris-du-14-juillet-2009-on-y-sera.html\" \/>\n<meta property=\"og:locale\" content=\"fr_FR\" \/>\n<meta property=\"og:type\" content=\"article\" \/>\n<meta property=\"og:title\" content=\"Le bal des pompiers (de Paris) du 14 juillet 2009, on y sera - Les Bridgets\" \/>\n<meta property=\"og:description\" content=\"Le pompier est-il un mythe ou toujours un fantasme pour beaucoup de femmes? Ce n&#039;est plus \u00e0 prouver, nous sommes beaucoup \u00e0 les aimer dans leur petit pantalon moulant \u00e0 fine rayure rouge. Pour \u00eatre tr\u00e8s clich\u00e9, l&#039;uniforme pla\u00eet encore, et il a encore de belles d\u00e9cennies devant lui. Donc s\u2019il y a un endroit o\u00f9 il faut \u00eatre le 13 juillet au soir, voire \u00e9galement le 14, c&#039;est au bal des pompiers!\" \/>\n<meta property=\"og:url\" content=\"https:\/\/www.lesbridgets.com\/index.php\/nouveaute\/news-couple-celibataire\/le-bal-des-pompiers-de-paris-du-14-juillet-2009-on-y-sera.html\" \/>\n<meta property=\"og:site_name\" content=\"Les Bridgets\" \/>\n<meta property=\"article:publisher\" content=\"https:\/\/www.facebook.com\/Les.Bridgets\" \/>\n<meta property=\"article:published_time\" content=\"2009-07-03T11:32:17+00:00\" \/>\n<meta property=\"article:modified_time\" content=\"2025-04-24T17:24:29+00:00\" \/>\n<meta property=\"og:image\" content=\"https:\/\/www.lesbridgets.com\/wp-content\/uploads\/2009\/07\/pompier-bal-paris.jpg\" \/>\n\t<meta property=\"og:image:width\" content=\"230\" \/>\n\t<meta property=\"og:image:height\" content=\"186\" \/>\n\t<meta property=\"og:image:type\" content=\"image\/jpeg\" \/>\n<meta name=\"author\" content=\"Bridget\" \/>\n<meta name=\"twitter:card\" content=\"summary_large_image\" \/>\n<meta name=\"twitter:creator\" content=\"@les_bridgets\" \/>\n<meta name=\"twitter:site\" content=\"@les_bridgets\" \/>\n<meta name=\"twitter:label1\" content=\"\u00c9crit par\" \/>\n\t<meta name=\"twitter:data1\" content=\"Bridget\" \/>\n\t<meta name=\"twitter:label2\" content=\"Dur\u00e9e de lecture estim\u00e9e\" \/>\n\t<meta name=\"twitter:data2\" content=\"5 minutes\" \/>\n<script type=\"application\/ld+json\" class=\"yoast-schema-graph\">{\"@context\":\"https:\\\/\\\/schema.org\",\"@graph\":[{\"@type\":\"Article\",\"@id\":\"https:\\\/\\\/www.lesbridgets.com\\\/index.php\\\/nouveaute\\\/news-couple-celibataire\\\/le-bal-des-pompiers-de-paris-du-14-juillet-2009-on-y-sera.html#article\",\"isPartOf\":{\"@id\":\"https:\\\/\\\/www.lesbridgets.com\\\/index.php\\\/nouveaute\\\/news-couple-celibataire\\\/le-bal-des-pompiers-de-paris-du-14-juillet-2009-on-y-sera.html\"},\"author\":{\"name\":\"Bridget\",\"@id\":\"https:\\\/\\\/www.lesbridgets.com\\\/#\\\/schema\\\/person\\\/82a31c27ae0ddd23ee59e1e2ac5713ba\"},\"headline\":\"Le bal des pompiers (de Paris) du 14 juillet 2009, on y sera\",\"datePublished\":\"2009-07-03T11:32:17+00:00\",\"dateModified\":\"2025-04-24T17:24:29+00:00\",\"mainEntityOfPage\":{\"@id\":\"https:\\\/\\\/www.lesbridgets.com\\\/index.php\\\/nouveaute\\\/news-couple-celibataire\\\/le-bal-des-pompiers-de-paris-du-14-juillet-2009-on-y-sera.html\"},\"wordCount\":1021,\"commentCount\":18,\"publisher\":{\"@id\":\"https:\\\/\\\/www.lesbridgets.com\\\/#organization\"},\"image\":{\"@id\":\"https:\\\/\\\/www.lesbridgets.com\\\/index.php\\\/nouveaute\\\/news-couple-celibataire\\\/le-bal-des-pompiers-de-paris-du-14-juillet-2009-on-y-sera.html#primaryimage\"},\"thumbnailUrl\":\"https:\\\/\\\/www.lesbridgets.com\\\/wp-content\\\/uploads\\\/2009\\\/07\\\/pompier-bal-paris.jpg\",\"keywords\":[\"bal des pompiers de paris\"],\"articleSection\":[\"Nouveau\"],\"inLanguage\":\"fr-FR\",\"potentialAction\":[{\"@type\":\"CommentAction\",\"name\":\"Comment\",\"target\":[\"https:\\\/\\\/www.lesbridgets.com\\\/index.php\\\/nouveaute\\\/news-couple-celibataire\\\/le-bal-des-pompiers-de-paris-du-14-juillet-2009-on-y-sera.html#respond\"]}]},{\"@type\":\"WebPage\",\"@id\":\"https:\\\/\\\/www.lesbridgets.com\\\/index.php\\\/nouveaute\\\/news-couple-celibataire\\\/le-bal-des-pompiers-de-paris-du-14-juillet-2009-on-y-sera.html\",\"url\":\"https:\\\/\\\/www.lesbridgets.com\\\/index.php\\\/nouveaute\\\/news-couple-celibataire\\\/le-bal-des-pompiers-de-paris-du-14-juillet-2009-on-y-sera.html\",\"name\":\"Le bal des pompiers (de Paris) du 14 juillet 2009, on y sera - Les Bridgets\",\"isPartOf\":{\"@id\":\"https:\\\/\\\/www.lesbridgets.com\\\/#website\"},\"primaryImageOfPage\":{\"@id\":\"https:\\\/\\\/www.lesbridgets.com\\\/index.php\\\/nouveaute\\\/news-couple-celibataire\\\/le-bal-des-pompiers-de-paris-du-14-juillet-2009-on-y-sera.html#primaryimage\"},\"image\":{\"@id\":\"https:\\\/\\\/www.lesbridgets.com\\\/index.php\\\/nouveaute\\\/news-couple-celibataire\\\/le-bal-des-pompiers-de-paris-du-14-juillet-2009-on-y-sera.html#primaryimage\"},\"thumbnailUrl\":\"https:\\\/\\\/www.lesbridgets.com\\\/wp-content\\\/uploads\\\/2009\\\/07\\\/pompier-bal-paris.jpg\",\"datePublished\":\"2009-07-03T11:32:17+00:00\",\"dateModified\":\"2025-04-24T17:24:29+00:00\",\"breadcrumb\":{\"@id\":\"https:\\\/\\\/www.lesbridgets.com\\\/index.php\\\/nouveaute\\\/news-couple-celibataire\\\/le-bal-des-pompiers-de-paris-du-14-juillet-2009-on-y-sera.html#breadcrumb\"},\"inLanguage\":\"fr-FR\",\"potentialAction\":[{\"@type\":\"ReadAction\",\"target\":[\"https:\\\/\\\/www.lesbridgets.com\\\/index.php\\\/nouveaute\\\/news-couple-celibataire\\\/le-bal-des-pompiers-de-paris-du-14-juillet-2009-on-y-sera.html\"]}]},{\"@type\":\"ImageObject\",\"inLanguage\":\"fr-FR\",\"@id\":\"https:\\\/\\\/www.lesbridgets.com\\\/index.php\\\/nouveaute\\\/news-couple-celibataire\\\/le-bal-des-pompiers-de-paris-du-14-juillet-2009-on-y-sera.html#primaryimage\",\"url\":\"https:\\\/\\\/www.lesbridgets.com\\\/wp-content\\\/uploads\\\/2009\\\/07\\\/pompier-bal-paris.jpg\",\"contentUrl\":\"https:\\\/\\\/www.lesbridgets.com\\\/wp-content\\\/uploads\\\/2009\\\/07\\\/pompier-bal-paris.jpg\",\"width\":230,\"height\":186,\"caption\":\"Pompier bal du 14 juillet\"},{\"@type\":\"BreadcrumbList\",\"@id\":\"https:\\\/\\\/www.lesbridgets.com\\\/index.php\\\/nouveaute\\\/news-couple-celibataire\\\/le-bal-des-pompiers-de-paris-du-14-juillet-2009-on-y-sera.html#breadcrumb\",\"itemListElement\":[{\"@type\":\"ListItem\",\"position\":1,\"name\":\"Les Bridgets\",\"item\":\"https:\\\/\\\/www.lesbridgets.com\\\/\"},{\"@type\":\"ListItem\",\"position\":2,\"name\":\"Actu\",\"item\":\"https:\\\/\\\/www.lesbridgets.com\\\/index.php\\\/category\\\/nouveaute\"},{\"@type\":\"ListItem\",\"position\":3,\"name\":\"Nouveau\",\"item\":\"https:\\\/\\\/www.lesbridgets.com\\\/index.php\\\/category\\\/nouveaute\\\/news-couple-celibataire\"},{\"@type\":\"ListItem\",\"position\":4,\"name\":\"Le bal des pompiers (de Paris) du 14 juillet 2009, on y sera\"}]},{\"@type\":\"WebSite\",\"@id\":\"https:\\\/\\\/www.lesbridgets.com\\\/#website\",\"url\":\"https:\\\/\\\/www.lesbridgets.com\\\/\",\"name\":\"Les Bridgets\",\"description\":\"R\u00e9f\u00e9rences et r\u00e9flexions sur nos relations\",\"publisher\":{\"@id\":\"https:\\\/\\\/www.lesbridgets.com\\\/#organization\"},\"potentialAction\":[{\"@type\":\"SearchAction\",\"target\":{\"@type\":\"EntryPoint\",\"urlTemplate\":\"https:\\\/\\\/www.lesbridgets.com\\\/?s={search_term_string}\"},\"query-input\":{\"@type\":\"PropertyValueSpecification\",\"valueRequired\":true,\"valueName\":\"search_term_string\"}}],\"inLanguage\":\"fr-FR\"},{\"@type\":\"Organization\",\"@id\":\"https:\\\/\\\/www.lesbridgets.com\\\/#organization\",\"name\":\"Les Bridgets\",\"url\":\"https:\\\/\\\/www.lesbridgets.com\\\/\",\"logo\":{\"@type\":\"ImageObject\",\"inLanguage\":\"fr-FR\",\"@id\":\"https:\\\/\\\/www.lesbridgets.com\\\/#\\\/schema\\\/logo\\\/image\\\/\",\"url\":\"https:\\\/\\\/www.lesbridgets.com\\\/wp-content\\\/uploads\\\/2022\\\/07\\\/cropped-logo-3-lesbridgets.png\",\"contentUrl\":\"https:\\\/\\\/www.lesbridgets.com\\\/wp-content\\\/uploads\\\/2022\\\/07\\\/cropped-logo-3-lesbridgets.png\",\"width\":251,\"height\":59,\"caption\":\"Les Bridgets\"},\"image\":{\"@id\":\"https:\\\/\\\/www.lesbridgets.com\\\/#\\\/schema\\\/logo\\\/image\\\/\"},\"sameAs\":[\"https:\\\/\\\/www.facebook.com\\\/Les.Bridgets\",\"https:\\\/\\\/x.com\\\/les_bridgets\"]},{\"@type\":\"Person\",\"@id\":\"https:\\\/\\\/www.lesbridgets.com\\\/#\\\/schema\\\/person\\\/82a31c27ae0ddd23ee59e1e2ac5713ba\",\"name\":\"Bridget\",\"image\":{\"@type\":\"ImageObject\",\"inLanguage\":\"fr-FR\",\"@id\":\"https:\\\/\\\/secure.gravatar.com\\\/avatar\\\/7295cbdcf0cdf58bc2d250d0abac0622f7e9f13e4d6b98e0404f82bf994e0a55?s=96&d=mm&r=g\",\"url\":\"https:\\\/\\\/secure.gravatar.com\\\/avatar\\\/7295cbdcf0cdf58bc2d250d0abac0622f7e9f13e4d6b98e0404f82bf994e0a55?s=96&d=mm&r=g\",\"contentUrl\":\"https:\\\/\\\/secure.gravatar.com\\\/avatar\\\/7295cbdcf0cdf58bc2d250d0abac0622f7e9f13e4d6b98e0404f82bf994e0a55?s=96&d=mm&r=g\",\"caption\":\"Bridget\"}}]}<\/script>\n<!-- \/ Yoast SEO plugin. -->","yoast_head_json":{"title":"Le bal des pompiers (de Paris) du 14 juillet 2009, on y sera - Les Bridgets","robots":{"index":"index","follow":"follow","max-snippet":"max-snippet:-1","max-image-preview":"max-image-preview:large","max-video-preview":"max-video-preview:-1"},"canonical":"https:\/\/www.lesbridgets.com\/index.php\/nouveaute\/news-couple-celibataire\/le-bal-des-pompiers-de-paris-du-14-juillet-2009-on-y-sera.html","og_locale":"fr_FR","og_type":"article","og_title":"Le bal des pompiers (de Paris) du 14 juillet 2009, on y sera - Les Bridgets","og_description":"Le pompier est-il un mythe ou toujours un fantasme pour beaucoup de femmes? Ce n'est plus \u00e0 prouver, nous sommes beaucoup \u00e0 les aimer dans leur petit pantalon moulant \u00e0 fine rayure rouge. Pour \u00eatre tr\u00e8s clich\u00e9, l'uniforme pla\u00eet encore, et il a encore de belles d\u00e9cennies devant lui. Donc s\u2019il y a un endroit o\u00f9 il faut \u00eatre le 13 juillet au soir, voire \u00e9galement le 14, c'est au bal des pompiers!","og_url":"https:\/\/www.lesbridgets.com\/index.php\/nouveaute\/news-couple-celibataire\/le-bal-des-pompiers-de-paris-du-14-juillet-2009-on-y-sera.html","og_site_name":"Les Bridgets","article_publisher":"https:\/\/www.facebook.com\/Les.Bridgets","article_published_time":"2009-07-03T11:32:17+00:00","article_modified_time":"2025-04-24T17:24:29+00:00","og_image":[{"width":230,"height":186,"url":"https:\/\/www.lesbridgets.com\/wp-content\/uploads\/2009\/07\/pompier-bal-paris.jpg","type":"image\/jpeg"}],"author":"Bridget","twitter_card":"summary_large_image","twitter_creator":"@les_bridgets","twitter_site":"@les_bridgets","twitter_misc":{"\u00c9crit par":"Bridget","Dur\u00e9e de lecture estim\u00e9e":"5 minutes"},"schema":{"@context":"https:\/\/schema.org","@graph":[{"@type":"Article","@id":"https:\/\/www.lesbridgets.com\/index.php\/nouveaute\/news-couple-celibataire\/le-bal-des-pompiers-de-paris-du-14-juillet-2009-on-y-sera.html#article","isPartOf":{"@id":"https:\/\/www.lesbridgets.com\/index.php\/nouveaute\/news-couple-celibataire\/le-bal-des-pompiers-de-paris-du-14-juillet-2009-on-y-sera.html"},"author":{"name":"Bridget","@id":"https:\/\/www.lesbridgets.com\/#\/schema\/person\/82a31c27ae0ddd23ee59e1e2ac5713ba"},"headline":"Le bal des pompiers (de Paris) du 14 juillet 2009, on y sera","datePublished":"2009-07-03T11:32:17+00:00","dateModified":"2025-04-24T17:24:29+00:00","mainEntityOfPage":{"@id":"https:\/\/www.lesbridgets.com\/index.php\/nouveaute\/news-couple-celibataire\/le-bal-des-pompiers-de-paris-du-14-juillet-2009-on-y-sera.html"},"wordCount":1021,"commentCount":18,"publisher":{"@id":"https:\/\/www.lesbridgets.com\/#organization"},"image":{"@id":"https:\/\/www.lesbridgets.com\/index.php\/nouveaute\/news-couple-celibataire\/le-bal-des-pompiers-de-paris-du-14-juillet-2009-on-y-sera.html#primaryimage"},"thumbnailUrl":"https:\/\/www.lesbridgets.com\/wp-content\/uploads\/2009\/07\/pompier-bal-paris.jpg","keywords":["bal des pompiers de paris"],"articleSection":["Nouveau"],"inLanguage":"fr-FR","potentialAction":[{"@type":"CommentAction","name":"Comment","target":["https:\/\/www.lesbridgets.com\/index.php\/nouveaute\/news-couple-celibataire\/le-bal-des-pompiers-de-paris-du-14-juillet-2009-on-y-sera.html#respond"]}]},{"@type":"WebPage","@id":"https:\/\/www.lesbridgets.com\/index.php\/nouveaute\/news-couple-celibataire\/le-bal-des-pompiers-de-paris-du-14-juillet-2009-on-y-sera.html","url":"https:\/\/www.lesbridgets.com\/index.php\/nouveaute\/news-couple-celibataire\/le-bal-des-pompiers-de-paris-du-14-juillet-2009-on-y-sera.html","name":"Le bal des pompiers (de Paris) du 14 juillet 2009, on y sera - Les Bridgets","isPartOf":{"@id":"https:\/\/www.lesbridgets.com\/#website"},"primaryImageOfPage":{"@id":"https:\/\/www.lesbridgets.com\/index.php\/nouveaute\/news-couple-celibataire\/le-bal-des-pompiers-de-paris-du-14-juillet-2009-on-y-sera.html#primaryimage"},"image":{"@id":"https:\/\/www.lesbridgets.com\/index.php\/nouveaute\/news-couple-celibataire\/le-bal-des-pompiers-de-paris-du-14-juillet-2009-on-y-sera.html#primaryimage"},"thumbnailUrl":"https:\/\/www.lesbridgets.com\/wp-content\/uploads\/2009\/07\/pompier-bal-paris.jpg","datePublished":"2009-07-03T11:32:17+00:00","dateModified":"2025-04-24T17:24:29+00:00","breadcrumb":{"@id":"https:\/\/www.lesbridgets.com\/index.php\/nouveaute\/news-couple-celibataire\/le-bal-des-pompiers-de-paris-du-14-juillet-2009-on-y-sera.html#breadcrumb"},"inLanguage":"fr-FR","potentialAction":[{"@type":"ReadAction","target":["https:\/\/www.lesbridgets.com\/index.php\/nouveaute\/news-couple-celibataire\/le-bal-des-pompiers-de-paris-du-14-juillet-2009-on-y-sera.html"]}]},{"@type":"ImageObject","inLanguage":"fr-FR","@id":"https:\/\/www.lesbridgets.com\/index.php\/nouveaute\/news-couple-celibataire\/le-bal-des-pompiers-de-paris-du-14-juillet-2009-on-y-sera.html#primaryimage","url":"https:\/\/www.lesbridgets.com\/wp-content\/uploads\/2009\/07\/pompier-bal-paris.jpg","contentUrl":"https:\/\/www.lesbridgets.com\/wp-content\/uploads\/2009\/07\/pompier-bal-paris.jpg","width":230,"height":186,"caption":"Pompier bal du 14 juillet"},{"@type":"BreadcrumbList","@id":"https:\/\/www.lesbridgets.com\/index.php\/nouveaute\/news-couple-celibataire\/le-bal-des-pompiers-de-paris-du-14-juillet-2009-on-y-sera.html#breadcrumb","itemListElement":[{"@type":"ListItem","position":1,"name":"Les Bridgets","item":"https:\/\/www.lesbridgets.com\/"},{"@type":"ListItem","position":2,"name":"Actu","item":"https:\/\/www.lesbridgets.com\/index.php\/category\/nouveaute"},{"@type":"ListItem","position":3,"name":"Nouveau","item":"https:\/\/www.lesbridgets.com\/index.php\/category\/nouveaute\/news-couple-celibataire"},{"@type":"ListItem","position":4,"name":"Le bal des pompiers (de Paris) du 14 juillet 2009, on y sera"}]},{"@type":"WebSite","@id":"https:\/\/www.lesbridgets.com\/#website","url":"https:\/\/www.lesbridgets.com\/","name":"Les Bridgets","description":"R\u00e9f\u00e9rences et r\u00e9flexions sur nos relations","publisher":{"@id":"https:\/\/www.lesbridgets.com\/#organization"},"potentialAction":[{"@type":"SearchAction","target":{"@type":"EntryPoint","urlTemplate":"https:\/\/www.lesbridgets.com\/?s={search_term_string}"},"query-input":{"@type":"PropertyValueSpecification","valueRequired":true,"valueName":"search_term_string"}}],"inLanguage":"fr-FR"},{"@type":"Organization","@id":"https:\/\/www.lesbridgets.com\/#organization","name":"Les Bridgets","url":"https:\/\/www.lesbridgets.com\/","logo":{"@type":"ImageObject","inLanguage":"fr-FR","@id":"https:\/\/www.lesbridgets.com\/#\/schema\/logo\/image\/","url":"https:\/\/www.lesbridgets.com\/wp-content\/uploads\/2022\/07\/cropped-logo-3-lesbridgets.png","contentUrl":"https:\/\/www.lesbridgets.com\/wp-content\/uploads\/2022\/07\/cropped-logo-3-lesbridgets.png","width":251,"height":59,"caption":"Les Bridgets"},"image":{"@id":"https:\/\/www.lesbridgets.com\/#\/schema\/logo\/image\/"},"sameAs":["https:\/\/www.facebook.com\/Les.Bridgets","https:\/\/x.com\/les_bridgets"]},{"@type":"Person","@id":"https:\/\/www.lesbridgets.com\/#\/schema\/person\/82a31c27ae0ddd23ee59e1e2ac5713ba","name":"Bridget","image":{"@type":"ImageObject","inLanguage":"fr-FR","@id":"https:\/\/secure.gravatar.com\/avatar\/7295cbdcf0cdf58bc2d250d0abac0622f7e9f13e4d6b98e0404f82bf994e0a55?s=96&d=mm&r=g","url":"https:\/\/secure.gravatar.com\/avatar\/7295cbdcf0cdf58bc2d250d0abac0622f7e9f13e4d6b98e0404f82bf994e0a55?s=96&d=mm&r=g","contentUrl":"https:\/\/secure.gravatar.com\/avatar\/7295cbdcf0cdf58bc2d250d0abac0622f7e9f13e4d6b98e0404f82bf994e0a55?s=96&d=mm&r=g","caption":"Bridget"}}]}},"modified_by":null,"_links":{"self":[{"href":"https:\/\/www.lesbridgets.com\/index.php\/wp-json\/wp\/v2\/posts\/483","targetHints":{"allow":["GET"]}}],"collection":[{"href":"https:\/\/www.lesbridgets.com\/index.php\/wp-json\/wp\/v2\/posts"}],"about":[{"href":"https:\/\/www.lesbridgets.com\/index.php\/wp-json\/wp\/v2\/types\/post"}],"author":[{"embeddable":true,"href":"https:\/\/www.lesbridgets.com\/index.php\/wp-json\/wp\/v2\/users\/2"}],"replies":[{"embeddable":true,"href":"https:\/\/www.lesbridgets.com\/index.php\/wp-json\/wp\/v2\/comments?post=483"}],"version-history":[{"count":6,"href":"https:\/\/www.lesbridgets.com\/index.php\/wp-json\/wp\/v2\/posts\/483\/revisions"}],"predecessor-version":[{"id":257883,"href":"https:\/\/www.lesbridgets.com\/index.php\/wp-json\/wp\/v2\/posts\/483\/revisions\/257883"}],"wp:featuredmedia":[{"embeddable":true,"href":"https:\/\/www.lesbridgets.com\/index.php\/wp-json\/wp\/v2\/media\/482"}],"wp:attachment":[{"href":"https:\/\/www.lesbridgets.com\/index.php\/wp-json\/wp\/v2\/media?parent=483"}],"wp:term":[{"taxonomy":"category","embeddable":true,"href":"https:\/\/www.lesbridgets.com\/index.php\/wp-json\/wp\/v2\/categories?post=483"},{"taxonomy":"post_tag","embeddable":true,"href":"https:\/\/www.lesbridgets.com\/index.php\/wp-json\/wp\/v2\/tags?post=483"}],"curies":[{"name":"wp","href":"https:\/\/api.w.org\/{rel}","templated":true}]}}