{"id":382,"date":"2009-01-07T22:39:39","date_gmt":"2009-01-07T21:39:39","guid":{"rendered":"http:\/\/lesbridg.cluster015.ovh.net\/wordpress\/index.php\/serie-couple-celibataire\/rediffusion-des-2-saisons-de-clara-sheller-a-partir-du-25-janvier-sur-france-4.html"},"modified":"2018-01-27T18:57:04","modified_gmt":"2018-01-27T17:57:04","slug":"rediffusion-des-2-saisons-de-clara-sheller-a-partir-du-25-janvier-sur-france-4","status":"publish","type":"post","link":"https:\/\/www.lesbridgets.com\/index.php\/references\/serie-couple-celibataire\/rediffusion-des-2-saisons-de-clara-sheller-a-partir-du-25-janvier-sur-france-4.html","title":{"rendered":"Rediffusion des 2 saisons de Clara Sheller \u00e0 partir du 25 janvier sur France 4"},"content":{"rendered":"<p>Apr\u00e8s avoir <a href=\"index.php\/Films-romantiques-sur-le-couple-et-le-celibat\/On-a-vu-la-saison-2-de-Clara-Sheller-prevue-vers-novembre-sur-France-2.html\">vu en avant premi\u00e8re<\/a> la saison 2 de Clara Sheller et <a href=\"index.php\/Films-romantiques-sur-le-couple-et-le-celibat\/Clara-Sheller-Saison-2-sur-France-2-diffusion-le-mercredi-19-Novembre.html\">vous avoir annonc\u00e9 la diffusion de cette saison sur France 2<\/a> le 19 Novembre 2008, certains membres des bridgets et amis nous avait confi\u00e9 n&rsquo;avoir jamais vu la saison 1 ou bien encore ne pas avoir eu la possibilit\u00e9 de regarder la saison 2, vous allez donc pouvoir y rem\u00e9dier&#8230;<\/p>\n<p>Tout d&rsquo;abord pour ceux qui ne savent toujours pas qui est Clara Sheller c&rsquo;est un peu notre Bridget Jones \u00e0 la fran\u00e7aise.<br \/>\nPour ceux qui n&rsquo;aurait pas suivi, la Clara Sheller de la saison 1 \u00e9tait interpr\u00e9t\u00e9 par M\u00e9lanie Doutey, et pour <a href=\"index.php\/News-sur-le-couple-celibat-hommes-femmes\/Bientot-la-saison-2-de-Clara-Sheller.html\">des raisons mutiples<\/a> les acteurs ont chang\u00e9s dans la saison 2 avec par exemple pour le r\u00f4le de Clara Sheller, Zo\u00e9 Felix.<\/p>\n<p style=\"text-align: center;\"><iframe loading=\"lazy\" style=\"width: 120px; height: 240px;\" src=\"\/\/ws-eu.amazon-adsystem.com\/widgets\/q?ServiceVersion=20070822&amp;OneJS=1&amp;Operation=GetAdHtml&amp;MarketPlace=FR&amp;source=ac&amp;ref=qf_sp_asin_til&amp;ad_type=product_link&amp;tracking_id=lesbricomcomp-21&amp;marketplace=amazon&amp;region=FR&amp;placement=B00BWD89N4&amp;asins=B00BWD89N4&amp;linkId=a7ead4584acbc145689711778b88d459&amp;show_border=true&amp;link_opens_in_new_window=true&amp;price_color=333333&amp;title_color=c00076&amp;bg_color=ffffff\" width=\"300\" height=\"150\" frameborder=\"0\" marginwidth=\"0\" marginheight=\"0\" scrolling=\"no\"><br \/>\n<\/iframe><\/p>\n<p>Si nous vous parlons autant de cette s\u00e9rie, c&rsquo;est parce qu&rsquo;on l&rsquo;aime ce qui est d\u00e9j\u00e0 une bonne raison,<br \/>\nqu&rsquo;elle est vraiment bien fichue pour une s\u00e9rie fran\u00e7aise.<br \/>\nQu&rsquo;il est encore assez rare de voir filmer des couples homosexuels avec une telle beaut\u00e9 \u00e0 une heure de grande \u00e9coute.<br \/>\nMais aussi parce que Clara est comme beaucoup d&rsquo;entre nous, dans un bordel amoureux!<\/p>\n<p>&nbsp;<\/p>\n<h2>Extrait saison 2 : Quand Clara pour draguer se fait passer en \u00e9tudiante de L&rsquo;ENA<\/h2>\n<p align=\"center\"><iframe loading=\"lazy\" src=\"https:\/\/www.youtube.com\/embed\/_T7jncGnkxw\" width=\"560\" height=\"315\" frameborder=\"0\" allowfullscreen=\"allowfullscreen\"><\/iframe><\/p>\n<p>Pour info et promis on ne vous en reparlera que pour vous parlez de la saison 3,\u00a0 malgr\u00e9 l&rsquo;audience de la saison 2 moins importante que la saison 1, ils poursuivent l&rsquo;\u00e9criture de cette 3\u00e8me saison et Zo\u00e9 F\u00e9lix est motiv\u00e9e pour poursuivre le r\u00f4le.<\/p>\n<p>Pour ceux qui ont vu la saison 2, rappelez vous apr\u00e8s avoir eu la trouille d&rsquo;avoir un enfant, Clara Sheller tombe enceinte mais seule car son mec Gilles \u00e0 tendance <a href=\"https:\/\/www.lesbridgets.com\/index.php\/histoire1\/la-bisexualite-ou-comment-multiplier-les-possibilites-et-vivre-une-philosophie-trioliste.html\">bisexuel<\/a> d\u00e9j\u00e0 dans la saison 1, qui est le p\u00e8re de l&rsquo;enfant, est parti avec le meilleur ami de Clara JP&#8230;donc forc\u00e9ment nous on veut pas rester sur cette fin l\u00e0!<\/p>\n","protected":false},"excerpt":{"rendered":"<p>Apr\u00e8s avoir <a href=\"index.php\/Films-romantiques-sur-le-couple-et-le-celibat\/On-a-vu-la-saison-2-de-Clara-Sheller-prevue-vers-novembre-sur-France-2.html\">vu en avant premi\u00e8re<\/a> la saison 2 de Clara Sheller et <a href=\"index.php\/Films-romantiques-sur-le-couple-et-le-celibat\/Clara-Sheller-Saison-2-sur-France-2-diffusion-le-mercredi-19-Novembre.html\">vous avoir annonc\u00e9 la diffusion de cette saison sur France 2<\/a> le 19 Novembre 2008, certains membres des bridgets et amis nous avait confi\u00e9 n&rsquo;avoir jamais vu la saison 1 ou bien encore ne pas avoir eu la possibilit\u00e9 de regarder la saison 2, vous allez donc pouvoir y rem\u00e9dier&#8230;<\/p>\n","protected":false},"author":2,"featured_media":381,"comment_status":"open","ping_status":"open","sticky":false,"template":"","format":"standard","meta":{"_bbp_topic_count":0,"_bbp_reply_count":0,"_bbp_total_topic_count":0,"_bbp_total_reply_count":0,"_bbp_voice_count":0,"_bbp_anonymous_reply_count":0,"_bbp_topic_count_hidden":0,"_bbp_reply_count_hidden":0,"_bbp_forum_subforum_count":0,"om_disable_all_campaigns":false,"_lmt_disableupdate":"","_lmt_disable":"","_monsterinsights_skip_tracking":false,"_monsterinsights_sitenote_active":false,"_monsterinsights_sitenote_note":"","_monsterinsights_sitenote_category":0,"_uf_show_specific_survey":0,"_uf_disable_surveys":false,"footnotes":""},"categories":[43],"tags":[],"class_list":["post-382","post","type-post","status-publish","format-standard","has-post-thumbnail","hentry","category-serie-couple-celibataire"],"yoast_head":"<!-- This site is optimized with the Yoast SEO plugin v27.4 - https:\/\/yoast.com\/product\/yoast-seo-wordpress\/ -->\n<title>Rediffusion des 2 saisons de Clara Sheller \u00e0 partir du 25 janvier sur France 4 - Les Bridgets<\/title>\n<meta name=\"robots\" content=\"index, follow, max-snippet:-1, max-image-preview:large, max-video-preview:-1\" \/>\n<link rel=\"canonical\" href=\"https:\/\/www.lesbridgets.com\/index.php\/references\/serie-couple-celibataire\/rediffusion-des-2-saisons-de-clara-sheller-a-partir-du-25-janvier-sur-france-4.html\" \/>\n<meta property=\"og:locale\" content=\"fr_FR\" \/>\n<meta property=\"og:type\" content=\"article\" \/>\n<meta property=\"og:title\" content=\"Rediffusion des 2 saisons de Clara Sheller \u00e0 partir du 25 janvier sur France 4 - Les Bridgets\" \/>\n<meta property=\"og:description\" content=\"Apr\u00e8s avoir vu en avant premi\u00e8re la saison 2 de Clara Sheller et vous avoir annonc\u00e9 la diffusion de cette saison sur France 2 le 19 Novembre 2008, certains membres des bridgets et amis nous avait confi\u00e9 n&#039;avoir jamais vu la saison 1 ou bien encore ne pas avoir eu la possibilit\u00e9 de regarder la saison 2, vous allez donc pouvoir y rem\u00e9dier...\" \/>\n<meta property=\"og:url\" content=\"https:\/\/www.lesbridgets.com\/index.php\/references\/serie-couple-celibataire\/rediffusion-des-2-saisons-de-clara-sheller-a-partir-du-25-janvier-sur-france-4.html\" \/>\n<meta property=\"og:site_name\" content=\"Les Bridgets\" \/>\n<meta property=\"article:publisher\" content=\"https:\/\/www.facebook.com\/Les.Bridgets\" \/>\n<meta property=\"article:published_time\" content=\"2009-01-07T21:39:39+00:00\" \/>\n<meta property=\"article:modified_time\" content=\"2018-01-27T17:57:04+00:00\" \/>\n<meta property=\"og:image\" content=\"https:\/\/www.lesbridgets.com\/wp-content\/uploads\/2009\/01\/clara-sheller-2.jpg\" \/>\n\t<meta property=\"og:image:width\" content=\"230\" \/>\n\t<meta property=\"og:image:height\" content=\"155\" \/>\n\t<meta property=\"og:image:type\" content=\"image\/jpeg\" \/>\n<meta name=\"author\" content=\"Bridget\" \/>\n<meta name=\"twitter:card\" content=\"summary_large_image\" \/>\n<meta name=\"twitter:creator\" content=\"@les_bridgets\" \/>\n<meta name=\"twitter:site\" content=\"@les_bridgets\" \/>\n<meta name=\"twitter:label1\" content=\"\u00c9crit par\" \/>\n\t<meta name=\"twitter:data1\" content=\"Bridget\" \/>\n\t<meta name=\"twitter:label2\" content=\"Dur\u00e9e de lecture estim\u00e9e\" \/>\n\t<meta name=\"twitter:data2\" content=\"2 minutes\" \/>\n<script type=\"application\/ld+json\" class=\"yoast-schema-graph\">{\"@context\":\"https:\\\/\\\/schema.org\",\"@graph\":[{\"@type\":\"Article\",\"@id\":\"https:\\\/\\\/www.lesbridgets.com\\\/index.php\\\/references\\\/serie-couple-celibataire\\\/rediffusion-des-2-saisons-de-clara-sheller-a-partir-du-25-janvier-sur-france-4.html#article\",\"isPartOf\":{\"@id\":\"https:\\\/\\\/www.lesbridgets.com\\\/index.php\\\/references\\\/serie-couple-celibataire\\\/rediffusion-des-2-saisons-de-clara-sheller-a-partir-du-25-janvier-sur-france-4.html\"},\"author\":{\"name\":\"Bridget\",\"@id\":\"https:\\\/\\\/www.lesbridgets.com\\\/#\\\/schema\\\/person\\\/82a31c27ae0ddd23ee59e1e2ac5713ba\"},\"headline\":\"Rediffusion des 2 saisons de Clara Sheller \u00e0 partir du 25 janvier sur France 4\",\"datePublished\":\"2009-01-07T21:39:39+00:00\",\"dateModified\":\"2018-01-27T17:57:04+00:00\",\"mainEntityOfPage\":{\"@id\":\"https:\\\/\\\/www.lesbridgets.com\\\/index.php\\\/references\\\/serie-couple-celibataire\\\/rediffusion-des-2-saisons-de-clara-sheller-a-partir-du-25-janvier-sur-france-4.html\"},\"wordCount\":340,\"commentCount\":0,\"publisher\":{\"@id\":\"https:\\\/\\\/www.lesbridgets.com\\\/#organization\"},\"image\":{\"@id\":\"https:\\\/\\\/www.lesbridgets.com\\\/index.php\\\/references\\\/serie-couple-celibataire\\\/rediffusion-des-2-saisons-de-clara-sheller-a-partir-du-25-janvier-sur-france-4.html#primaryimage\"},\"thumbnailUrl\":\"https:\\\/\\\/www.lesbridgets.com\\\/wp-content\\\/uploads\\\/2009\\\/01\\\/clara-sheller-2.jpg\",\"articleSection\":[\"S\u00e9rie\"],\"inLanguage\":\"fr-FR\",\"potentialAction\":[{\"@type\":\"CommentAction\",\"name\":\"Comment\",\"target\":[\"https:\\\/\\\/www.lesbridgets.com\\\/index.php\\\/references\\\/serie-couple-celibataire\\\/rediffusion-des-2-saisons-de-clara-sheller-a-partir-du-25-janvier-sur-france-4.html#respond\"]}]},{\"@type\":\"WebPage\",\"@id\":\"https:\\\/\\\/www.lesbridgets.com\\\/index.php\\\/references\\\/serie-couple-celibataire\\\/rediffusion-des-2-saisons-de-clara-sheller-a-partir-du-25-janvier-sur-france-4.html\",\"url\":\"https:\\\/\\\/www.lesbridgets.com\\\/index.php\\\/references\\\/serie-couple-celibataire\\\/rediffusion-des-2-saisons-de-clara-sheller-a-partir-du-25-janvier-sur-france-4.html\",\"name\":\"Rediffusion des 2 saisons de Clara Sheller \u00e0 partir du 25 janvier sur France 4 - Les Bridgets\",\"isPartOf\":{\"@id\":\"https:\\\/\\\/www.lesbridgets.com\\\/#website\"},\"primaryImageOfPage\":{\"@id\":\"https:\\\/\\\/www.lesbridgets.com\\\/index.php\\\/references\\\/serie-couple-celibataire\\\/rediffusion-des-2-saisons-de-clara-sheller-a-partir-du-25-janvier-sur-france-4.html#primaryimage\"},\"image\":{\"@id\":\"https:\\\/\\\/www.lesbridgets.com\\\/index.php\\\/references\\\/serie-couple-celibataire\\\/rediffusion-des-2-saisons-de-clara-sheller-a-partir-du-25-janvier-sur-france-4.html#primaryimage\"},\"thumbnailUrl\":\"https:\\\/\\\/www.lesbridgets.com\\\/wp-content\\\/uploads\\\/2009\\\/01\\\/clara-sheller-2.jpg\",\"datePublished\":\"2009-01-07T21:39:39+00:00\",\"dateModified\":\"2018-01-27T17:57:04+00:00\",\"breadcrumb\":{\"@id\":\"https:\\\/\\\/www.lesbridgets.com\\\/index.php\\\/references\\\/serie-couple-celibataire\\\/rediffusion-des-2-saisons-de-clara-sheller-a-partir-du-25-janvier-sur-france-4.html#breadcrumb\"},\"inLanguage\":\"fr-FR\",\"potentialAction\":[{\"@type\":\"ReadAction\",\"target\":[\"https:\\\/\\\/www.lesbridgets.com\\\/index.php\\\/references\\\/serie-couple-celibataire\\\/rediffusion-des-2-saisons-de-clara-sheller-a-partir-du-25-janvier-sur-france-4.html\"]}]},{\"@type\":\"ImageObject\",\"inLanguage\":\"fr-FR\",\"@id\":\"https:\\\/\\\/www.lesbridgets.com\\\/index.php\\\/references\\\/serie-couple-celibataire\\\/rediffusion-des-2-saisons-de-clara-sheller-a-partir-du-25-janvier-sur-france-4.html#primaryimage\",\"url\":\"https:\\\/\\\/www.lesbridgets.com\\\/wp-content\\\/uploads\\\/2009\\\/01\\\/clara-sheller-2.jpg\",\"contentUrl\":\"https:\\\/\\\/www.lesbridgets.com\\\/wp-content\\\/uploads\\\/2009\\\/01\\\/clara-sheller-2.jpg\",\"width\":230,\"height\":155,\"caption\":\"Clara Sheller Saison 2\"},{\"@type\":\"BreadcrumbList\",\"@id\":\"https:\\\/\\\/www.lesbridgets.com\\\/index.php\\\/references\\\/serie-couple-celibataire\\\/rediffusion-des-2-saisons-de-clara-sheller-a-partir-du-25-janvier-sur-france-4.html#breadcrumb\",\"itemListElement\":[{\"@type\":\"ListItem\",\"position\":1,\"name\":\"Les Bridgets\",\"item\":\"https:\\\/\\\/www.lesbridgets.com\\\/\"},{\"@type\":\"ListItem\",\"position\":2,\"name\":\"R\u00e9f\u00e9rences sur le couple et le c\u00e9libat\",\"item\":\"https:\\\/\\\/www.lesbridgets.com\\\/index.php\\\/category\\\/references\"},{\"@type\":\"ListItem\",\"position\":3,\"name\":\"S\u00e9rie\",\"item\":\"https:\\\/\\\/www.lesbridgets.com\\\/index.php\\\/category\\\/references\\\/serie-couple-celibataire\"},{\"@type\":\"ListItem\",\"position\":4,\"name\":\"Rediffusion des 2 saisons de Clara Sheller \u00e0 partir du 25 janvier sur France 4\"}]},{\"@type\":\"WebSite\",\"@id\":\"https:\\\/\\\/www.lesbridgets.com\\\/#website\",\"url\":\"https:\\\/\\\/www.lesbridgets.com\\\/\",\"name\":\"Les Bridgets\",\"description\":\"R\u00e9f\u00e9rences et r\u00e9flexions sur nos relations\",\"publisher\":{\"@id\":\"https:\\\/\\\/www.lesbridgets.com\\\/#organization\"},\"potentialAction\":[{\"@type\":\"SearchAction\",\"target\":{\"@type\":\"EntryPoint\",\"urlTemplate\":\"https:\\\/\\\/www.lesbridgets.com\\\/?s={search_term_string}\"},\"query-input\":{\"@type\":\"PropertyValueSpecification\",\"valueRequired\":true,\"valueName\":\"search_term_string\"}}],\"inLanguage\":\"fr-FR\"},{\"@type\":\"Organization\",\"@id\":\"https:\\\/\\\/www.lesbridgets.com\\\/#organization\",\"name\":\"Les Bridgets\",\"url\":\"https:\\\/\\\/www.lesbridgets.com\\\/\",\"logo\":{\"@type\":\"ImageObject\",\"inLanguage\":\"fr-FR\",\"@id\":\"https:\\\/\\\/www.lesbridgets.com\\\/#\\\/schema\\\/logo\\\/image\\\/\",\"url\":\"https:\\\/\\\/www.lesbridgets.com\\\/wp-content\\\/uploads\\\/2022\\\/07\\\/cropped-logo-3-lesbridgets.png\",\"contentUrl\":\"https:\\\/\\\/www.lesbridgets.com\\\/wp-content\\\/uploads\\\/2022\\\/07\\\/cropped-logo-3-lesbridgets.png\",\"width\":251,\"height\":59,\"caption\":\"Les Bridgets\"},\"image\":{\"@id\":\"https:\\\/\\\/www.lesbridgets.com\\\/#\\\/schema\\\/logo\\\/image\\\/\"},\"sameAs\":[\"https:\\\/\\\/www.facebook.com\\\/Les.Bridgets\",\"https:\\\/\\\/x.com\\\/les_bridgets\"]},{\"@type\":\"Person\",\"@id\":\"https:\\\/\\\/www.lesbridgets.com\\\/#\\\/schema\\\/person\\\/82a31c27ae0ddd23ee59e1e2ac5713ba\",\"name\":\"Bridget\",\"image\":{\"@type\":\"ImageObject\",\"inLanguage\":\"fr-FR\",\"@id\":\"https:\\\/\\\/secure.gravatar.com\\\/avatar\\\/7295cbdcf0cdf58bc2d250d0abac0622f7e9f13e4d6b98e0404f82bf994e0a55?s=96&d=mm&r=g\",\"url\":\"https:\\\/\\\/secure.gravatar.com\\\/avatar\\\/7295cbdcf0cdf58bc2d250d0abac0622f7e9f13e4d6b98e0404f82bf994e0a55?s=96&d=mm&r=g\",\"contentUrl\":\"https:\\\/\\\/secure.gravatar.com\\\/avatar\\\/7295cbdcf0cdf58bc2d250d0abac0622f7e9f13e4d6b98e0404f82bf994e0a55?s=96&d=mm&r=g\",\"caption\":\"Bridget\"}}]}<\/script>\n<!-- \/ Yoast SEO plugin. -->","yoast_head_json":{"title":"Rediffusion des 2 saisons de Clara Sheller \u00e0 partir du 25 janvier sur France 4 - Les Bridgets","robots":{"index":"index","follow":"follow","max-snippet":"max-snippet:-1","max-image-preview":"max-image-preview:large","max-video-preview":"max-video-preview:-1"},"canonical":"https:\/\/www.lesbridgets.com\/index.php\/references\/serie-couple-celibataire\/rediffusion-des-2-saisons-de-clara-sheller-a-partir-du-25-janvier-sur-france-4.html","og_locale":"fr_FR","og_type":"article","og_title":"Rediffusion des 2 saisons de Clara Sheller \u00e0 partir du 25 janvier sur France 4 - Les Bridgets","og_description":"Apr\u00e8s avoir vu en avant premi\u00e8re la saison 2 de Clara Sheller et vous avoir annonc\u00e9 la diffusion de cette saison sur France 2 le 19 Novembre 2008, certains membres des bridgets et amis nous avait confi\u00e9 n'avoir jamais vu la saison 1 ou bien encore ne pas avoir eu la possibilit\u00e9 de regarder la saison 2, vous allez donc pouvoir y rem\u00e9dier...","og_url":"https:\/\/www.lesbridgets.com\/index.php\/references\/serie-couple-celibataire\/rediffusion-des-2-saisons-de-clara-sheller-a-partir-du-25-janvier-sur-france-4.html","og_site_name":"Les Bridgets","article_publisher":"https:\/\/www.facebook.com\/Les.Bridgets","article_published_time":"2009-01-07T21:39:39+00:00","article_modified_time":"2018-01-27T17:57:04+00:00","og_image":[{"width":230,"height":155,"url":"https:\/\/www.lesbridgets.com\/wp-content\/uploads\/2009\/01\/clara-sheller-2.jpg","type":"image\/jpeg"}],"author":"Bridget","twitter_card":"summary_large_image","twitter_creator":"@les_bridgets","twitter_site":"@les_bridgets","twitter_misc":{"\u00c9crit par":"Bridget","Dur\u00e9e de lecture estim\u00e9e":"2 minutes"},"schema":{"@context":"https:\/\/schema.org","@graph":[{"@type":"Article","@id":"https:\/\/www.lesbridgets.com\/index.php\/references\/serie-couple-celibataire\/rediffusion-des-2-saisons-de-clara-sheller-a-partir-du-25-janvier-sur-france-4.html#article","isPartOf":{"@id":"https:\/\/www.lesbridgets.com\/index.php\/references\/serie-couple-celibataire\/rediffusion-des-2-saisons-de-clara-sheller-a-partir-du-25-janvier-sur-france-4.html"},"author":{"name":"Bridget","@id":"https:\/\/www.lesbridgets.com\/#\/schema\/person\/82a31c27ae0ddd23ee59e1e2ac5713ba"},"headline":"Rediffusion des 2 saisons de Clara Sheller \u00e0 partir du 25 janvier sur France 4","datePublished":"2009-01-07T21:39:39+00:00","dateModified":"2018-01-27T17:57:04+00:00","mainEntityOfPage":{"@id":"https:\/\/www.lesbridgets.com\/index.php\/references\/serie-couple-celibataire\/rediffusion-des-2-saisons-de-clara-sheller-a-partir-du-25-janvier-sur-france-4.html"},"wordCount":340,"commentCount":0,"publisher":{"@id":"https:\/\/www.lesbridgets.com\/#organization"},"image":{"@id":"https:\/\/www.lesbridgets.com\/index.php\/references\/serie-couple-celibataire\/rediffusion-des-2-saisons-de-clara-sheller-a-partir-du-25-janvier-sur-france-4.html#primaryimage"},"thumbnailUrl":"https:\/\/www.lesbridgets.com\/wp-content\/uploads\/2009\/01\/clara-sheller-2.jpg","articleSection":["S\u00e9rie"],"inLanguage":"fr-FR","potentialAction":[{"@type":"CommentAction","name":"Comment","target":["https:\/\/www.lesbridgets.com\/index.php\/references\/serie-couple-celibataire\/rediffusion-des-2-saisons-de-clara-sheller-a-partir-du-25-janvier-sur-france-4.html#respond"]}]},{"@type":"WebPage","@id":"https:\/\/www.lesbridgets.com\/index.php\/references\/serie-couple-celibataire\/rediffusion-des-2-saisons-de-clara-sheller-a-partir-du-25-janvier-sur-france-4.html","url":"https:\/\/www.lesbridgets.com\/index.php\/references\/serie-couple-celibataire\/rediffusion-des-2-saisons-de-clara-sheller-a-partir-du-25-janvier-sur-france-4.html","name":"Rediffusion des 2 saisons de Clara Sheller \u00e0 partir du 25 janvier sur France 4 - Les Bridgets","isPartOf":{"@id":"https:\/\/www.lesbridgets.com\/#website"},"primaryImageOfPage":{"@id":"https:\/\/www.lesbridgets.com\/index.php\/references\/serie-couple-celibataire\/rediffusion-des-2-saisons-de-clara-sheller-a-partir-du-25-janvier-sur-france-4.html#primaryimage"},"image":{"@id":"https:\/\/www.lesbridgets.com\/index.php\/references\/serie-couple-celibataire\/rediffusion-des-2-saisons-de-clara-sheller-a-partir-du-25-janvier-sur-france-4.html#primaryimage"},"thumbnailUrl":"https:\/\/www.lesbridgets.com\/wp-content\/uploads\/2009\/01\/clara-sheller-2.jpg","datePublished":"2009-01-07T21:39:39+00:00","dateModified":"2018-01-27T17:57:04+00:00","breadcrumb":{"@id":"https:\/\/www.lesbridgets.com\/index.php\/references\/serie-couple-celibataire\/rediffusion-des-2-saisons-de-clara-sheller-a-partir-du-25-janvier-sur-france-4.html#breadcrumb"},"inLanguage":"fr-FR","potentialAction":[{"@type":"ReadAction","target":["https:\/\/www.lesbridgets.com\/index.php\/references\/serie-couple-celibataire\/rediffusion-des-2-saisons-de-clara-sheller-a-partir-du-25-janvier-sur-france-4.html"]}]},{"@type":"ImageObject","inLanguage":"fr-FR","@id":"https:\/\/www.lesbridgets.com\/index.php\/references\/serie-couple-celibataire\/rediffusion-des-2-saisons-de-clara-sheller-a-partir-du-25-janvier-sur-france-4.html#primaryimage","url":"https:\/\/www.lesbridgets.com\/wp-content\/uploads\/2009\/01\/clara-sheller-2.jpg","contentUrl":"https:\/\/www.lesbridgets.com\/wp-content\/uploads\/2009\/01\/clara-sheller-2.jpg","width":230,"height":155,"caption":"Clara Sheller Saison 2"},{"@type":"BreadcrumbList","@id":"https:\/\/www.lesbridgets.com\/index.php\/references\/serie-couple-celibataire\/rediffusion-des-2-saisons-de-clara-sheller-a-partir-du-25-janvier-sur-france-4.html#breadcrumb","itemListElement":[{"@type":"ListItem","position":1,"name":"Les Bridgets","item":"https:\/\/www.lesbridgets.com\/"},{"@type":"ListItem","position":2,"name":"R\u00e9f\u00e9rences sur le couple et le c\u00e9libat","item":"https:\/\/www.lesbridgets.com\/index.php\/category\/references"},{"@type":"ListItem","position":3,"name":"S\u00e9rie","item":"https:\/\/www.lesbridgets.com\/index.php\/category\/references\/serie-couple-celibataire"},{"@type":"ListItem","position":4,"name":"Rediffusion des 2 saisons de Clara Sheller \u00e0 partir du 25 janvier sur France 4"}]},{"@type":"WebSite","@id":"https:\/\/www.lesbridgets.com\/#website","url":"https:\/\/www.lesbridgets.com\/","name":"Les Bridgets","description":"R\u00e9f\u00e9rences et r\u00e9flexions sur nos relations","publisher":{"@id":"https:\/\/www.lesbridgets.com\/#organization"},"potentialAction":[{"@type":"SearchAction","target":{"@type":"EntryPoint","urlTemplate":"https:\/\/www.lesbridgets.com\/?s={search_term_string}"},"query-input":{"@type":"PropertyValueSpecification","valueRequired":true,"valueName":"search_term_string"}}],"inLanguage":"fr-FR"},{"@type":"Organization","@id":"https:\/\/www.lesbridgets.com\/#organization","name":"Les Bridgets","url":"https:\/\/www.lesbridgets.com\/","logo":{"@type":"ImageObject","inLanguage":"fr-FR","@id":"https:\/\/www.lesbridgets.com\/#\/schema\/logo\/image\/","url":"https:\/\/www.lesbridgets.com\/wp-content\/uploads\/2022\/07\/cropped-logo-3-lesbridgets.png","contentUrl":"https:\/\/www.lesbridgets.com\/wp-content\/uploads\/2022\/07\/cropped-logo-3-lesbridgets.png","width":251,"height":59,"caption":"Les Bridgets"},"image":{"@id":"https:\/\/www.lesbridgets.com\/#\/schema\/logo\/image\/"},"sameAs":["https:\/\/www.facebook.com\/Les.Bridgets","https:\/\/x.com\/les_bridgets"]},{"@type":"Person","@id":"https:\/\/www.lesbridgets.com\/#\/schema\/person\/82a31c27ae0ddd23ee59e1e2ac5713ba","name":"Bridget","image":{"@type":"ImageObject","inLanguage":"fr-FR","@id":"https:\/\/secure.gravatar.com\/avatar\/7295cbdcf0cdf58bc2d250d0abac0622f7e9f13e4d6b98e0404f82bf994e0a55?s=96&d=mm&r=g","url":"https:\/\/secure.gravatar.com\/avatar\/7295cbdcf0cdf58bc2d250d0abac0622f7e9f13e4d6b98e0404f82bf994e0a55?s=96&d=mm&r=g","contentUrl":"https:\/\/secure.gravatar.com\/avatar\/7295cbdcf0cdf58bc2d250d0abac0622f7e9f13e4d6b98e0404f82bf994e0a55?s=96&d=mm&r=g","caption":"Bridget"}}]}},"modified_by":"Bridget","_links":{"self":[{"href":"https:\/\/www.lesbridgets.com\/index.php\/wp-json\/wp\/v2\/posts\/382","targetHints":{"allow":["GET"]}}],"collection":[{"href":"https:\/\/www.lesbridgets.com\/index.php\/wp-json\/wp\/v2\/posts"}],"about":[{"href":"https:\/\/www.lesbridgets.com\/index.php\/wp-json\/wp\/v2\/types\/post"}],"author":[{"embeddable":true,"href":"https:\/\/www.lesbridgets.com\/index.php\/wp-json\/wp\/v2\/users\/2"}],"replies":[{"embeddable":true,"href":"https:\/\/www.lesbridgets.com\/index.php\/wp-json\/wp\/v2\/comments?post=382"}],"version-history":[{"count":4,"href":"https:\/\/www.lesbridgets.com\/index.php\/wp-json\/wp\/v2\/posts\/382\/revisions"}],"predecessor-version":[{"id":242808,"href":"https:\/\/www.lesbridgets.com\/index.php\/wp-json\/wp\/v2\/posts\/382\/revisions\/242808"}],"wp:featuredmedia":[{"embeddable":true,"href":"https:\/\/www.lesbridgets.com\/index.php\/wp-json\/wp\/v2\/media\/381"}],"wp:attachment":[{"href":"https:\/\/www.lesbridgets.com\/index.php\/wp-json\/wp\/v2\/media?parent=382"}],"wp:term":[{"taxonomy":"category","embeddable":true,"href":"https:\/\/www.lesbridgets.com\/index.php\/wp-json\/wp\/v2\/categories?post=382"},{"taxonomy":"post_tag","embeddable":true,"href":"https:\/\/www.lesbridgets.com\/index.php\/wp-json\/wp\/v2\/tags?post=382"}],"curies":[{"name":"wp","href":"https:\/\/api.w.org\/{rel}","templated":true}]}}