{"id":258415,"date":"2025-06-13T17:05:26","date_gmt":"2025-06-13T15:05:26","guid":{"rendered":"https:\/\/www.lesbridgets.com\/?p=258415"},"modified":"2025-06-13T17:06:02","modified_gmt":"2025-06-13T15:06:02","slug":"cest-quoi-une-personne-boomer","status":"publish","type":"post","link":"https:\/\/www.lesbridgets.com\/index.php\/ecologie-une-bridget-aime-sa-planete\/cest-quoi-une-personne-boomer.html","title":{"rendered":"C&rsquo;est quoi une personne boomer ?"},"content":{"rendered":"\n<p>Le terme \u00ab\u00a0boomer\u00a0\u00bb est devenu courant dans le langage populaire, souvent utilis\u00e9 pour d\u00e9signer une certaine g\u00e9n\u00e9ration de personnes. <br>Mais derri\u00e8re ce mot se cache une histoire complexe qui m\u00e9rite d&rsquo;\u00eatre explor\u00e9e. Cet article se penchera sur l&rsquo;origine du terme, ses implications culturelles et sociales, ainsi que sur le contexte \u00e9conomique et historique qui a fa\u00e7onn\u00e9 cette g\u00e9n\u00e9ration.<\/p>\n\n\n\n<h2 class=\"wp-block-heading\">Origine du terme<\/h2>\n\n\n\n<p>Le mot \u00ab\u00a0boomer\u00a0\u00bb provient du terme \u00ab\u00a0baby boomer\u00a0\u00bb, qui d\u00e9signe les personnes n\u00e9es entre 1946 et 1964, une p\u00e9riode marqu\u00e9e par une augmentation significative des naissances apr\u00e8s la Seconde Guerre mondiale. Ce boom d\u00e9mographique a \u00e9t\u00e9 en grande partie influenc\u00e9 par le retour des soldats, l&rsquo;instabilit\u00e9 \u00e9conomique d&rsquo;avant-guerre et une p\u00e9riode de prosp\u00e9rit\u00e9 qui a suivi le conflit. Les \u00ab\u00a0baby boomers\u00a0\u00bb sont souvent consid\u00e9r\u00e9s comme la premi\u00e8re g\u00e9n\u00e9ration \u00e0 avoir b\u00e9n\u00e9fici\u00e9 de l&rsquo;expansion \u00e9conomique d&rsquo;apr\u00e8s-guerre, avec un acc\u00e8s accru \u00e0 l&rsquo;\u00e9ducation, \u00e0 l&#8217;emploi et \u00e0 la propri\u00e9t\u00e9.<\/p>\n\n\n\n<h2 class=\"wp-block-heading\">Contexte historique<\/h2>\n\n\n\n<p>Pour mieux comprendre la g\u00e9n\u00e9ration des baby boomers, il est essentiel de consid\u00e9rer le contexte historique dans lequel elle a grandi. Les ann\u00e9es 1950 et 1960 ont \u00e9t\u00e9 marqu\u00e9es par des changements sociaux et culturels majeurs. Les \u00c9tats-Unis, par exemple, ont connu un fort d\u00e9veloppement \u00e9conomique, ce qui a permis \u00e0 de nombreuses familles de s&rsquo;\u00e9panouir. Ce climat de prosp\u00e9rit\u00e9 a entra\u00een\u00e9 des changements dans les valeurs familiales et sociales, avec un accent mis sur l&rsquo;\u00e9ducation, la stabilit\u00e9 et la consommation.<\/p>\n\n\n\n<p>Cependant, cette p\u00e9riode a \u00e9galement \u00e9t\u00e9 celle des mouvements sociaux, notamment le mouvement des droits civiques et la lutte pour l&rsquo;\u00e9galit\u00e9 des sexes. Les baby boomers ont \u00e9t\u00e9 t\u00e9moins de ces transformations, et beaucoup d&rsquo;entre eux ont jou\u00e9 un r\u00f4le cl\u00e9 dans ces luttes pour la justice et l&rsquo;\u00e9galit\u00e9. Ils ont \u00e9galement \u00e9t\u00e9 les premiers \u00e0 exp\u00e9rimenter des formes de r\u00e9bellion contre les normes \u00e9tablies, comme le mouvement hippie, qui promouvait l&rsquo;amour libre, la paix et le rejet de la consommation de masse.<\/p>\n\n\n\n<h2 class=\"wp-block-heading\">Les caract\u00e9ristiques des baby boomers<\/h2>\n\n\n\n<p>Il existe plusieurs caract\u00e9ristiques souvent associ\u00e9es aux baby boomers. D&rsquo;une part, ils sont per\u00e7us comme ayant une mentalit\u00e9 de <a href=\"https:\/\/www.lesbridgets.com\/index.php\/conseils-relations\/celibataire\/un-vrai-workaholic-ou-une-bonne-excuse-pour-ne-pas-rappeler.html\" target=\"_blank\" rel=\"noreferrer noopener\">travailleur acharn\u00e9<\/a>, ayant \u00e9t\u00e9 \u00e9lev\u00e9s dans un environnement o\u00f9 le travail et la r\u00e9ussite personnelle \u00e9taient valoris\u00e9s. Beaucoup de boomers ont consacr\u00e9 leur vie \u00e0 leur carri\u00e8re et ont souvent \u00e9t\u00e9 en mesure de gravir les \u00e9chelons professionnels gr\u00e2ce \u00e0 l&rsquo;\u00e9ducation et \u00e0 des opportunit\u00e9s de carri\u00e8re en expansion.<\/p>\n\n\n\n<p>D&rsquo;autre part, les baby boomers sont souvent critiqu\u00e9s par les g\u00e9n\u00e9rations plus jeunes pour leur attachement \u00e0 des valeurs et \u00e0 des comportements qu&rsquo;ils consid\u00e8rent comme d\u00e9pass\u00e9s ou d\u00e9connect\u00e9s des r\u00e9alit\u00e9s contemporaines. L&rsquo;une des critiques les plus courantes est que les boomers ont eu tendance \u00e0 privil\u00e9gier leurs propres int\u00e9r\u00eats \u00e9conomiques, ce qui a contribu\u00e9 \u00e0 des probl\u00e8mes tels que la hausse des in\u00e9galit\u00e9s de richesse, la crise du logement et la <a href=\"https:\/\/www.consommactrice.com\/2018\/10\/08\/il-est-encore-temps-de-sauver-notre-planete-rejoignez-le-mouvement\/\" target=\"_blank\" rel=\"noreferrer noopener\">d\u00e9gradation de l&rsquo;environnement<\/a>.<\/p>\n\n\n\n<h2 class=\"wp-block-heading\">L&rsquo;usage du terme dans la culture moderne<\/h2>\n\n\n\n<p>Dans la culture moderne, le terme \u00ab\u00a0boomer\u00a0\u00bb a \u00e9volu\u00e9 pour devenir un terme p\u00e9joratif utilis\u00e9 par certaines g\u00e9n\u00e9rations, notamment les mill\u00e9niaux et la g\u00e9n\u00e9ration Z. <br>Dans ce contexte, l&rsquo;expression \u00ab\u00a0OK boomer\u00a0\u00bb est devenue virale, utilis\u00e9e pour rejeter ou ridiculiser les opinions et les attitudes per\u00e7ues comme d\u00e9pass\u00e9es des baby boomers. Ce dialogue interg\u00e9n\u00e9rationnel met en lumi\u00e8re les tensions qui existent entre les diff\u00e9rentes g\u00e9n\u00e9rations, souvent exacerb\u00e9es par des diff\u00e9rences dans les exp\u00e9riences de vie, les valeurs et les priorit\u00e9s.<\/p>\n\n\n\n<p>Les critiques des baby boomers soulignent souvent des questions de durabilit\u00e9 et de justice sociale. Les jeunes g\u00e9n\u00e9rations s&rsquo;inqui\u00e8tent des cons\u00e9quences des d\u00e9cisions prises par les boomers, notamment en mati\u00e8re de changement climatique, de dettes \u00e9tudiantes et d&rsquo;acc\u00e8s au logement. Ces pr\u00e9occupations soulignent une fracture g\u00e9n\u00e9rationnelle qui est devenue de plus en plus \u00e9vidente dans le discours public.<\/p>\n\n\n\n<p>Le terme \u00ab\u00a0boomer\u00a0\u00bb va bien au-del\u00e0 d&rsquo;une simple d\u00e9signation g\u00e9n\u00e9rationnelle. Il est ancr\u00e9 dans un contexte historique, \u00e9conomique et social riche et complexe. Les baby boomers ont \u00e9t\u00e9 fa\u00e7onn\u00e9s par une p\u00e9riode de prosp\u00e9rit\u00e9 et de changements radicaux. Mais ils font \u00e9galement face \u00e0 des critiques croissantes de la part des g\u00e9n\u00e9rations plus jeunes. <br>Alors que les attitudes et les valeurs \u00e9voluent, il est essentiel de promouvoir un dialogue interg\u00e9n\u00e9rationnel qui reconnaisse et respecte les exp\u00e9riences de chacun, tout en cherchant des solutions collectives aux d\u00e9fis auxquels nous sommes tous confront\u00e9s.<\/p>\n\n\n\n<p>Finalement, le ph\u00e9nom\u00e8ne des baby boomers et l&rsquo;utilisation du terme \u00ab\u00a0boomer\u00a0\u00bb illustrent les tensions et les dynamiques qui existent au sein de notre soci\u00e9t\u00e9. Plut\u00f4t que de consid\u00e9rer ces diff\u00e9rences comme une source de division, nous devrions chercher \u00e0 les comprendre pour favoriser une coexistence harmonieuse entre les g\u00e9n\u00e9rations. Ainsi, le dialogue entre les g\u00e9n\u00e9rations pourrait \u00eatre la cl\u00e9 pour aborder les d\u00e9fis actuels et futurs de mani\u00e8re constructive et collaborative.<\/p>\n","protected":false},"excerpt":{"rendered":"<p>Le terme \u00ab\u00a0boomer\u00a0\u00bb est devenu courant dans le langage populaire, souvent utilis\u00e9 pour d\u00e9signer une certaine g\u00e9n\u00e9ration de personnes. Mais derri\u00e8re ce mot se cache&hellip; <\/p>\n","protected":false},"author":2,"featured_media":258416,"comment_status":"open","ping_status":"open","sticky":false,"template":"","format":"standard","meta":{"_bbp_topic_count":0,"_bbp_reply_count":0,"_bbp_total_topic_count":0,"_bbp_total_reply_count":0,"_bbp_voice_count":0,"_bbp_anonymous_reply_count":0,"_bbp_topic_count_hidden":0,"_bbp_reply_count_hidden":0,"_bbp_forum_subforum_count":0,"om_disable_all_campaigns":false,"_lmt_disableupdate":"","_lmt_disable":"","_monsterinsights_skip_tracking":false,"_monsterinsights_sitenote_active":false,"_monsterinsights_sitenote_note":"","_monsterinsights_sitenote_category":0,"_uf_show_specific_survey":0,"_uf_disable_surveys":false,"footnotes":""},"categories":[31],"tags":[116,945],"class_list":["post-258415","post","type-post","status-publish","format-standard","has-post-thumbnail","hentry","category-ecologie-une-bridget-aime-sa-planete","tag-nouvelle-expression","tag-parents"],"yoast_head":"<!-- This site is optimized with the Yoast SEO plugin v27.4 - https:\/\/yoast.com\/product\/yoast-seo-wordpress\/ -->\n<title>C&#039;est quoi une personne boomer ? - Les Bridgets<\/title>\n<meta name=\"description\" content=\"Le terme &quot;boomer&quot;, son contexte historique, les caract\u00e9ristiques de cette g\u00e9n\u00e9ration et les tensions interg\u00e9n\u00e9rationnelles qui en d\u00e9coulent.\" \/>\n<meta name=\"robots\" content=\"index, follow, max-snippet:-1, max-image-preview:large, max-video-preview:-1\" \/>\n<link rel=\"canonical\" href=\"https:\/\/www.lesbridgets.com\/index.php\/ecologie-une-bridget-aime-sa-planete\/cest-quoi-une-personne-boomer.html\" \/>\n<meta property=\"og:locale\" content=\"fr_FR\" \/>\n<meta property=\"og:type\" content=\"article\" \/>\n<meta property=\"og:title\" content=\"C&#039;est quoi une personne boomer ? - Les Bridgets\" \/>\n<meta property=\"og:description\" content=\"Le terme &quot;boomer&quot;, son contexte historique, les caract\u00e9ristiques de cette g\u00e9n\u00e9ration et les tensions interg\u00e9n\u00e9rationnelles qui en d\u00e9coulent.\" \/>\n<meta property=\"og:url\" content=\"https:\/\/www.lesbridgets.com\/index.php\/ecologie-une-bridget-aime-sa-planete\/cest-quoi-une-personne-boomer.html\" \/>\n<meta property=\"og:site_name\" content=\"Les Bridgets\" \/>\n<meta property=\"article:publisher\" content=\"https:\/\/www.facebook.com\/Les.Bridgets\" \/>\n<meta property=\"article:published_time\" content=\"2025-06-13T15:05:26+00:00\" \/>\n<meta property=\"article:modified_time\" content=\"2025-06-13T15:06:02+00:00\" \/>\n<meta property=\"og:image\" content=\"https:\/\/www.lesbridgets.com\/wp-content\/uploads\/2025\/06\/definition-personne-boomer.jpg\" \/>\n\t<meta property=\"og:image:width\" content=\"1280\" \/>\n\t<meta property=\"og:image:height\" content=\"853\" \/>\n\t<meta property=\"og:image:type\" content=\"image\/jpeg\" \/>\n<meta name=\"author\" content=\"Bridget\" \/>\n<meta name=\"twitter:card\" content=\"summary_large_image\" \/>\n<meta name=\"twitter:creator\" content=\"@les_bridgets\" \/>\n<meta name=\"twitter:site\" content=\"@les_bridgets\" \/>\n<meta name=\"twitter:label1\" content=\"\u00c9crit par\" \/>\n\t<meta name=\"twitter:data1\" content=\"Bridget\" \/>\n\t<meta name=\"twitter:label2\" content=\"Dur\u00e9e de lecture estim\u00e9e\" \/>\n\t<meta name=\"twitter:data2\" content=\"5 minutes\" \/>\n<script type=\"application\/ld+json\" class=\"yoast-schema-graph\">{\"@context\":\"https:\\\/\\\/schema.org\",\"@graph\":[{\"@type\":\"Article\",\"@id\":\"https:\\\/\\\/www.lesbridgets.com\\\/index.php\\\/ecologie-une-bridget-aime-sa-planete\\\/cest-quoi-une-personne-boomer.html#article\",\"isPartOf\":{\"@id\":\"https:\\\/\\\/www.lesbridgets.com\\\/index.php\\\/ecologie-une-bridget-aime-sa-planete\\\/cest-quoi-une-personne-boomer.html\"},\"author\":{\"name\":\"Bridget\",\"@id\":\"https:\\\/\\\/www.lesbridgets.com\\\/#\\\/schema\\\/person\\\/82a31c27ae0ddd23ee59e1e2ac5713ba\"},\"headline\":\"C&rsquo;est quoi une personne boomer ?\",\"datePublished\":\"2025-06-13T15:05:26+00:00\",\"dateModified\":\"2025-06-13T15:06:02+00:00\",\"mainEntityOfPage\":{\"@id\":\"https:\\\/\\\/www.lesbridgets.com\\\/index.php\\\/ecologie-une-bridget-aime-sa-planete\\\/cest-quoi-une-personne-boomer.html\"},\"wordCount\":905,\"commentCount\":0,\"publisher\":{\"@id\":\"https:\\\/\\\/www.lesbridgets.com\\\/#organization\"},\"image\":{\"@id\":\"https:\\\/\\\/www.lesbridgets.com\\\/index.php\\\/ecologie-une-bridget-aime-sa-planete\\\/cest-quoi-une-personne-boomer.html#primaryimage\"},\"thumbnailUrl\":\"https:\\\/\\\/www.lesbridgets.com\\\/wp-content\\\/uploads\\\/2025\\\/06\\\/definition-personne-boomer.jpg\",\"keywords\":[\"nouvelle expression\",\"parents\"],\"articleSection\":[\"Ecologie\"],\"inLanguage\":\"fr-FR\",\"potentialAction\":[{\"@type\":\"CommentAction\",\"name\":\"Comment\",\"target\":[\"https:\\\/\\\/www.lesbridgets.com\\\/index.php\\\/ecologie-une-bridget-aime-sa-planete\\\/cest-quoi-une-personne-boomer.html#respond\"]}]},{\"@type\":\"WebPage\",\"@id\":\"https:\\\/\\\/www.lesbridgets.com\\\/index.php\\\/ecologie-une-bridget-aime-sa-planete\\\/cest-quoi-une-personne-boomer.html\",\"url\":\"https:\\\/\\\/www.lesbridgets.com\\\/index.php\\\/ecologie-une-bridget-aime-sa-planete\\\/cest-quoi-une-personne-boomer.html\",\"name\":\"C'est quoi une personne boomer ? - Les Bridgets\",\"isPartOf\":{\"@id\":\"https:\\\/\\\/www.lesbridgets.com\\\/#website\"},\"primaryImageOfPage\":{\"@id\":\"https:\\\/\\\/www.lesbridgets.com\\\/index.php\\\/ecologie-une-bridget-aime-sa-planete\\\/cest-quoi-une-personne-boomer.html#primaryimage\"},\"image\":{\"@id\":\"https:\\\/\\\/www.lesbridgets.com\\\/index.php\\\/ecologie-une-bridget-aime-sa-planete\\\/cest-quoi-une-personne-boomer.html#primaryimage\"},\"thumbnailUrl\":\"https:\\\/\\\/www.lesbridgets.com\\\/wp-content\\\/uploads\\\/2025\\\/06\\\/definition-personne-boomer.jpg\",\"datePublished\":\"2025-06-13T15:05:26+00:00\",\"dateModified\":\"2025-06-13T15:06:02+00:00\",\"description\":\"Le terme \\\"boomer\\\", son contexte historique, les caract\u00e9ristiques de cette g\u00e9n\u00e9ration et les tensions interg\u00e9n\u00e9rationnelles qui en d\u00e9coulent.\",\"breadcrumb\":{\"@id\":\"https:\\\/\\\/www.lesbridgets.com\\\/index.php\\\/ecologie-une-bridget-aime-sa-planete\\\/cest-quoi-une-personne-boomer.html#breadcrumb\"},\"inLanguage\":\"fr-FR\",\"potentialAction\":[{\"@type\":\"ReadAction\",\"target\":[\"https:\\\/\\\/www.lesbridgets.com\\\/index.php\\\/ecologie-une-bridget-aime-sa-planete\\\/cest-quoi-une-personne-boomer.html\"]}]},{\"@type\":\"ImageObject\",\"inLanguage\":\"fr-FR\",\"@id\":\"https:\\\/\\\/www.lesbridgets.com\\\/index.php\\\/ecologie-une-bridget-aime-sa-planete\\\/cest-quoi-une-personne-boomer.html#primaryimage\",\"url\":\"https:\\\/\\\/www.lesbridgets.com\\\/wp-content\\\/uploads\\\/2025\\\/06\\\/definition-personne-boomer.jpg\",\"contentUrl\":\"https:\\\/\\\/www.lesbridgets.com\\\/wp-content\\\/uploads\\\/2025\\\/06\\\/definition-personne-boomer.jpg\",\"width\":1280,\"height\":853},{\"@type\":\"BreadcrumbList\",\"@id\":\"https:\\\/\\\/www.lesbridgets.com\\\/index.php\\\/ecologie-une-bridget-aime-sa-planete\\\/cest-quoi-une-personne-boomer.html#breadcrumb\",\"itemListElement\":[{\"@type\":\"ListItem\",\"position\":1,\"name\":\"Les Bridgets\",\"item\":\"https:\\\/\\\/www.lesbridgets.com\\\/\"},{\"@type\":\"ListItem\",\"position\":2,\"name\":\"Ecologie\",\"item\":\"https:\\\/\\\/www.lesbridgets.com\\\/index.php\\\/category\\\/ecologie-une-bridget-aime-sa-planete\"},{\"@type\":\"ListItem\",\"position\":3,\"name\":\"C&rsquo;est quoi une personne boomer ?\"}]},{\"@type\":\"WebSite\",\"@id\":\"https:\\\/\\\/www.lesbridgets.com\\\/#website\",\"url\":\"https:\\\/\\\/www.lesbridgets.com\\\/\",\"name\":\"Les Bridgets\",\"description\":\"R\u00e9f\u00e9rences et r\u00e9flexions sur nos relations\",\"publisher\":{\"@id\":\"https:\\\/\\\/www.lesbridgets.com\\\/#organization\"},\"potentialAction\":[{\"@type\":\"SearchAction\",\"target\":{\"@type\":\"EntryPoint\",\"urlTemplate\":\"https:\\\/\\\/www.lesbridgets.com\\\/?s={search_term_string}\"},\"query-input\":{\"@type\":\"PropertyValueSpecification\",\"valueRequired\":true,\"valueName\":\"search_term_string\"}}],\"inLanguage\":\"fr-FR\"},{\"@type\":\"Organization\",\"@id\":\"https:\\\/\\\/www.lesbridgets.com\\\/#organization\",\"name\":\"Les Bridgets\",\"url\":\"https:\\\/\\\/www.lesbridgets.com\\\/\",\"logo\":{\"@type\":\"ImageObject\",\"inLanguage\":\"fr-FR\",\"@id\":\"https:\\\/\\\/www.lesbridgets.com\\\/#\\\/schema\\\/logo\\\/image\\\/\",\"url\":\"https:\\\/\\\/www.lesbridgets.com\\\/wp-content\\\/uploads\\\/2022\\\/07\\\/cropped-logo-3-lesbridgets.png\",\"contentUrl\":\"https:\\\/\\\/www.lesbridgets.com\\\/wp-content\\\/uploads\\\/2022\\\/07\\\/cropped-logo-3-lesbridgets.png\",\"width\":251,\"height\":59,\"caption\":\"Les Bridgets\"},\"image\":{\"@id\":\"https:\\\/\\\/www.lesbridgets.com\\\/#\\\/schema\\\/logo\\\/image\\\/\"},\"sameAs\":[\"https:\\\/\\\/www.facebook.com\\\/Les.Bridgets\",\"https:\\\/\\\/x.com\\\/les_bridgets\"]},{\"@type\":\"Person\",\"@id\":\"https:\\\/\\\/www.lesbridgets.com\\\/#\\\/schema\\\/person\\\/82a31c27ae0ddd23ee59e1e2ac5713ba\",\"name\":\"Bridget\",\"image\":{\"@type\":\"ImageObject\",\"inLanguage\":\"fr-FR\",\"@id\":\"https:\\\/\\\/secure.gravatar.com\\\/avatar\\\/7295cbdcf0cdf58bc2d250d0abac0622f7e9f13e4d6b98e0404f82bf994e0a55?s=96&d=mm&r=g\",\"url\":\"https:\\\/\\\/secure.gravatar.com\\\/avatar\\\/7295cbdcf0cdf58bc2d250d0abac0622f7e9f13e4d6b98e0404f82bf994e0a55?s=96&d=mm&r=g\",\"contentUrl\":\"https:\\\/\\\/secure.gravatar.com\\\/avatar\\\/7295cbdcf0cdf58bc2d250d0abac0622f7e9f13e4d6b98e0404f82bf994e0a55?s=96&d=mm&r=g\",\"caption\":\"Bridget\"}}]}<\/script>\n<!-- \/ Yoast SEO plugin. -->","yoast_head_json":{"title":"C'est quoi une personne boomer ? - Les Bridgets","description":"Le terme \"boomer\", son contexte historique, les caract\u00e9ristiques de cette g\u00e9n\u00e9ration et les tensions interg\u00e9n\u00e9rationnelles qui en d\u00e9coulent.","robots":{"index":"index","follow":"follow","max-snippet":"max-snippet:-1","max-image-preview":"max-image-preview:large","max-video-preview":"max-video-preview:-1"},"canonical":"https:\/\/www.lesbridgets.com\/index.php\/ecologie-une-bridget-aime-sa-planete\/cest-quoi-une-personne-boomer.html","og_locale":"fr_FR","og_type":"article","og_title":"C'est quoi une personne boomer ? - Les Bridgets","og_description":"Le terme \"boomer\", son contexte historique, les caract\u00e9ristiques de cette g\u00e9n\u00e9ration et les tensions interg\u00e9n\u00e9rationnelles qui en d\u00e9coulent.","og_url":"https:\/\/www.lesbridgets.com\/index.php\/ecologie-une-bridget-aime-sa-planete\/cest-quoi-une-personne-boomer.html","og_site_name":"Les Bridgets","article_publisher":"https:\/\/www.facebook.com\/Les.Bridgets","article_published_time":"2025-06-13T15:05:26+00:00","article_modified_time":"2025-06-13T15:06:02+00:00","og_image":[{"width":1280,"height":853,"url":"https:\/\/www.lesbridgets.com\/wp-content\/uploads\/2025\/06\/definition-personne-boomer.jpg","type":"image\/jpeg"}],"author":"Bridget","twitter_card":"summary_large_image","twitter_creator":"@les_bridgets","twitter_site":"@les_bridgets","twitter_misc":{"\u00c9crit par":"Bridget","Dur\u00e9e de lecture estim\u00e9e":"5 minutes"},"schema":{"@context":"https:\/\/schema.org","@graph":[{"@type":"Article","@id":"https:\/\/www.lesbridgets.com\/index.php\/ecologie-une-bridget-aime-sa-planete\/cest-quoi-une-personne-boomer.html#article","isPartOf":{"@id":"https:\/\/www.lesbridgets.com\/index.php\/ecologie-une-bridget-aime-sa-planete\/cest-quoi-une-personne-boomer.html"},"author":{"name":"Bridget","@id":"https:\/\/www.lesbridgets.com\/#\/schema\/person\/82a31c27ae0ddd23ee59e1e2ac5713ba"},"headline":"C&rsquo;est quoi une personne boomer ?","datePublished":"2025-06-13T15:05:26+00:00","dateModified":"2025-06-13T15:06:02+00:00","mainEntityOfPage":{"@id":"https:\/\/www.lesbridgets.com\/index.php\/ecologie-une-bridget-aime-sa-planete\/cest-quoi-une-personne-boomer.html"},"wordCount":905,"commentCount":0,"publisher":{"@id":"https:\/\/www.lesbridgets.com\/#organization"},"image":{"@id":"https:\/\/www.lesbridgets.com\/index.php\/ecologie-une-bridget-aime-sa-planete\/cest-quoi-une-personne-boomer.html#primaryimage"},"thumbnailUrl":"https:\/\/www.lesbridgets.com\/wp-content\/uploads\/2025\/06\/definition-personne-boomer.jpg","keywords":["nouvelle expression","parents"],"articleSection":["Ecologie"],"inLanguage":"fr-FR","potentialAction":[{"@type":"CommentAction","name":"Comment","target":["https:\/\/www.lesbridgets.com\/index.php\/ecologie-une-bridget-aime-sa-planete\/cest-quoi-une-personne-boomer.html#respond"]}]},{"@type":"WebPage","@id":"https:\/\/www.lesbridgets.com\/index.php\/ecologie-une-bridget-aime-sa-planete\/cest-quoi-une-personne-boomer.html","url":"https:\/\/www.lesbridgets.com\/index.php\/ecologie-une-bridget-aime-sa-planete\/cest-quoi-une-personne-boomer.html","name":"C'est quoi une personne boomer ? - Les Bridgets","isPartOf":{"@id":"https:\/\/www.lesbridgets.com\/#website"},"primaryImageOfPage":{"@id":"https:\/\/www.lesbridgets.com\/index.php\/ecologie-une-bridget-aime-sa-planete\/cest-quoi-une-personne-boomer.html#primaryimage"},"image":{"@id":"https:\/\/www.lesbridgets.com\/index.php\/ecologie-une-bridget-aime-sa-planete\/cest-quoi-une-personne-boomer.html#primaryimage"},"thumbnailUrl":"https:\/\/www.lesbridgets.com\/wp-content\/uploads\/2025\/06\/definition-personne-boomer.jpg","datePublished":"2025-06-13T15:05:26+00:00","dateModified":"2025-06-13T15:06:02+00:00","description":"Le terme \"boomer\", son contexte historique, les caract\u00e9ristiques de cette g\u00e9n\u00e9ration et les tensions interg\u00e9n\u00e9rationnelles qui en d\u00e9coulent.","breadcrumb":{"@id":"https:\/\/www.lesbridgets.com\/index.php\/ecologie-une-bridget-aime-sa-planete\/cest-quoi-une-personne-boomer.html#breadcrumb"},"inLanguage":"fr-FR","potentialAction":[{"@type":"ReadAction","target":["https:\/\/www.lesbridgets.com\/index.php\/ecologie-une-bridget-aime-sa-planete\/cest-quoi-une-personne-boomer.html"]}]},{"@type":"ImageObject","inLanguage":"fr-FR","@id":"https:\/\/www.lesbridgets.com\/index.php\/ecologie-une-bridget-aime-sa-planete\/cest-quoi-une-personne-boomer.html#primaryimage","url":"https:\/\/www.lesbridgets.com\/wp-content\/uploads\/2025\/06\/definition-personne-boomer.jpg","contentUrl":"https:\/\/www.lesbridgets.com\/wp-content\/uploads\/2025\/06\/definition-personne-boomer.jpg","width":1280,"height":853},{"@type":"BreadcrumbList","@id":"https:\/\/www.lesbridgets.com\/index.php\/ecologie-une-bridget-aime-sa-planete\/cest-quoi-une-personne-boomer.html#breadcrumb","itemListElement":[{"@type":"ListItem","position":1,"name":"Les Bridgets","item":"https:\/\/www.lesbridgets.com\/"},{"@type":"ListItem","position":2,"name":"Ecologie","item":"https:\/\/www.lesbridgets.com\/index.php\/category\/ecologie-une-bridget-aime-sa-planete"},{"@type":"ListItem","position":3,"name":"C&rsquo;est quoi une personne boomer ?"}]},{"@type":"WebSite","@id":"https:\/\/www.lesbridgets.com\/#website","url":"https:\/\/www.lesbridgets.com\/","name":"Les Bridgets","description":"R\u00e9f\u00e9rences et r\u00e9flexions sur nos relations","publisher":{"@id":"https:\/\/www.lesbridgets.com\/#organization"},"potentialAction":[{"@type":"SearchAction","target":{"@type":"EntryPoint","urlTemplate":"https:\/\/www.lesbridgets.com\/?s={search_term_string}"},"query-input":{"@type":"PropertyValueSpecification","valueRequired":true,"valueName":"search_term_string"}}],"inLanguage":"fr-FR"},{"@type":"Organization","@id":"https:\/\/www.lesbridgets.com\/#organization","name":"Les Bridgets","url":"https:\/\/www.lesbridgets.com\/","logo":{"@type":"ImageObject","inLanguage":"fr-FR","@id":"https:\/\/www.lesbridgets.com\/#\/schema\/logo\/image\/","url":"https:\/\/www.lesbridgets.com\/wp-content\/uploads\/2022\/07\/cropped-logo-3-lesbridgets.png","contentUrl":"https:\/\/www.lesbridgets.com\/wp-content\/uploads\/2022\/07\/cropped-logo-3-lesbridgets.png","width":251,"height":59,"caption":"Les Bridgets"},"image":{"@id":"https:\/\/www.lesbridgets.com\/#\/schema\/logo\/image\/"},"sameAs":["https:\/\/www.facebook.com\/Les.Bridgets","https:\/\/x.com\/les_bridgets"]},{"@type":"Person","@id":"https:\/\/www.lesbridgets.com\/#\/schema\/person\/82a31c27ae0ddd23ee59e1e2ac5713ba","name":"Bridget","image":{"@type":"ImageObject","inLanguage":"fr-FR","@id":"https:\/\/secure.gravatar.com\/avatar\/7295cbdcf0cdf58bc2d250d0abac0622f7e9f13e4d6b98e0404f82bf994e0a55?s=96&d=mm&r=g","url":"https:\/\/secure.gravatar.com\/avatar\/7295cbdcf0cdf58bc2d250d0abac0622f7e9f13e4d6b98e0404f82bf994e0a55?s=96&d=mm&r=g","contentUrl":"https:\/\/secure.gravatar.com\/avatar\/7295cbdcf0cdf58bc2d250d0abac0622f7e9f13e4d6b98e0404f82bf994e0a55?s=96&d=mm&r=g","caption":"Bridget"}}]}},"modified_by":"Bridget","_links":{"self":[{"href":"https:\/\/www.lesbridgets.com\/index.php\/wp-json\/wp\/v2\/posts\/258415","targetHints":{"allow":["GET"]}}],"collection":[{"href":"https:\/\/www.lesbridgets.com\/index.php\/wp-json\/wp\/v2\/posts"}],"about":[{"href":"https:\/\/www.lesbridgets.com\/index.php\/wp-json\/wp\/v2\/types\/post"}],"author":[{"embeddable":true,"href":"https:\/\/www.lesbridgets.com\/index.php\/wp-json\/wp\/v2\/users\/2"}],"replies":[{"embeddable":true,"href":"https:\/\/www.lesbridgets.com\/index.php\/wp-json\/wp\/v2\/comments?post=258415"}],"version-history":[{"count":1,"href":"https:\/\/www.lesbridgets.com\/index.php\/wp-json\/wp\/v2\/posts\/258415\/revisions"}],"predecessor-version":[{"id":258417,"href":"https:\/\/www.lesbridgets.com\/index.php\/wp-json\/wp\/v2\/posts\/258415\/revisions\/258417"}],"wp:featuredmedia":[{"embeddable":true,"href":"https:\/\/www.lesbridgets.com\/index.php\/wp-json\/wp\/v2\/media\/258416"}],"wp:attachment":[{"href":"https:\/\/www.lesbridgets.com\/index.php\/wp-json\/wp\/v2\/media?parent=258415"}],"wp:term":[{"taxonomy":"category","embeddable":true,"href":"https:\/\/www.lesbridgets.com\/index.php\/wp-json\/wp\/v2\/categories?post=258415"},{"taxonomy":"post_tag","embeddable":true,"href":"https:\/\/www.lesbridgets.com\/index.php\/wp-json\/wp\/v2\/tags?post=258415"}],"curies":[{"name":"wp","href":"https:\/\/api.w.org\/{rel}","templated":true}]}}