{"id":255486,"date":"2021-12-16T18:39:34","date_gmt":"2021-12-16T17:39:34","guid":{"rendered":"https:\/\/www.lesbridgets.com\/?p=255486"},"modified":"2021-12-16T19:00:37","modified_gmt":"2021-12-16T18:00:37","slug":"avis-film-de-son-vivant-avec-un-benoit-magimel-magistral","status":"publish","type":"post","link":"https:\/\/www.lesbridgets.com\/index.php\/references\/films\/avis-film-de-son-vivant-avec-un-benoit-magimel-magistral.html","title":{"rendered":"Avis film De Son Vivant avec un Beno\u00eet Magimel magistral"},"content":{"rendered":"<p>Le sujet est plombant (cancer et fin de vie) mais les acteurs ainsi que les sc\u00e9narios rendent honneur au film De Son Vivant sorti au cin\u00e9ma le 24 novembre 2021. On est all\u00e9 au cin\u00e9ma pour pleurer approximativement les 80% du film et on va vous en parler plus pr\u00e9cis\u00e9ment<\/p>\n<h2>L&rsquo;histoire du film<\/h2>\n<p>Benjamin \u00e2g\u00e9 de 39 ans apprend qu&rsquo;il est condamn\u00e9 par un cancer du pancr\u00e9as. La souffrance d\u2019une m\u00e8re face \u00e0 l\u2019inacceptable. Le d\u00e9vouement d\u2019un m\u00e9decin (le docteur SARA dans son propre r\u00f4le) et d\u2019une infirmi\u00e8re pour les accompagner sur l\u2019impossible chemin. Une ann\u00e9e, quatre saisons, pour \u00ab danser \u00bb avec la maladie, l\u2019apprivoiser, et comprendre ce que \u00e7a signifie : mourir de son vivant.<\/p>\n<h2>Bande annonce De Son Vivant<\/h2>\n<p style=\"text-align: center;\"><iframe loading=\"lazy\" title=\"YouTube video player\" src=\"https:\/\/www.youtube.com\/embed\/SYusL1vBd_w\" width=\"560\" height=\"315\" frameborder=\"0\" allowfullscreen=\"allowfullscreen\"><\/iframe><\/p>\n<h2>Avis<\/h2>\n<p>On a litt\u00e9ralement pleur\u00e9 les 80% du film. On s&rsquo;y attendait certes mais pas autant. Le c\u00f4t\u00e9 m\u00e9lo souhait\u00e9 par la r\u00e9alisatrice Emmanuelle Bercot est r\u00e9ussi.<br \/>\nNotamment gr\u00e2ce \u00e0 Beno\u00eet Magimel qui est tout simplement magistral. Encore plus quand on sait que pour le r\u00f4le, il a perdu 3 fois 20kg (\u00e0 cause des interruptions de tournage suite \u00e0 l&rsquo;AVC de Catherine Deneuve et la pand\u00e9mie).<\/p>\n<p><img loading=\"lazy\" decoding=\"async\" class=\"alignnone wp-image-255495 size-full aligncenter\" src=\"https:\/\/www.lesbridgets.com\/wp-content\/uploads\/2021\/12\/benoit-magimel-de-son-vivant.jpg\" alt=\"\" width=\"800\" height=\"531\" srcset=\"https:\/\/www.lesbridgets.com\/wp-content\/uploads\/2021\/12\/benoit-magimel-de-son-vivant.jpg 800w, https:\/\/www.lesbridgets.com\/wp-content\/uploads\/2021\/12\/benoit-magimel-de-son-vivant-300x200.jpg 300w, https:\/\/www.lesbridgets.com\/wp-content\/uploads\/2021\/12\/benoit-magimel-de-son-vivant-768x510.jpg 768w\" sizes=\"auto, (max-width: 800px) 100vw, 800px\" \/><\/p>\n<p>M\u00eame si cela reste une fiction, le film permet de mieux comprendre ce que peut ressentir un malade condamn\u00e9 mais aussi ce que peut vivre l&rsquo;entourage.<\/p>\n<p style=\"text-align: center;\"><iframe loading=\"lazy\" title=\"YouTube video player\" src=\"https:\/\/www.youtube.com\/embed\/wIp82Om4_EM\" width=\"560\" height=\"315\" frameborder=\"0\" allowfullscreen=\"allowfullscreen\"><\/iframe><\/p>\n<h2>Qui chante Voyage Voyage dans De Son vivant ?<\/h2>\n<p>Si comme nous vous cherchez la musique du g\u00e9n\u00e9rique de fin qui est aussi celle de la bande annonce ci-dessus, il s&rsquo;agit d&rsquo;une reprise de Voyage Voyage de Desireless, chant\u00e9e cette fois par Soap&amp;Skin.<br \/>\nEmmanuelle Bercot a toujours le talent pour trouver les bonnes musiques d&rsquo;illustrations de ses films.<\/p>\n<p style=\"text-align: center;\"><iframe loading=\"lazy\" title=\"YouTube video player\" src=\"https:\/\/www.youtube.com\/embed\/CYFvjNSba3g\" width=\"560\" height=\"315\" frameborder=\"0\" allowfullscreen=\"allowfullscreen\"><\/iframe><\/p>\n<h2>Quel est le vrai nom du Docteur dans le film ?<\/h2>\n<p>Le Docteur Ed\u00e9e dans le film s&rsquo;appelle dans la vraie vie Docteur Gabriel Sara. Tous les soignants sauf \u00e9videmment C\u00e9cile De France sont \u00e9galement de vrais soignants pas du tout acteur.<\/p>\n<p>Le film n&rsquo;est pas une histoire vraie. Benjamin n&rsquo;a pas exist\u00e9 mais la th\u00e9rapie du docteur Sara et ses employ\u00e9s existent bel et bien.<\/p>\n","protected":false},"excerpt":{"rendered":"<p>Le sujet est plombant (cancer et fin de vie) mais les acteurs ainsi que les sc\u00e9narios rendent honneur au film De Son Vivant sorti au&hellip; <\/p>\n","protected":false},"author":2,"featured_media":255489,"comment_status":"open","ping_status":"open","sticky":false,"template":"","format":"standard","meta":{"_bbp_topic_count":0,"_bbp_reply_count":0,"_bbp_total_topic_count":0,"_bbp_total_reply_count":0,"_bbp_voice_count":0,"_bbp_anonymous_reply_count":0,"_bbp_topic_count_hidden":0,"_bbp_reply_count_hidden":0,"_bbp_forum_subforum_count":0,"om_disable_all_campaigns":false,"_lmt_disableupdate":"no","_lmt_disable":"","_monsterinsights_skip_tracking":false,"_monsterinsights_sitenote_active":false,"_monsterinsights_sitenote_note":"","_monsterinsights_sitenote_category":0,"_uf_show_specific_survey":0,"_uf_disable_surveys":false,"footnotes":""},"categories":[28],"tags":[143,586,642],"class_list":["post-255486","post","type-post","status-publish","format-standard","has-post-thumbnail","hentry","category-films","tag-cancer","tag-film-dramatique","tag-film-famille"],"yoast_head":"<!-- This site is optimized with the Yoast SEO plugin v27.4 - https:\/\/yoast.com\/product\/yoast-seo-wordpress\/ -->\n<title>Avis film De Son Vivant avec un Beno\u00eet Magimel magistral - Les Bridgets<\/title>\n<meta name=\"description\" content=\"Notre avis sur le film De Son Vivant avec le magistral Beno\u00eft Magimel r\u00e9alis\u00e9 par la talentueuse Emmanuelle Bercot.\" \/>\n<meta name=\"robots\" content=\"index, follow, max-snippet:-1, max-image-preview:large, max-video-preview:-1\" \/>\n<link rel=\"canonical\" href=\"https:\/\/www.lesbridgets.com\/index.php\/references\/films\/avis-film-de-son-vivant-avec-un-benoit-magimel-magistral.html\" \/>\n<meta property=\"og:locale\" content=\"fr_FR\" \/>\n<meta property=\"og:type\" content=\"article\" \/>\n<meta property=\"og:title\" content=\"Avis film De Son Vivant avec un Beno\u00eet Magimel magistral - Les Bridgets\" \/>\n<meta property=\"og:description\" content=\"Notre avis sur le film De Son Vivant avec le magistral Beno\u00eft Magimel r\u00e9alis\u00e9 par la talentueuse Emmanuelle Bercot.\" \/>\n<meta property=\"og:url\" content=\"https:\/\/www.lesbridgets.com\/index.php\/references\/films\/avis-film-de-son-vivant-avec-un-benoit-magimel-magistral.html\" \/>\n<meta property=\"og:site_name\" content=\"Les Bridgets\" \/>\n<meta property=\"article:publisher\" content=\"https:\/\/www.facebook.com\/Les.Bridgets\" \/>\n<meta property=\"article:published_time\" content=\"2021-12-16T17:39:34+00:00\" \/>\n<meta property=\"article:modified_time\" content=\"2021-12-16T18:00:37+00:00\" \/>\n<meta property=\"og:image\" content=\"https:\/\/www.lesbridgets.com\/wp-content\/uploads\/2021\/12\/de-son-vivant-benoit-magimel.jpg\" \/>\n\t<meta property=\"og:image:width\" content=\"1200\" \/>\n\t<meta property=\"og:image:height\" content=\"757\" \/>\n\t<meta property=\"og:image:type\" content=\"image\/jpeg\" \/>\n<meta name=\"author\" content=\"Bridget\" \/>\n<meta name=\"twitter:card\" content=\"summary_large_image\" \/>\n<meta name=\"twitter:creator\" content=\"@les_bridgets\" \/>\n<meta name=\"twitter:site\" content=\"@les_bridgets\" \/>\n<meta name=\"twitter:label1\" content=\"\u00c9crit par\" \/>\n\t<meta name=\"twitter:data1\" content=\"Bridget\" \/>\n\t<meta name=\"twitter:label2\" content=\"Dur\u00e9e de lecture estim\u00e9e\" \/>\n\t<meta name=\"twitter:data2\" content=\"1 minute\" \/>\n<script type=\"application\/ld+json\" class=\"yoast-schema-graph\">{\"@context\":\"https:\\\/\\\/schema.org\",\"@graph\":[{\"@type\":\"Article\",\"@id\":\"https:\\\/\\\/www.lesbridgets.com\\\/index.php\\\/references\\\/films\\\/avis-film-de-son-vivant-avec-un-benoit-magimel-magistral.html#article\",\"isPartOf\":{\"@id\":\"https:\\\/\\\/www.lesbridgets.com\\\/index.php\\\/references\\\/films\\\/avis-film-de-son-vivant-avec-un-benoit-magimel-magistral.html\"},\"author\":{\"name\":\"Bridget\",\"@id\":\"https:\\\/\\\/www.lesbridgets.com\\\/#\\\/schema\\\/person\\\/82a31c27ae0ddd23ee59e1e2ac5713ba\"},\"headline\":\"Avis film De Son Vivant avec un Beno\u00eet Magimel magistral\",\"datePublished\":\"2021-12-16T17:39:34+00:00\",\"dateModified\":\"2021-12-16T18:00:37+00:00\",\"mainEntityOfPage\":{\"@id\":\"https:\\\/\\\/www.lesbridgets.com\\\/index.php\\\/references\\\/films\\\/avis-film-de-son-vivant-avec-un-benoit-magimel-magistral.html\"},\"wordCount\":383,\"commentCount\":0,\"publisher\":{\"@id\":\"https:\\\/\\\/www.lesbridgets.com\\\/#organization\"},\"image\":{\"@id\":\"https:\\\/\\\/www.lesbridgets.com\\\/index.php\\\/references\\\/films\\\/avis-film-de-son-vivant-avec-un-benoit-magimel-magistral.html#primaryimage\"},\"thumbnailUrl\":\"https:\\\/\\\/www.lesbridgets.com\\\/wp-content\\\/uploads\\\/2021\\\/12\\\/de-son-vivant-benoit-magimel.jpg\",\"keywords\":[\"cancer\",\"film dramatique\",\"film famille\"],\"articleSection\":[\"Film\"],\"inLanguage\":\"fr-FR\",\"potentialAction\":[{\"@type\":\"CommentAction\",\"name\":\"Comment\",\"target\":[\"https:\\\/\\\/www.lesbridgets.com\\\/index.php\\\/references\\\/films\\\/avis-film-de-son-vivant-avec-un-benoit-magimel-magistral.html#respond\"]}]},{\"@type\":\"WebPage\",\"@id\":\"https:\\\/\\\/www.lesbridgets.com\\\/index.php\\\/references\\\/films\\\/avis-film-de-son-vivant-avec-un-benoit-magimel-magistral.html\",\"url\":\"https:\\\/\\\/www.lesbridgets.com\\\/index.php\\\/references\\\/films\\\/avis-film-de-son-vivant-avec-un-benoit-magimel-magistral.html\",\"name\":\"Avis film De Son Vivant avec un Beno\u00eet Magimel magistral - Les Bridgets\",\"isPartOf\":{\"@id\":\"https:\\\/\\\/www.lesbridgets.com\\\/#website\"},\"primaryImageOfPage\":{\"@id\":\"https:\\\/\\\/www.lesbridgets.com\\\/index.php\\\/references\\\/films\\\/avis-film-de-son-vivant-avec-un-benoit-magimel-magistral.html#primaryimage\"},\"image\":{\"@id\":\"https:\\\/\\\/www.lesbridgets.com\\\/index.php\\\/references\\\/films\\\/avis-film-de-son-vivant-avec-un-benoit-magimel-magistral.html#primaryimage\"},\"thumbnailUrl\":\"https:\\\/\\\/www.lesbridgets.com\\\/wp-content\\\/uploads\\\/2021\\\/12\\\/de-son-vivant-benoit-magimel.jpg\",\"datePublished\":\"2021-12-16T17:39:34+00:00\",\"dateModified\":\"2021-12-16T18:00:37+00:00\",\"description\":\"Notre avis sur le film De Son Vivant avec le magistral Beno\u00eft Magimel r\u00e9alis\u00e9 par la talentueuse Emmanuelle Bercot.\",\"breadcrumb\":{\"@id\":\"https:\\\/\\\/www.lesbridgets.com\\\/index.php\\\/references\\\/films\\\/avis-film-de-son-vivant-avec-un-benoit-magimel-magistral.html#breadcrumb\"},\"inLanguage\":\"fr-FR\",\"potentialAction\":[{\"@type\":\"ReadAction\",\"target\":[\"https:\\\/\\\/www.lesbridgets.com\\\/index.php\\\/references\\\/films\\\/avis-film-de-son-vivant-avec-un-benoit-magimel-magistral.html\"]}]},{\"@type\":\"ImageObject\",\"inLanguage\":\"fr-FR\",\"@id\":\"https:\\\/\\\/www.lesbridgets.com\\\/index.php\\\/references\\\/films\\\/avis-film-de-son-vivant-avec-un-benoit-magimel-magistral.html#primaryimage\",\"url\":\"https:\\\/\\\/www.lesbridgets.com\\\/wp-content\\\/uploads\\\/2021\\\/12\\\/de-son-vivant-benoit-magimel.jpg\",\"contentUrl\":\"https:\\\/\\\/www.lesbridgets.com\\\/wp-content\\\/uploads\\\/2021\\\/12\\\/de-son-vivant-benoit-magimel.jpg\",\"width\":1200,\"height\":757},{\"@type\":\"BreadcrumbList\",\"@id\":\"https:\\\/\\\/www.lesbridgets.com\\\/index.php\\\/references\\\/films\\\/avis-film-de-son-vivant-avec-un-benoit-magimel-magistral.html#breadcrumb\",\"itemListElement\":[{\"@type\":\"ListItem\",\"position\":1,\"name\":\"Les Bridgets\",\"item\":\"https:\\\/\\\/www.lesbridgets.com\\\/\"},{\"@type\":\"ListItem\",\"position\":2,\"name\":\"R\u00e9f\u00e9rences sur le couple et le c\u00e9libat\",\"item\":\"https:\\\/\\\/www.lesbridgets.com\\\/index.php\\\/category\\\/references\"},{\"@type\":\"ListItem\",\"position\":3,\"name\":\"Film\",\"item\":\"https:\\\/\\\/www.lesbridgets.com\\\/index.php\\\/category\\\/references\\\/films\"},{\"@type\":\"ListItem\",\"position\":4,\"name\":\"Avis film De Son Vivant avec un Beno\u00eet Magimel magistral\"}]},{\"@type\":\"WebSite\",\"@id\":\"https:\\\/\\\/www.lesbridgets.com\\\/#website\",\"url\":\"https:\\\/\\\/www.lesbridgets.com\\\/\",\"name\":\"Les Bridgets\",\"description\":\"R\u00e9f\u00e9rences et r\u00e9flexions sur nos relations\",\"publisher\":{\"@id\":\"https:\\\/\\\/www.lesbridgets.com\\\/#organization\"},\"potentialAction\":[{\"@type\":\"SearchAction\",\"target\":{\"@type\":\"EntryPoint\",\"urlTemplate\":\"https:\\\/\\\/www.lesbridgets.com\\\/?s={search_term_string}\"},\"query-input\":{\"@type\":\"PropertyValueSpecification\",\"valueRequired\":true,\"valueName\":\"search_term_string\"}}],\"inLanguage\":\"fr-FR\"},{\"@type\":\"Organization\",\"@id\":\"https:\\\/\\\/www.lesbridgets.com\\\/#organization\",\"name\":\"Les Bridgets\",\"url\":\"https:\\\/\\\/www.lesbridgets.com\\\/\",\"logo\":{\"@type\":\"ImageObject\",\"inLanguage\":\"fr-FR\",\"@id\":\"https:\\\/\\\/www.lesbridgets.com\\\/#\\\/schema\\\/logo\\\/image\\\/\",\"url\":\"https:\\\/\\\/www.lesbridgets.com\\\/wp-content\\\/uploads\\\/2022\\\/07\\\/cropped-logo-3-lesbridgets.png\",\"contentUrl\":\"https:\\\/\\\/www.lesbridgets.com\\\/wp-content\\\/uploads\\\/2022\\\/07\\\/cropped-logo-3-lesbridgets.png\",\"width\":251,\"height\":59,\"caption\":\"Les Bridgets\"},\"image\":{\"@id\":\"https:\\\/\\\/www.lesbridgets.com\\\/#\\\/schema\\\/logo\\\/image\\\/\"},\"sameAs\":[\"https:\\\/\\\/www.facebook.com\\\/Les.Bridgets\",\"https:\\\/\\\/x.com\\\/les_bridgets\"]},{\"@type\":\"Person\",\"@id\":\"https:\\\/\\\/www.lesbridgets.com\\\/#\\\/schema\\\/person\\\/82a31c27ae0ddd23ee59e1e2ac5713ba\",\"name\":\"Bridget\",\"image\":{\"@type\":\"ImageObject\",\"inLanguage\":\"fr-FR\",\"@id\":\"https:\\\/\\\/secure.gravatar.com\\\/avatar\\\/7295cbdcf0cdf58bc2d250d0abac0622f7e9f13e4d6b98e0404f82bf994e0a55?s=96&d=mm&r=g\",\"url\":\"https:\\\/\\\/secure.gravatar.com\\\/avatar\\\/7295cbdcf0cdf58bc2d250d0abac0622f7e9f13e4d6b98e0404f82bf994e0a55?s=96&d=mm&r=g\",\"contentUrl\":\"https:\\\/\\\/secure.gravatar.com\\\/avatar\\\/7295cbdcf0cdf58bc2d250d0abac0622f7e9f13e4d6b98e0404f82bf994e0a55?s=96&d=mm&r=g\",\"caption\":\"Bridget\"}}]}<\/script>\n<!-- \/ Yoast SEO plugin. -->","yoast_head_json":{"title":"Avis film De Son Vivant avec un Beno\u00eet Magimel magistral - Les Bridgets","description":"Notre avis sur le film De Son Vivant avec le magistral Beno\u00eft Magimel r\u00e9alis\u00e9 par la talentueuse Emmanuelle Bercot.","robots":{"index":"index","follow":"follow","max-snippet":"max-snippet:-1","max-image-preview":"max-image-preview:large","max-video-preview":"max-video-preview:-1"},"canonical":"https:\/\/www.lesbridgets.com\/index.php\/references\/films\/avis-film-de-son-vivant-avec-un-benoit-magimel-magistral.html","og_locale":"fr_FR","og_type":"article","og_title":"Avis film De Son Vivant avec un Beno\u00eet Magimel magistral - Les Bridgets","og_description":"Notre avis sur le film De Son Vivant avec le magistral Beno\u00eft Magimel r\u00e9alis\u00e9 par la talentueuse Emmanuelle Bercot.","og_url":"https:\/\/www.lesbridgets.com\/index.php\/references\/films\/avis-film-de-son-vivant-avec-un-benoit-magimel-magistral.html","og_site_name":"Les Bridgets","article_publisher":"https:\/\/www.facebook.com\/Les.Bridgets","article_published_time":"2021-12-16T17:39:34+00:00","article_modified_time":"2021-12-16T18:00:37+00:00","og_image":[{"width":1200,"height":757,"url":"https:\/\/www.lesbridgets.com\/wp-content\/uploads\/2021\/12\/de-son-vivant-benoit-magimel.jpg","type":"image\/jpeg"}],"author":"Bridget","twitter_card":"summary_large_image","twitter_creator":"@les_bridgets","twitter_site":"@les_bridgets","twitter_misc":{"\u00c9crit par":"Bridget","Dur\u00e9e de lecture estim\u00e9e":"1 minute"},"schema":{"@context":"https:\/\/schema.org","@graph":[{"@type":"Article","@id":"https:\/\/www.lesbridgets.com\/index.php\/references\/films\/avis-film-de-son-vivant-avec-un-benoit-magimel-magistral.html#article","isPartOf":{"@id":"https:\/\/www.lesbridgets.com\/index.php\/references\/films\/avis-film-de-son-vivant-avec-un-benoit-magimel-magistral.html"},"author":{"name":"Bridget","@id":"https:\/\/www.lesbridgets.com\/#\/schema\/person\/82a31c27ae0ddd23ee59e1e2ac5713ba"},"headline":"Avis film De Son Vivant avec un Beno\u00eet Magimel magistral","datePublished":"2021-12-16T17:39:34+00:00","dateModified":"2021-12-16T18:00:37+00:00","mainEntityOfPage":{"@id":"https:\/\/www.lesbridgets.com\/index.php\/references\/films\/avis-film-de-son-vivant-avec-un-benoit-magimel-magistral.html"},"wordCount":383,"commentCount":0,"publisher":{"@id":"https:\/\/www.lesbridgets.com\/#organization"},"image":{"@id":"https:\/\/www.lesbridgets.com\/index.php\/references\/films\/avis-film-de-son-vivant-avec-un-benoit-magimel-magistral.html#primaryimage"},"thumbnailUrl":"https:\/\/www.lesbridgets.com\/wp-content\/uploads\/2021\/12\/de-son-vivant-benoit-magimel.jpg","keywords":["cancer","film dramatique","film famille"],"articleSection":["Film"],"inLanguage":"fr-FR","potentialAction":[{"@type":"CommentAction","name":"Comment","target":["https:\/\/www.lesbridgets.com\/index.php\/references\/films\/avis-film-de-son-vivant-avec-un-benoit-magimel-magistral.html#respond"]}]},{"@type":"WebPage","@id":"https:\/\/www.lesbridgets.com\/index.php\/references\/films\/avis-film-de-son-vivant-avec-un-benoit-magimel-magistral.html","url":"https:\/\/www.lesbridgets.com\/index.php\/references\/films\/avis-film-de-son-vivant-avec-un-benoit-magimel-magistral.html","name":"Avis film De Son Vivant avec un Beno\u00eet Magimel magistral - Les Bridgets","isPartOf":{"@id":"https:\/\/www.lesbridgets.com\/#website"},"primaryImageOfPage":{"@id":"https:\/\/www.lesbridgets.com\/index.php\/references\/films\/avis-film-de-son-vivant-avec-un-benoit-magimel-magistral.html#primaryimage"},"image":{"@id":"https:\/\/www.lesbridgets.com\/index.php\/references\/films\/avis-film-de-son-vivant-avec-un-benoit-magimel-magistral.html#primaryimage"},"thumbnailUrl":"https:\/\/www.lesbridgets.com\/wp-content\/uploads\/2021\/12\/de-son-vivant-benoit-magimel.jpg","datePublished":"2021-12-16T17:39:34+00:00","dateModified":"2021-12-16T18:00:37+00:00","description":"Notre avis sur le film De Son Vivant avec le magistral Beno\u00eft Magimel r\u00e9alis\u00e9 par la talentueuse Emmanuelle Bercot.","breadcrumb":{"@id":"https:\/\/www.lesbridgets.com\/index.php\/references\/films\/avis-film-de-son-vivant-avec-un-benoit-magimel-magistral.html#breadcrumb"},"inLanguage":"fr-FR","potentialAction":[{"@type":"ReadAction","target":["https:\/\/www.lesbridgets.com\/index.php\/references\/films\/avis-film-de-son-vivant-avec-un-benoit-magimel-magistral.html"]}]},{"@type":"ImageObject","inLanguage":"fr-FR","@id":"https:\/\/www.lesbridgets.com\/index.php\/references\/films\/avis-film-de-son-vivant-avec-un-benoit-magimel-magistral.html#primaryimage","url":"https:\/\/www.lesbridgets.com\/wp-content\/uploads\/2021\/12\/de-son-vivant-benoit-magimel.jpg","contentUrl":"https:\/\/www.lesbridgets.com\/wp-content\/uploads\/2021\/12\/de-son-vivant-benoit-magimel.jpg","width":1200,"height":757},{"@type":"BreadcrumbList","@id":"https:\/\/www.lesbridgets.com\/index.php\/references\/films\/avis-film-de-son-vivant-avec-un-benoit-magimel-magistral.html#breadcrumb","itemListElement":[{"@type":"ListItem","position":1,"name":"Les Bridgets","item":"https:\/\/www.lesbridgets.com\/"},{"@type":"ListItem","position":2,"name":"R\u00e9f\u00e9rences sur le couple et le c\u00e9libat","item":"https:\/\/www.lesbridgets.com\/index.php\/category\/references"},{"@type":"ListItem","position":3,"name":"Film","item":"https:\/\/www.lesbridgets.com\/index.php\/category\/references\/films"},{"@type":"ListItem","position":4,"name":"Avis film De Son Vivant avec un Beno\u00eet Magimel magistral"}]},{"@type":"WebSite","@id":"https:\/\/www.lesbridgets.com\/#website","url":"https:\/\/www.lesbridgets.com\/","name":"Les Bridgets","description":"R\u00e9f\u00e9rences et r\u00e9flexions sur nos relations","publisher":{"@id":"https:\/\/www.lesbridgets.com\/#organization"},"potentialAction":[{"@type":"SearchAction","target":{"@type":"EntryPoint","urlTemplate":"https:\/\/www.lesbridgets.com\/?s={search_term_string}"},"query-input":{"@type":"PropertyValueSpecification","valueRequired":true,"valueName":"search_term_string"}}],"inLanguage":"fr-FR"},{"@type":"Organization","@id":"https:\/\/www.lesbridgets.com\/#organization","name":"Les Bridgets","url":"https:\/\/www.lesbridgets.com\/","logo":{"@type":"ImageObject","inLanguage":"fr-FR","@id":"https:\/\/www.lesbridgets.com\/#\/schema\/logo\/image\/","url":"https:\/\/www.lesbridgets.com\/wp-content\/uploads\/2022\/07\/cropped-logo-3-lesbridgets.png","contentUrl":"https:\/\/www.lesbridgets.com\/wp-content\/uploads\/2022\/07\/cropped-logo-3-lesbridgets.png","width":251,"height":59,"caption":"Les Bridgets"},"image":{"@id":"https:\/\/www.lesbridgets.com\/#\/schema\/logo\/image\/"},"sameAs":["https:\/\/www.facebook.com\/Les.Bridgets","https:\/\/x.com\/les_bridgets"]},{"@type":"Person","@id":"https:\/\/www.lesbridgets.com\/#\/schema\/person\/82a31c27ae0ddd23ee59e1e2ac5713ba","name":"Bridget","image":{"@type":"ImageObject","inLanguage":"fr-FR","@id":"https:\/\/secure.gravatar.com\/avatar\/7295cbdcf0cdf58bc2d250d0abac0622f7e9f13e4d6b98e0404f82bf994e0a55?s=96&d=mm&r=g","url":"https:\/\/secure.gravatar.com\/avatar\/7295cbdcf0cdf58bc2d250d0abac0622f7e9f13e4d6b98e0404f82bf994e0a55?s=96&d=mm&r=g","contentUrl":"https:\/\/secure.gravatar.com\/avatar\/7295cbdcf0cdf58bc2d250d0abac0622f7e9f13e4d6b98e0404f82bf994e0a55?s=96&d=mm&r=g","caption":"Bridget"}}]}},"modified_by":"Bridget","_links":{"self":[{"href":"https:\/\/www.lesbridgets.com\/index.php\/wp-json\/wp\/v2\/posts\/255486","targetHints":{"allow":["GET"]}}],"collection":[{"href":"https:\/\/www.lesbridgets.com\/index.php\/wp-json\/wp\/v2\/posts"}],"about":[{"href":"https:\/\/www.lesbridgets.com\/index.php\/wp-json\/wp\/v2\/types\/post"}],"author":[{"embeddable":true,"href":"https:\/\/www.lesbridgets.com\/index.php\/wp-json\/wp\/v2\/users\/2"}],"replies":[{"embeddable":true,"href":"https:\/\/www.lesbridgets.com\/index.php\/wp-json\/wp\/v2\/comments?post=255486"}],"version-history":[{"count":8,"href":"https:\/\/www.lesbridgets.com\/index.php\/wp-json\/wp\/v2\/posts\/255486\/revisions"}],"predecessor-version":[{"id":255496,"href":"https:\/\/www.lesbridgets.com\/index.php\/wp-json\/wp\/v2\/posts\/255486\/revisions\/255496"}],"wp:featuredmedia":[{"embeddable":true,"href":"https:\/\/www.lesbridgets.com\/index.php\/wp-json\/wp\/v2\/media\/255489"}],"wp:attachment":[{"href":"https:\/\/www.lesbridgets.com\/index.php\/wp-json\/wp\/v2\/media?parent=255486"}],"wp:term":[{"taxonomy":"category","embeddable":true,"href":"https:\/\/www.lesbridgets.com\/index.php\/wp-json\/wp\/v2\/categories?post=255486"},{"taxonomy":"post_tag","embeddable":true,"href":"https:\/\/www.lesbridgets.com\/index.php\/wp-json\/wp\/v2\/tags?post=255486"}],"curies":[{"name":"wp","href":"https:\/\/api.w.org\/{rel}","templated":true}]}}