{"id":248947,"date":"2019-10-17T12:37:54","date_gmt":"2019-10-17T10:37:54","guid":{"rendered":"https:\/\/www.lesbridgets.com\/?p=248947"},"modified":"2019-10-18T14:05:40","modified_gmt":"2019-10-18T12:05:40","slug":"critique-matthias-et-maxime-le-film-de-xavier-dolan","status":"publish","type":"post","link":"https:\/\/www.lesbridgets.com\/index.php\/references\/films\/critique-matthias-et-maxime-le-film-de-xavier-dolan.html","title":{"rendered":"Critique : Matthias et Maxime le film de Xavier Dolan"},"content":{"rendered":"<p>En vraies fan du r\u00e9alisateur qu\u00e9b\u00e9cois Xavier Dolan depuis la sortie de <a href=\"https:\/\/www.lesbridgets.com\/index.php\/references-sur-le-couple-et-le-celibat\/films-romantiques-sur-le-couple-et-le-celibat\/les-amours-imaginaires-le-meilleur-film-de-xavier-dolan-a-ce-jour.html\">Les Amours Imaginaires<\/a>, nous \u00e9tions bien \u00e9videmment au cin\u00e9ma pour d\u00e9couvrir son nouveau film Matthias et Maxime, le lendemain de sa sortie.<br \/>\nSurtout parce que nous avons h\u00e2te de ne pas rester sur la petite d\u00e9ception du pr\u00e9c\u00e9dent Ma vie avec John F. Donovan dont nous n&rsquo;avons m\u00eame pas pris le temps d&rsquo;\u00e9crire \u00e0 son sujet.<\/p>\n<p>Bon point, ce nouveau long m\u00e9trage qui aborde le th\u00e8me de l&rsquo;amiti\u00e9 est plus proche de ses projets que nous avons aim\u00e9s pr\u00e9c\u00e9demment m\u00eame si pas aussi prenant, il faut l&rsquo;avouer.<\/p>\n<p><img loading=\"lazy\" decoding=\"async\" class=\"alignnone wp-image-248956 size-full aligncenter\" src=\"https:\/\/www.lesbridgets.com\/wp-content\/uploads\/2019\/10\/Gabriel-D-Almeida-Freitas-matthias-maxime.png\" alt=\"\" width=\"800\" height=\"440\" srcset=\"https:\/\/www.lesbridgets.com\/wp-content\/uploads\/2019\/10\/Gabriel-D-Almeida-Freitas-matthias-maxime.png 800w, https:\/\/www.lesbridgets.com\/wp-content\/uploads\/2019\/10\/Gabriel-D-Almeida-Freitas-matthias-maxime-300x165.png 300w, https:\/\/www.lesbridgets.com\/wp-content\/uploads\/2019\/10\/Gabriel-D-Almeida-Freitas-matthias-maxime-768x422.png 768w\" sizes=\"auto, (max-width: 800px) 100vw, 800px\" \/><\/p>\n<h2>Avant de vous partager notre critique, de quoi parle Matthias et Maxime ?<\/h2>\n<p>C&rsquo;est l&rsquo;histoire d&rsquo;un groupe d&rsquo;amis qu\u00e9b\u00e9cois qui se connaissent depuis l&rsquo;enfance. Deux d&rsquo;entre eux, sont particuli\u00e8rement proches. Matthias jou\u00e9 par le tr\u00e8s beau Gabriel D&rsquo;Almeida Freitas que nous d\u00e9couvrons pour la premi\u00e8re fois en France et Max jou\u00e9 par Xavier Dolan qui arbore une imposante t\u00e2che de vin sur le visage.<br \/>\nSur fond de pari, ils vont participer \u00e0 un court m\u00e9trage o\u00f9 les deux amis vont devoir s&#8217;embrasser.<\/p>\n<h2>La bande annonce de Matthias et Maxime<\/h2>\n<p style=\"text-align: center;\"><iframe loading=\"lazy\" src=\"https:\/\/www.youtube.com\/embed\/DGUo4oZ3NnY\" width=\"560\" height=\"315\" frameborder=\"0\" allowfullscreen=\"allowfullscreen\"><\/iframe><\/p>\n<h2>Critique de Matthias et Maxime<\/h2>\n<p>Commen\u00e7ons par ce que nous avons aim\u00e9 :<\/p>\n<p>&#8211; Le jeu des acteurs et le talent incontestable de Xavier Dolan. Il nous touche toujours autant avec sa sensibilit\u00e9.<\/p>\n<p><img loading=\"lazy\" decoding=\"async\" class=\"alignnone wp-image-248953 size-full aligncenter\" src=\"https:\/\/www.lesbridgets.com\/wp-content\/uploads\/2019\/10\/xavier-dolan-matthias-maxime.png\" alt=\"\" width=\"800\" height=\"450\" srcset=\"https:\/\/www.lesbridgets.com\/wp-content\/uploads\/2019\/10\/xavier-dolan-matthias-maxime.png 800w, https:\/\/www.lesbridgets.com\/wp-content\/uploads\/2019\/10\/xavier-dolan-matthias-maxime-300x169.png 300w, https:\/\/www.lesbridgets.com\/wp-content\/uploads\/2019\/10\/xavier-dolan-matthias-maxime-768x432.png 768w\" sizes=\"auto, (max-width: 800px) 100vw, 800px\" \/><\/p>\n<p>&#8211; La musique : la playlist passe d\u00e9j\u00e0 en boucle dans nos oreilles. Et on n&rsquo;aurait pas cru qu&rsquo;une chanson d&rsquo;Amir passerait si bien en fond d&rsquo;un de ses films :<\/p>\n<p style=\"text-align: center;\"><iframe loading=\"lazy\" src=\"https:\/\/www.youtube.com\/embed\/kQysGibXphE\" width=\"560\" height=\"315\" frameborder=\"0\" allowfullscreen=\"allowfullscreen\"><\/iframe><\/p>\n<h2>&#8211; L&rsquo;esth\u00e9tique de Dolan est l\u00e0. Chaque d\u00e9tails est justement choisi et pos\u00e9 au bon endroit.<\/h2>\n<p>Mais alors pourquoi nous avons si peu accroch\u00e9 au film. Le sc\u00e9nario ?<\/p>\n<p>La premi\u00e8re partie est tr\u00e8s longue \u00e0 nous emporter. On observe des amis avec quelques longueurs. La deuxi\u00e8me partie est beaucoup plus rythm\u00e9e et haletante. Les corps exultent, un peu.<br \/>\nMise \u00e0 part la petite d\u00e9dicace \u00e0 une sc\u00e8ne du Titanic dans l&rsquo;atelier, on est malheureusement tr\u00e8s peu transport\u00e9.<\/p>\n<p>Avoir mis la barre tr\u00e8s haute des ses premi\u00e8res r\u00e9alisations, nous a s\u00fbrement rendu exigeantes.<\/p>\n<p>Peut-\u00eatre qu&rsquo;il est temps pour Xavier Dolan de faire une pause dans le tourbillon de sa derni\u00e8re d\u00e9cennie qui a \u00e9t\u00e9 couronn\u00e9e de succ\u00e8s. De prendre le temps de vivre des choses et revenir avec de nouvelles vraies histoires pour nous les partager \u00e0 nouveau avec les \u00e9motions qu&rsquo;il sait si bien transmettre.<\/p>\n","protected":false},"excerpt":{"rendered":"<p>En vraies fan du r\u00e9alisateur qu\u00e9b\u00e9cois Xavier Dolan depuis la sortie de Les Amours Imaginaires, nous \u00e9tions bien \u00e9videmment au cin\u00e9ma pour d\u00e9couvrir son nouveau&hellip; <\/p>\n","protected":false},"author":2,"featured_media":248950,"comment_status":"open","ping_status":"open","sticky":false,"template":"","format":"standard","meta":{"_bbp_topic_count":0,"_bbp_reply_count":0,"_bbp_total_topic_count":0,"_bbp_total_reply_count":0,"_bbp_voice_count":0,"_bbp_anonymous_reply_count":0,"_bbp_topic_count_hidden":0,"_bbp_reply_count_hidden":0,"_bbp_forum_subforum_count":0,"om_disable_all_campaigns":false,"_lmt_disableupdate":"no","_lmt_disable":"","_monsterinsights_skip_tracking":false,"_monsterinsights_sitenote_active":false,"_monsterinsights_sitenote_note":"","_monsterinsights_sitenote_category":0,"_uf_show_specific_survey":0,"_uf_disable_surveys":false,"footnotes":""},"categories":[28],"tags":[234,825,422,672],"class_list":["post-248947","post","type-post","status-publish","format-standard","has-post-thumbnail","hentry","category-films","tag-amitie","tag-homosexualite","tag-quebec","tag-xavier-dolan"],"yoast_head":"<!-- This site is optimized with the Yoast SEO plugin v27.4 - https:\/\/yoast.com\/product\/yoast-seo-wordpress\/ -->\n<title>Critique : Matthias et Maxime le film de Xavier Dolan - Les Bridgets<\/title>\n<meta name=\"description\" content=\"Critique du film Matthias et Maxime le nouveau film de Xavier Dolan sortie le 16 octobre 2019 et qui aborde le sujet de l&#039;amour et l&#039;amiti\u00e9.\" \/>\n<meta name=\"robots\" content=\"index, follow, max-snippet:-1, max-image-preview:large, max-video-preview:-1\" \/>\n<link rel=\"canonical\" href=\"https:\/\/www.lesbridgets.com\/index.php\/references\/films\/critique-matthias-et-maxime-le-film-de-xavier-dolan.html\" \/>\n<meta property=\"og:locale\" content=\"fr_FR\" \/>\n<meta property=\"og:type\" content=\"article\" \/>\n<meta property=\"og:title\" content=\"Critique : Matthias et Maxime le film de Xavier Dolan - Les Bridgets\" \/>\n<meta property=\"og:description\" content=\"Critique du film Matthias et Maxime le nouveau film de Xavier Dolan sortie le 16 octobre 2019 et qui aborde le sujet de l&#039;amour et l&#039;amiti\u00e9.\" \/>\n<meta property=\"og:url\" content=\"https:\/\/www.lesbridgets.com\/index.php\/references\/films\/critique-matthias-et-maxime-le-film-de-xavier-dolan.html\" \/>\n<meta property=\"og:site_name\" content=\"Les Bridgets\" \/>\n<meta property=\"article:publisher\" content=\"https:\/\/www.facebook.com\/Les.Bridgets\" \/>\n<meta property=\"article:published_time\" content=\"2019-10-17T10:37:54+00:00\" \/>\n<meta property=\"article:modified_time\" content=\"2019-10-18T12:05:40+00:00\" \/>\n<meta property=\"og:image\" content=\"https:\/\/www.lesbridgets.com\/wp-content\/uploads\/2019\/10\/Matthias-Maxime-Xavier-Dolan-Maxime_film.png\" \/>\n\t<meta property=\"og:image:width\" content=\"800\" \/>\n\t<meta property=\"og:image:height\" content=\"530\" \/>\n\t<meta property=\"og:image:type\" content=\"image\/png\" \/>\n<meta name=\"author\" content=\"Bridget\" \/>\n<meta name=\"twitter:card\" content=\"summary_large_image\" \/>\n<meta name=\"twitter:creator\" content=\"@les_bridgets\" \/>\n<meta name=\"twitter:site\" content=\"@les_bridgets\" \/>\n<meta name=\"twitter:label1\" content=\"\u00c9crit par\" \/>\n\t<meta name=\"twitter:data1\" content=\"Bridget\" \/>\n\t<meta name=\"twitter:label2\" content=\"Dur\u00e9e de lecture estim\u00e9e\" \/>\n\t<meta name=\"twitter:data2\" content=\"2 minutes\" \/>\n<script type=\"application\/ld+json\" class=\"yoast-schema-graph\">{\"@context\":\"https:\\\/\\\/schema.org\",\"@graph\":[{\"@type\":\"Article\",\"@id\":\"https:\\\/\\\/www.lesbridgets.com\\\/index.php\\\/references\\\/films\\\/critique-matthias-et-maxime-le-film-de-xavier-dolan.html#article\",\"isPartOf\":{\"@id\":\"https:\\\/\\\/www.lesbridgets.com\\\/index.php\\\/references\\\/films\\\/critique-matthias-et-maxime-le-film-de-xavier-dolan.html\"},\"author\":{\"name\":\"Bridget\",\"@id\":\"https:\\\/\\\/www.lesbridgets.com\\\/#\\\/schema\\\/person\\\/82a31c27ae0ddd23ee59e1e2ac5713ba\"},\"headline\":\"Critique : Matthias et Maxime le film de Xavier Dolan\",\"datePublished\":\"2019-10-17T10:37:54+00:00\",\"dateModified\":\"2019-10-18T12:05:40+00:00\",\"mainEntityOfPage\":{\"@id\":\"https:\\\/\\\/www.lesbridgets.com\\\/index.php\\\/references\\\/films\\\/critique-matthias-et-maxime-le-film-de-xavier-dolan.html\"},\"wordCount\":461,\"commentCount\":0,\"publisher\":{\"@id\":\"https:\\\/\\\/www.lesbridgets.com\\\/#organization\"},\"image\":{\"@id\":\"https:\\\/\\\/www.lesbridgets.com\\\/index.php\\\/references\\\/films\\\/critique-matthias-et-maxime-le-film-de-xavier-dolan.html#primaryimage\"},\"thumbnailUrl\":\"https:\\\/\\\/www.lesbridgets.com\\\/wp-content\\\/uploads\\\/2019\\\/10\\\/Matthias-Maxime-Xavier-Dolan-Maxime_film.png\",\"keywords\":[\"amiti\u00e9\",\"homosexualit\u00e9\",\"quebec\",\"xavier dolan\"],\"articleSection\":[\"Film\"],\"inLanguage\":\"fr-FR\",\"potentialAction\":[{\"@type\":\"CommentAction\",\"name\":\"Comment\",\"target\":[\"https:\\\/\\\/www.lesbridgets.com\\\/index.php\\\/references\\\/films\\\/critique-matthias-et-maxime-le-film-de-xavier-dolan.html#respond\"]}]},{\"@type\":\"WebPage\",\"@id\":\"https:\\\/\\\/www.lesbridgets.com\\\/index.php\\\/references\\\/films\\\/critique-matthias-et-maxime-le-film-de-xavier-dolan.html\",\"url\":\"https:\\\/\\\/www.lesbridgets.com\\\/index.php\\\/references\\\/films\\\/critique-matthias-et-maxime-le-film-de-xavier-dolan.html\",\"name\":\"Critique : Matthias et Maxime le film de Xavier Dolan - Les Bridgets\",\"isPartOf\":{\"@id\":\"https:\\\/\\\/www.lesbridgets.com\\\/#website\"},\"primaryImageOfPage\":{\"@id\":\"https:\\\/\\\/www.lesbridgets.com\\\/index.php\\\/references\\\/films\\\/critique-matthias-et-maxime-le-film-de-xavier-dolan.html#primaryimage\"},\"image\":{\"@id\":\"https:\\\/\\\/www.lesbridgets.com\\\/index.php\\\/references\\\/films\\\/critique-matthias-et-maxime-le-film-de-xavier-dolan.html#primaryimage\"},\"thumbnailUrl\":\"https:\\\/\\\/www.lesbridgets.com\\\/wp-content\\\/uploads\\\/2019\\\/10\\\/Matthias-Maxime-Xavier-Dolan-Maxime_film.png\",\"datePublished\":\"2019-10-17T10:37:54+00:00\",\"dateModified\":\"2019-10-18T12:05:40+00:00\",\"description\":\"Critique du film Matthias et Maxime le nouveau film de Xavier Dolan sortie le 16 octobre 2019 et qui aborde le sujet de l'amour et l'amiti\u00e9.\",\"breadcrumb\":{\"@id\":\"https:\\\/\\\/www.lesbridgets.com\\\/index.php\\\/references\\\/films\\\/critique-matthias-et-maxime-le-film-de-xavier-dolan.html#breadcrumb\"},\"inLanguage\":\"fr-FR\",\"potentialAction\":[{\"@type\":\"ReadAction\",\"target\":[\"https:\\\/\\\/www.lesbridgets.com\\\/index.php\\\/references\\\/films\\\/critique-matthias-et-maxime-le-film-de-xavier-dolan.html\"]}]},{\"@type\":\"ImageObject\",\"inLanguage\":\"fr-FR\",\"@id\":\"https:\\\/\\\/www.lesbridgets.com\\\/index.php\\\/references\\\/films\\\/critique-matthias-et-maxime-le-film-de-xavier-dolan.html#primaryimage\",\"url\":\"https:\\\/\\\/www.lesbridgets.com\\\/wp-content\\\/uploads\\\/2019\\\/10\\\/Matthias-Maxime-Xavier-Dolan-Maxime_film.png\",\"contentUrl\":\"https:\\\/\\\/www.lesbridgets.com\\\/wp-content\\\/uploads\\\/2019\\\/10\\\/Matthias-Maxime-Xavier-Dolan-Maxime_film.png\",\"width\":800,\"height\":530},{\"@type\":\"BreadcrumbList\",\"@id\":\"https:\\\/\\\/www.lesbridgets.com\\\/index.php\\\/references\\\/films\\\/critique-matthias-et-maxime-le-film-de-xavier-dolan.html#breadcrumb\",\"itemListElement\":[{\"@type\":\"ListItem\",\"position\":1,\"name\":\"Les Bridgets\",\"item\":\"https:\\\/\\\/www.lesbridgets.com\\\/\"},{\"@type\":\"ListItem\",\"position\":2,\"name\":\"R\u00e9f\u00e9rences sur le couple et le c\u00e9libat\",\"item\":\"https:\\\/\\\/www.lesbridgets.com\\\/index.php\\\/category\\\/references\"},{\"@type\":\"ListItem\",\"position\":3,\"name\":\"Film\",\"item\":\"https:\\\/\\\/www.lesbridgets.com\\\/index.php\\\/category\\\/references\\\/films\"},{\"@type\":\"ListItem\",\"position\":4,\"name\":\"Critique : Matthias et Maxime le film de Xavier Dolan\"}]},{\"@type\":\"WebSite\",\"@id\":\"https:\\\/\\\/www.lesbridgets.com\\\/#website\",\"url\":\"https:\\\/\\\/www.lesbridgets.com\\\/\",\"name\":\"Les Bridgets\",\"description\":\"R\u00e9f\u00e9rences et r\u00e9flexions sur nos relations\",\"publisher\":{\"@id\":\"https:\\\/\\\/www.lesbridgets.com\\\/#organization\"},\"potentialAction\":[{\"@type\":\"SearchAction\",\"target\":{\"@type\":\"EntryPoint\",\"urlTemplate\":\"https:\\\/\\\/www.lesbridgets.com\\\/?s={search_term_string}\"},\"query-input\":{\"@type\":\"PropertyValueSpecification\",\"valueRequired\":true,\"valueName\":\"search_term_string\"}}],\"inLanguage\":\"fr-FR\"},{\"@type\":\"Organization\",\"@id\":\"https:\\\/\\\/www.lesbridgets.com\\\/#organization\",\"name\":\"Les Bridgets\",\"url\":\"https:\\\/\\\/www.lesbridgets.com\\\/\",\"logo\":{\"@type\":\"ImageObject\",\"inLanguage\":\"fr-FR\",\"@id\":\"https:\\\/\\\/www.lesbridgets.com\\\/#\\\/schema\\\/logo\\\/image\\\/\",\"url\":\"https:\\\/\\\/www.lesbridgets.com\\\/wp-content\\\/uploads\\\/2022\\\/07\\\/cropped-logo-3-lesbridgets.png\",\"contentUrl\":\"https:\\\/\\\/www.lesbridgets.com\\\/wp-content\\\/uploads\\\/2022\\\/07\\\/cropped-logo-3-lesbridgets.png\",\"width\":251,\"height\":59,\"caption\":\"Les Bridgets\"},\"image\":{\"@id\":\"https:\\\/\\\/www.lesbridgets.com\\\/#\\\/schema\\\/logo\\\/image\\\/\"},\"sameAs\":[\"https:\\\/\\\/www.facebook.com\\\/Les.Bridgets\",\"https:\\\/\\\/x.com\\\/les_bridgets\"]},{\"@type\":\"Person\",\"@id\":\"https:\\\/\\\/www.lesbridgets.com\\\/#\\\/schema\\\/person\\\/82a31c27ae0ddd23ee59e1e2ac5713ba\",\"name\":\"Bridget\",\"image\":{\"@type\":\"ImageObject\",\"inLanguage\":\"fr-FR\",\"@id\":\"https:\\\/\\\/secure.gravatar.com\\\/avatar\\\/7295cbdcf0cdf58bc2d250d0abac0622f7e9f13e4d6b98e0404f82bf994e0a55?s=96&d=mm&r=g\",\"url\":\"https:\\\/\\\/secure.gravatar.com\\\/avatar\\\/7295cbdcf0cdf58bc2d250d0abac0622f7e9f13e4d6b98e0404f82bf994e0a55?s=96&d=mm&r=g\",\"contentUrl\":\"https:\\\/\\\/secure.gravatar.com\\\/avatar\\\/7295cbdcf0cdf58bc2d250d0abac0622f7e9f13e4d6b98e0404f82bf994e0a55?s=96&d=mm&r=g\",\"caption\":\"Bridget\"}}]}<\/script>\n<!-- \/ Yoast SEO plugin. -->","yoast_head_json":{"title":"Critique : Matthias et Maxime le film de Xavier Dolan - Les Bridgets","description":"Critique du film Matthias et Maxime le nouveau film de Xavier Dolan sortie le 16 octobre 2019 et qui aborde le sujet de l'amour et l'amiti\u00e9.","robots":{"index":"index","follow":"follow","max-snippet":"max-snippet:-1","max-image-preview":"max-image-preview:large","max-video-preview":"max-video-preview:-1"},"canonical":"https:\/\/www.lesbridgets.com\/index.php\/references\/films\/critique-matthias-et-maxime-le-film-de-xavier-dolan.html","og_locale":"fr_FR","og_type":"article","og_title":"Critique : Matthias et Maxime le film de Xavier Dolan - Les Bridgets","og_description":"Critique du film Matthias et Maxime le nouveau film de Xavier Dolan sortie le 16 octobre 2019 et qui aborde le sujet de l'amour et l'amiti\u00e9.","og_url":"https:\/\/www.lesbridgets.com\/index.php\/references\/films\/critique-matthias-et-maxime-le-film-de-xavier-dolan.html","og_site_name":"Les Bridgets","article_publisher":"https:\/\/www.facebook.com\/Les.Bridgets","article_published_time":"2019-10-17T10:37:54+00:00","article_modified_time":"2019-10-18T12:05:40+00:00","og_image":[{"width":800,"height":530,"url":"https:\/\/www.lesbridgets.com\/wp-content\/uploads\/2019\/10\/Matthias-Maxime-Xavier-Dolan-Maxime_film.png","type":"image\/png"}],"author":"Bridget","twitter_card":"summary_large_image","twitter_creator":"@les_bridgets","twitter_site":"@les_bridgets","twitter_misc":{"\u00c9crit par":"Bridget","Dur\u00e9e de lecture estim\u00e9e":"2 minutes"},"schema":{"@context":"https:\/\/schema.org","@graph":[{"@type":"Article","@id":"https:\/\/www.lesbridgets.com\/index.php\/references\/films\/critique-matthias-et-maxime-le-film-de-xavier-dolan.html#article","isPartOf":{"@id":"https:\/\/www.lesbridgets.com\/index.php\/references\/films\/critique-matthias-et-maxime-le-film-de-xavier-dolan.html"},"author":{"name":"Bridget","@id":"https:\/\/www.lesbridgets.com\/#\/schema\/person\/82a31c27ae0ddd23ee59e1e2ac5713ba"},"headline":"Critique : Matthias et Maxime le film de Xavier Dolan","datePublished":"2019-10-17T10:37:54+00:00","dateModified":"2019-10-18T12:05:40+00:00","mainEntityOfPage":{"@id":"https:\/\/www.lesbridgets.com\/index.php\/references\/films\/critique-matthias-et-maxime-le-film-de-xavier-dolan.html"},"wordCount":461,"commentCount":0,"publisher":{"@id":"https:\/\/www.lesbridgets.com\/#organization"},"image":{"@id":"https:\/\/www.lesbridgets.com\/index.php\/references\/films\/critique-matthias-et-maxime-le-film-de-xavier-dolan.html#primaryimage"},"thumbnailUrl":"https:\/\/www.lesbridgets.com\/wp-content\/uploads\/2019\/10\/Matthias-Maxime-Xavier-Dolan-Maxime_film.png","keywords":["amiti\u00e9","homosexualit\u00e9","quebec","xavier dolan"],"articleSection":["Film"],"inLanguage":"fr-FR","potentialAction":[{"@type":"CommentAction","name":"Comment","target":["https:\/\/www.lesbridgets.com\/index.php\/references\/films\/critique-matthias-et-maxime-le-film-de-xavier-dolan.html#respond"]}]},{"@type":"WebPage","@id":"https:\/\/www.lesbridgets.com\/index.php\/references\/films\/critique-matthias-et-maxime-le-film-de-xavier-dolan.html","url":"https:\/\/www.lesbridgets.com\/index.php\/references\/films\/critique-matthias-et-maxime-le-film-de-xavier-dolan.html","name":"Critique : Matthias et Maxime le film de Xavier Dolan - Les Bridgets","isPartOf":{"@id":"https:\/\/www.lesbridgets.com\/#website"},"primaryImageOfPage":{"@id":"https:\/\/www.lesbridgets.com\/index.php\/references\/films\/critique-matthias-et-maxime-le-film-de-xavier-dolan.html#primaryimage"},"image":{"@id":"https:\/\/www.lesbridgets.com\/index.php\/references\/films\/critique-matthias-et-maxime-le-film-de-xavier-dolan.html#primaryimage"},"thumbnailUrl":"https:\/\/www.lesbridgets.com\/wp-content\/uploads\/2019\/10\/Matthias-Maxime-Xavier-Dolan-Maxime_film.png","datePublished":"2019-10-17T10:37:54+00:00","dateModified":"2019-10-18T12:05:40+00:00","description":"Critique du film Matthias et Maxime le nouveau film de Xavier Dolan sortie le 16 octobre 2019 et qui aborde le sujet de l'amour et l'amiti\u00e9.","breadcrumb":{"@id":"https:\/\/www.lesbridgets.com\/index.php\/references\/films\/critique-matthias-et-maxime-le-film-de-xavier-dolan.html#breadcrumb"},"inLanguage":"fr-FR","potentialAction":[{"@type":"ReadAction","target":["https:\/\/www.lesbridgets.com\/index.php\/references\/films\/critique-matthias-et-maxime-le-film-de-xavier-dolan.html"]}]},{"@type":"ImageObject","inLanguage":"fr-FR","@id":"https:\/\/www.lesbridgets.com\/index.php\/references\/films\/critique-matthias-et-maxime-le-film-de-xavier-dolan.html#primaryimage","url":"https:\/\/www.lesbridgets.com\/wp-content\/uploads\/2019\/10\/Matthias-Maxime-Xavier-Dolan-Maxime_film.png","contentUrl":"https:\/\/www.lesbridgets.com\/wp-content\/uploads\/2019\/10\/Matthias-Maxime-Xavier-Dolan-Maxime_film.png","width":800,"height":530},{"@type":"BreadcrumbList","@id":"https:\/\/www.lesbridgets.com\/index.php\/references\/films\/critique-matthias-et-maxime-le-film-de-xavier-dolan.html#breadcrumb","itemListElement":[{"@type":"ListItem","position":1,"name":"Les Bridgets","item":"https:\/\/www.lesbridgets.com\/"},{"@type":"ListItem","position":2,"name":"R\u00e9f\u00e9rences sur le couple et le c\u00e9libat","item":"https:\/\/www.lesbridgets.com\/index.php\/category\/references"},{"@type":"ListItem","position":3,"name":"Film","item":"https:\/\/www.lesbridgets.com\/index.php\/category\/references\/films"},{"@type":"ListItem","position":4,"name":"Critique : Matthias et Maxime le film de Xavier Dolan"}]},{"@type":"WebSite","@id":"https:\/\/www.lesbridgets.com\/#website","url":"https:\/\/www.lesbridgets.com\/","name":"Les Bridgets","description":"R\u00e9f\u00e9rences et r\u00e9flexions sur nos relations","publisher":{"@id":"https:\/\/www.lesbridgets.com\/#organization"},"potentialAction":[{"@type":"SearchAction","target":{"@type":"EntryPoint","urlTemplate":"https:\/\/www.lesbridgets.com\/?s={search_term_string}"},"query-input":{"@type":"PropertyValueSpecification","valueRequired":true,"valueName":"search_term_string"}}],"inLanguage":"fr-FR"},{"@type":"Organization","@id":"https:\/\/www.lesbridgets.com\/#organization","name":"Les Bridgets","url":"https:\/\/www.lesbridgets.com\/","logo":{"@type":"ImageObject","inLanguage":"fr-FR","@id":"https:\/\/www.lesbridgets.com\/#\/schema\/logo\/image\/","url":"https:\/\/www.lesbridgets.com\/wp-content\/uploads\/2022\/07\/cropped-logo-3-lesbridgets.png","contentUrl":"https:\/\/www.lesbridgets.com\/wp-content\/uploads\/2022\/07\/cropped-logo-3-lesbridgets.png","width":251,"height":59,"caption":"Les Bridgets"},"image":{"@id":"https:\/\/www.lesbridgets.com\/#\/schema\/logo\/image\/"},"sameAs":["https:\/\/www.facebook.com\/Les.Bridgets","https:\/\/x.com\/les_bridgets"]},{"@type":"Person","@id":"https:\/\/www.lesbridgets.com\/#\/schema\/person\/82a31c27ae0ddd23ee59e1e2ac5713ba","name":"Bridget","image":{"@type":"ImageObject","inLanguage":"fr-FR","@id":"https:\/\/secure.gravatar.com\/avatar\/7295cbdcf0cdf58bc2d250d0abac0622f7e9f13e4d6b98e0404f82bf994e0a55?s=96&d=mm&r=g","url":"https:\/\/secure.gravatar.com\/avatar\/7295cbdcf0cdf58bc2d250d0abac0622f7e9f13e4d6b98e0404f82bf994e0a55?s=96&d=mm&r=g","contentUrl":"https:\/\/secure.gravatar.com\/avatar\/7295cbdcf0cdf58bc2d250d0abac0622f7e9f13e4d6b98e0404f82bf994e0a55?s=96&d=mm&r=g","caption":"Bridget"}}]}},"modified_by":"Bridget","_links":{"self":[{"href":"https:\/\/www.lesbridgets.com\/index.php\/wp-json\/wp\/v2\/posts\/248947","targetHints":{"allow":["GET"]}}],"collection":[{"href":"https:\/\/www.lesbridgets.com\/index.php\/wp-json\/wp\/v2\/posts"}],"about":[{"href":"https:\/\/www.lesbridgets.com\/index.php\/wp-json\/wp\/v2\/types\/post"}],"author":[{"embeddable":true,"href":"https:\/\/www.lesbridgets.com\/index.php\/wp-json\/wp\/v2\/users\/2"}],"replies":[{"embeddable":true,"href":"https:\/\/www.lesbridgets.com\/index.php\/wp-json\/wp\/v2\/comments?post=248947"}],"version-history":[{"count":10,"href":"https:\/\/www.lesbridgets.com\/index.php\/wp-json\/wp\/v2\/posts\/248947\/revisions"}],"predecessor-version":[{"id":248961,"href":"https:\/\/www.lesbridgets.com\/index.php\/wp-json\/wp\/v2\/posts\/248947\/revisions\/248961"}],"wp:featuredmedia":[{"embeddable":true,"href":"https:\/\/www.lesbridgets.com\/index.php\/wp-json\/wp\/v2\/media\/248950"}],"wp:attachment":[{"href":"https:\/\/www.lesbridgets.com\/index.php\/wp-json\/wp\/v2\/media?parent=248947"}],"wp:term":[{"taxonomy":"category","embeddable":true,"href":"https:\/\/www.lesbridgets.com\/index.php\/wp-json\/wp\/v2\/categories?post=248947"},{"taxonomy":"post_tag","embeddable":true,"href":"https:\/\/www.lesbridgets.com\/index.php\/wp-json\/wp\/v2\/tags?post=248947"}],"curies":[{"name":"wp","href":"https:\/\/api.w.org\/{rel}","templated":true}]}}