{"id":243932,"date":"2018-10-28T21:49:39","date_gmt":"2018-10-28T20:49:39","guid":{"rendered":"https:\/\/www.lesbridgets.com\/?p=243932"},"modified":"2020-08-24T23:40:29","modified_gmt":"2020-08-24T21:40:29","slug":"je-sais-que-je-ne-veux-pas-denfant-depuis-mes-14-ans-temoignage","status":"publish","type":"post","link":"https:\/\/www.lesbridgets.com\/index.php\/conseils-relations\/celibataire\/je-sais-que-je-ne-veux-pas-denfant-depuis-mes-14-ans-temoignage.html","title":{"rendered":"\u00ab\u00a0Je sais que je ne veux pas d&rsquo;enfant depuis mes 14 ans\u00a0\u00bb t\u00e9moignage"},"content":{"rendered":"<p>Comme toujours c&rsquo;est celle qui le vive qui en parle le mieux. Voici le t\u00e9moignage de Anne-Charlotte qui est certaine depuis ses 14 ans qu&rsquo;elle ne veux pas d&rsquo;enfant. Il n&rsquo;est pas question de ne pas avoir trouver le bon, d&rsquo;infertilit\u00e9, de peur d&rsquo;\u00eatre enceinte, juste d&rsquo;un d\u00e9sir de vivre une vie sans enfant.<\/p>\n<p>Voici le t\u00e9moignage d&rsquo;Anne Charlotte \u00e2g\u00e9e de 45 ans qui a fait un choix de ne pas avoir d&rsquo;enfant et depuis tr\u00e8s longtemps.<\/p>\n<p>0:20 = Comment elle a eu le d\u00e9clic qu&rsquo;elle ne voulait pas d&rsquo;enfant ?<br \/>\n4:10 = Pas l&rsquo;envie d&rsquo;avoir une famille ? Comment Anne Charlotte se projetait en tant que femme \u00e0 14 ans ?<br \/>\n5:10 = Le bonheur d&rsquo;\u00eatre adulte<br \/>\n6:00 = La pression au sujet de la fertilit\u00e9 qui chute \u00e0 partir de 25 ans<br \/>\n8:04 = Accepter qu&rsquo;on ne peut pas tout conna\u00eetre dans la vie et que ce n&rsquo;est pas un calcul<br \/>\n9:40 = Des hommes qui arr\u00eatent une relation parce qu&rsquo;ils veulent des enfants<br \/>\n12:00 = La pression dans le milieu professionnel au sujet de l&rsquo;\u00e9ventuel cong\u00e9 mat&rsquo;<br \/>\n14:30 = Quelle contraception choisir quand on souhaite de ne pas avoir d&rsquo;enfant ? L&rsquo;hyst\u00e9rectomie ?<br \/>\n17:49 = A t-elle ressenti la pression familial ? Et les parents qui souhaitent \u00eatre grand-parents ?<br \/>\n19:20 = Comment on se projette quand on ne veut pas d&rsquo;enfant ?<br \/>\n22:34 = A t-elle rencontr\u00e9 des femmes qui ont regrett\u00e9 d&rsquo;avoir des enfants ?<br \/>\n25:00= Qu&rsquo;est-ce qui pousse une grande majorit\u00e9 des femmes \u00e0 faire des enfants ?<br \/>\n27:00= Le regard de la soci\u00e9t\u00e9 sur une femme qui ne veut pas d&rsquo;enfant<br \/>\n28:00= Savoir \u00e9couter ses choix et ne pas se soucier de l&rsquo;opinion des autres<\/p>\n<h2>La version du t\u00e9moignage sur Youtube<\/h2>\n<p style=\"text-align: center;\"><iframe loading=\"lazy\" src=\"https:\/\/www.youtube.com\/embed\/68kHSygbbIs\" width=\"560\" height=\"315\" frameborder=\"0\" allowfullscreen=\"allowfullscreen\"><\/iframe><\/p>\n<h1><\/h1>\n<p>Dans le m\u00eame sujet \u00e0 \u00e9couter le t\u00e9moignage d&rsquo;<a href=\"https:\/\/www.lesbridgets.com\/index.php\/vivre-a-deux-en-couple-le-quotidien\/temoignage-pourquoi-je-ne-veux-pas-d-enfant.html\" target=\"_blank\" rel=\"noopener noreferrer\">Aline en couple depuis 20 ans et qui avec son mari ils ne souhaitent pas d&rsquo;enfant.<\/a><\/p>\n<p>Si vous souhaitez avancer dans la r\u00e9flexion de ne pas avoir d&rsquo;enfant, nous vous recommandons le <a href=\"https:\/\/www.amazon.fr\/No-Kid-Quarante-raisons-denfant\/dp\/2290007536\/ref=as_li_ss_tl?ie=UTF8&amp;linkCode=ll1&amp;tag=lesbricomcomp-21&amp;linkId=58af02f9cc41c8cdb6884d210888fd39&amp;language=fr_FR\" target=\"_blank\" rel=\"nofollow noopener noreferrer\">livre No Kids : Quarante raisons de ne pas avoir d&rsquo;enfant<\/a>.<\/p>\n","protected":false},"excerpt":{"rendered":"<p>Comme toujours c&rsquo;est celle qui le vive qui en parle le mieux. Voici le t\u00e9moignage de Anne-Charlotte qui est certaine depuis ses 14 ans qu&rsquo;elle&hellip; <\/p>\n","protected":false},"author":2,"featured_media":243933,"comment_status":"open","ping_status":"open","sticky":false,"template":"","format":"standard","meta":{"_bbp_topic_count":0,"_bbp_reply_count":0,"_bbp_total_topic_count":0,"_bbp_total_reply_count":0,"_bbp_voice_count":0,"_bbp_anonymous_reply_count":0,"_bbp_topic_count_hidden":0,"_bbp_reply_count_hidden":0,"_bbp_forum_subforum_count":0,"om_disable_all_campaigns":false,"_lmt_disableupdate":"no","_lmt_disable":"","_monsterinsights_skip_tracking":false,"_monsterinsights_sitenote_active":false,"_monsterinsights_sitenote_note":"","_monsterinsights_sitenote_category":0,"_uf_show_specific_survey":0,"_uf_disable_surveys":false,"footnotes":""},"categories":[7],"tags":[185,1092],"class_list":["post-243932","post","type-post","status-publish","format-standard","has-post-thumbnail","hentry","category-celibataire","tag-histoire-vraie","tag-maternite"],"yoast_head":"<!-- This site is optimized with the Yoast SEO plugin v27.4 - https:\/\/yoast.com\/product\/yoast-seo-wordpress\/ -->\n<title>&quot;Je sais que je ne veux pas d&#039;enfant depuis mes 14 ans&quot; t\u00e9moignage - Les Bridgets<\/title>\n<meta name=\"description\" content=\"T\u00e9moignage audio de Anne-Charlotte qui est certaine depuis ses 14 ans qu&#039;elle ne veux pas d&#039;enfant. Il s&#039;agit juste d&#039;un d\u00e9sir de vivre une vie sans enfant.\" \/>\n<meta name=\"robots\" content=\"index, follow, max-snippet:-1, max-image-preview:large, max-video-preview:-1\" \/>\n<link rel=\"canonical\" href=\"https:\/\/www.lesbridgets.com\/index.php\/conseils-relations\/celibataire\/je-sais-que-je-ne-veux-pas-denfant-depuis-mes-14-ans-temoignage.html\" \/>\n<meta property=\"og:locale\" content=\"fr_FR\" \/>\n<meta property=\"og:type\" content=\"article\" \/>\n<meta property=\"og:title\" content=\"&quot;Je sais que je ne veux pas d&#039;enfant depuis mes 14 ans&quot; t\u00e9moignage - Les Bridgets\" \/>\n<meta property=\"og:description\" content=\"T\u00e9moignage audio de Anne-Charlotte qui est certaine depuis ses 14 ans qu&#039;elle ne veux pas d&#039;enfant. Il s&#039;agit juste d&#039;un d\u00e9sir de vivre une vie sans enfant.\" \/>\n<meta property=\"og:url\" content=\"https:\/\/www.lesbridgets.com\/index.php\/conseils-relations\/celibataire\/je-sais-que-je-ne-veux-pas-denfant-depuis-mes-14-ans-temoignage.html\" \/>\n<meta property=\"og:site_name\" content=\"Les Bridgets\" \/>\n<meta property=\"article:publisher\" content=\"https:\/\/www.facebook.com\/Les.Bridgets\" \/>\n<meta property=\"article:published_time\" content=\"2018-10-28T20:49:39+00:00\" \/>\n<meta property=\"article:modified_time\" content=\"2020-08-24T21:40:29+00:00\" \/>\n<meta property=\"og:image\" content=\"https:\/\/www.lesbridgets.com\/wp-content\/uploads\/2018\/10\/ne-veux-pas-d-enfant.png\" \/>\n\t<meta property=\"og:image:width\" content=\"750\" \/>\n\t<meta property=\"og:image:height\" content=\"500\" \/>\n\t<meta property=\"og:image:type\" content=\"image\/png\" \/>\n<meta name=\"author\" content=\"Bridget\" \/>\n<meta name=\"twitter:card\" content=\"summary_large_image\" \/>\n<meta name=\"twitter:creator\" content=\"@les_bridgets\" \/>\n<meta name=\"twitter:site\" content=\"@les_bridgets\" \/>\n<meta name=\"twitter:label1\" content=\"\u00c9crit par\" \/>\n\t<meta name=\"twitter:data1\" content=\"Bridget\" \/>\n\t<meta name=\"twitter:label2\" content=\"Dur\u00e9e de lecture estim\u00e9e\" \/>\n\t<meta name=\"twitter:data2\" content=\"2 minutes\" \/>\n<script type=\"application\/ld+json\" class=\"yoast-schema-graph\">{\"@context\":\"https:\\\/\\\/schema.org\",\"@graph\":[{\"@type\":\"Article\",\"@id\":\"https:\\\/\\\/www.lesbridgets.com\\\/index.php\\\/conseils-relations\\\/celibataire\\\/je-sais-que-je-ne-veux-pas-denfant-depuis-mes-14-ans-temoignage.html#article\",\"isPartOf\":{\"@id\":\"https:\\\/\\\/www.lesbridgets.com\\\/index.php\\\/conseils-relations\\\/celibataire\\\/je-sais-que-je-ne-veux-pas-denfant-depuis-mes-14-ans-temoignage.html\"},\"author\":{\"name\":\"Bridget\",\"@id\":\"https:\\\/\\\/www.lesbridgets.com\\\/#\\\/schema\\\/person\\\/82a31c27ae0ddd23ee59e1e2ac5713ba\"},\"headline\":\"\u00ab\u00a0Je sais que je ne veux pas d&rsquo;enfant depuis mes 14 ans\u00a0\u00bb t\u00e9moignage\",\"datePublished\":\"2018-10-28T20:49:39+00:00\",\"dateModified\":\"2020-08-24T21:40:29+00:00\",\"mainEntityOfPage\":{\"@id\":\"https:\\\/\\\/www.lesbridgets.com\\\/index.php\\\/conseils-relations\\\/celibataire\\\/je-sais-que-je-ne-veux-pas-denfant-depuis-mes-14-ans-temoignage.html\"},\"wordCount\":351,\"commentCount\":0,\"publisher\":{\"@id\":\"https:\\\/\\\/www.lesbridgets.com\\\/#organization\"},\"image\":{\"@id\":\"https:\\\/\\\/www.lesbridgets.com\\\/index.php\\\/conseils-relations\\\/celibataire\\\/je-sais-que-je-ne-veux-pas-denfant-depuis-mes-14-ans-temoignage.html#primaryimage\"},\"thumbnailUrl\":\"https:\\\/\\\/www.lesbridgets.com\\\/wp-content\\\/uploads\\\/2018\\\/10\\\/ne-veux-pas-d-enfant.png\",\"keywords\":[\"histoire vraie\",\"maternit\u00e9\"],\"articleSection\":[\"Etre c\u00e9libataire - vivre seule\"],\"inLanguage\":\"fr-FR\",\"potentialAction\":[{\"@type\":\"CommentAction\",\"name\":\"Comment\",\"target\":[\"https:\\\/\\\/www.lesbridgets.com\\\/index.php\\\/conseils-relations\\\/celibataire\\\/je-sais-que-je-ne-veux-pas-denfant-depuis-mes-14-ans-temoignage.html#respond\"]}]},{\"@type\":\"WebPage\",\"@id\":\"https:\\\/\\\/www.lesbridgets.com\\\/index.php\\\/conseils-relations\\\/celibataire\\\/je-sais-que-je-ne-veux-pas-denfant-depuis-mes-14-ans-temoignage.html\",\"url\":\"https:\\\/\\\/www.lesbridgets.com\\\/index.php\\\/conseils-relations\\\/celibataire\\\/je-sais-que-je-ne-veux-pas-denfant-depuis-mes-14-ans-temoignage.html\",\"name\":\"\\\"Je sais que je ne veux pas d'enfant depuis mes 14 ans\\\" t\u00e9moignage - Les Bridgets\",\"isPartOf\":{\"@id\":\"https:\\\/\\\/www.lesbridgets.com\\\/#website\"},\"primaryImageOfPage\":{\"@id\":\"https:\\\/\\\/www.lesbridgets.com\\\/index.php\\\/conseils-relations\\\/celibataire\\\/je-sais-que-je-ne-veux-pas-denfant-depuis-mes-14-ans-temoignage.html#primaryimage\"},\"image\":{\"@id\":\"https:\\\/\\\/www.lesbridgets.com\\\/index.php\\\/conseils-relations\\\/celibataire\\\/je-sais-que-je-ne-veux-pas-denfant-depuis-mes-14-ans-temoignage.html#primaryimage\"},\"thumbnailUrl\":\"https:\\\/\\\/www.lesbridgets.com\\\/wp-content\\\/uploads\\\/2018\\\/10\\\/ne-veux-pas-d-enfant.png\",\"datePublished\":\"2018-10-28T20:49:39+00:00\",\"dateModified\":\"2020-08-24T21:40:29+00:00\",\"description\":\"T\u00e9moignage audio de Anne-Charlotte qui est certaine depuis ses 14 ans qu'elle ne veux pas d'enfant. Il s'agit juste d'un d\u00e9sir de vivre une vie sans enfant.\",\"breadcrumb\":{\"@id\":\"https:\\\/\\\/www.lesbridgets.com\\\/index.php\\\/conseils-relations\\\/celibataire\\\/je-sais-que-je-ne-veux-pas-denfant-depuis-mes-14-ans-temoignage.html#breadcrumb\"},\"inLanguage\":\"fr-FR\",\"potentialAction\":[{\"@type\":\"ReadAction\",\"target\":[\"https:\\\/\\\/www.lesbridgets.com\\\/index.php\\\/conseils-relations\\\/celibataire\\\/je-sais-que-je-ne-veux-pas-denfant-depuis-mes-14-ans-temoignage.html\"]}]},{\"@type\":\"ImageObject\",\"inLanguage\":\"fr-FR\",\"@id\":\"https:\\\/\\\/www.lesbridgets.com\\\/index.php\\\/conseils-relations\\\/celibataire\\\/je-sais-que-je-ne-veux-pas-denfant-depuis-mes-14-ans-temoignage.html#primaryimage\",\"url\":\"https:\\\/\\\/www.lesbridgets.com\\\/wp-content\\\/uploads\\\/2018\\\/10\\\/ne-veux-pas-d-enfant.png\",\"contentUrl\":\"https:\\\/\\\/www.lesbridgets.com\\\/wp-content\\\/uploads\\\/2018\\\/10\\\/ne-veux-pas-d-enfant.png\",\"width\":750,\"height\":500},{\"@type\":\"BreadcrumbList\",\"@id\":\"https:\\\/\\\/www.lesbridgets.com\\\/index.php\\\/conseils-relations\\\/celibataire\\\/je-sais-que-je-ne-veux-pas-denfant-depuis-mes-14-ans-temoignage.html#breadcrumb\",\"itemListElement\":[{\"@type\":\"ListItem\",\"position\":1,\"name\":\"Les Bridgets\",\"item\":\"https:\\\/\\\/www.lesbridgets.com\\\/\"},{\"@type\":\"ListItem\",\"position\":2,\"name\":\"Conseils sur l'amour, le couple &amp; les c\u00e9libataires\",\"item\":\"https:\\\/\\\/www.lesbridgets.com\\\/index.php\\\/category\\\/conseils-relations\"},{\"@type\":\"ListItem\",\"position\":3,\"name\":\"Etre c\u00e9libataire - vivre seule\",\"item\":\"https:\\\/\\\/www.lesbridgets.com\\\/index.php\\\/category\\\/conseils-relations\\\/celibataire\"},{\"@type\":\"ListItem\",\"position\":4,\"name\":\"\u00ab\u00a0Je sais que je ne veux pas d&rsquo;enfant depuis mes 14 ans\u00a0\u00bb t\u00e9moignage\"}]},{\"@type\":\"WebSite\",\"@id\":\"https:\\\/\\\/www.lesbridgets.com\\\/#website\",\"url\":\"https:\\\/\\\/www.lesbridgets.com\\\/\",\"name\":\"Les Bridgets\",\"description\":\"R\u00e9f\u00e9rences et r\u00e9flexions sur nos relations\",\"publisher\":{\"@id\":\"https:\\\/\\\/www.lesbridgets.com\\\/#organization\"},\"potentialAction\":[{\"@type\":\"SearchAction\",\"target\":{\"@type\":\"EntryPoint\",\"urlTemplate\":\"https:\\\/\\\/www.lesbridgets.com\\\/?s={search_term_string}\"},\"query-input\":{\"@type\":\"PropertyValueSpecification\",\"valueRequired\":true,\"valueName\":\"search_term_string\"}}],\"inLanguage\":\"fr-FR\"},{\"@type\":\"Organization\",\"@id\":\"https:\\\/\\\/www.lesbridgets.com\\\/#organization\",\"name\":\"Les Bridgets\",\"url\":\"https:\\\/\\\/www.lesbridgets.com\\\/\",\"logo\":{\"@type\":\"ImageObject\",\"inLanguage\":\"fr-FR\",\"@id\":\"https:\\\/\\\/www.lesbridgets.com\\\/#\\\/schema\\\/logo\\\/image\\\/\",\"url\":\"https:\\\/\\\/www.lesbridgets.com\\\/wp-content\\\/uploads\\\/2022\\\/07\\\/cropped-logo-3-lesbridgets.png\",\"contentUrl\":\"https:\\\/\\\/www.lesbridgets.com\\\/wp-content\\\/uploads\\\/2022\\\/07\\\/cropped-logo-3-lesbridgets.png\",\"width\":251,\"height\":59,\"caption\":\"Les Bridgets\"},\"image\":{\"@id\":\"https:\\\/\\\/www.lesbridgets.com\\\/#\\\/schema\\\/logo\\\/image\\\/\"},\"sameAs\":[\"https:\\\/\\\/www.facebook.com\\\/Les.Bridgets\",\"https:\\\/\\\/x.com\\\/les_bridgets\"]},{\"@type\":\"Person\",\"@id\":\"https:\\\/\\\/www.lesbridgets.com\\\/#\\\/schema\\\/person\\\/82a31c27ae0ddd23ee59e1e2ac5713ba\",\"name\":\"Bridget\",\"image\":{\"@type\":\"ImageObject\",\"inLanguage\":\"fr-FR\",\"@id\":\"https:\\\/\\\/secure.gravatar.com\\\/avatar\\\/7295cbdcf0cdf58bc2d250d0abac0622f7e9f13e4d6b98e0404f82bf994e0a55?s=96&d=mm&r=g\",\"url\":\"https:\\\/\\\/secure.gravatar.com\\\/avatar\\\/7295cbdcf0cdf58bc2d250d0abac0622f7e9f13e4d6b98e0404f82bf994e0a55?s=96&d=mm&r=g\",\"contentUrl\":\"https:\\\/\\\/secure.gravatar.com\\\/avatar\\\/7295cbdcf0cdf58bc2d250d0abac0622f7e9f13e4d6b98e0404f82bf994e0a55?s=96&d=mm&r=g\",\"caption\":\"Bridget\"}}]}<\/script>\n<!-- \/ Yoast SEO plugin. -->","yoast_head_json":{"title":"\"Je sais que je ne veux pas d'enfant depuis mes 14 ans\" t\u00e9moignage - Les Bridgets","description":"T\u00e9moignage audio de Anne-Charlotte qui est certaine depuis ses 14 ans qu'elle ne veux pas d'enfant. Il s'agit juste d'un d\u00e9sir de vivre une vie sans enfant.","robots":{"index":"index","follow":"follow","max-snippet":"max-snippet:-1","max-image-preview":"max-image-preview:large","max-video-preview":"max-video-preview:-1"},"canonical":"https:\/\/www.lesbridgets.com\/index.php\/conseils-relations\/celibataire\/je-sais-que-je-ne-veux-pas-denfant-depuis-mes-14-ans-temoignage.html","og_locale":"fr_FR","og_type":"article","og_title":"\"Je sais que je ne veux pas d'enfant depuis mes 14 ans\" t\u00e9moignage - Les Bridgets","og_description":"T\u00e9moignage audio de Anne-Charlotte qui est certaine depuis ses 14 ans qu'elle ne veux pas d'enfant. Il s'agit juste d'un d\u00e9sir de vivre une vie sans enfant.","og_url":"https:\/\/www.lesbridgets.com\/index.php\/conseils-relations\/celibataire\/je-sais-que-je-ne-veux-pas-denfant-depuis-mes-14-ans-temoignage.html","og_site_name":"Les Bridgets","article_publisher":"https:\/\/www.facebook.com\/Les.Bridgets","article_published_time":"2018-10-28T20:49:39+00:00","article_modified_time":"2020-08-24T21:40:29+00:00","og_image":[{"width":750,"height":500,"url":"https:\/\/www.lesbridgets.com\/wp-content\/uploads\/2018\/10\/ne-veux-pas-d-enfant.png","type":"image\/png"}],"author":"Bridget","twitter_card":"summary_large_image","twitter_creator":"@les_bridgets","twitter_site":"@les_bridgets","twitter_misc":{"\u00c9crit par":"Bridget","Dur\u00e9e de lecture estim\u00e9e":"2 minutes"},"schema":{"@context":"https:\/\/schema.org","@graph":[{"@type":"Article","@id":"https:\/\/www.lesbridgets.com\/index.php\/conseils-relations\/celibataire\/je-sais-que-je-ne-veux-pas-denfant-depuis-mes-14-ans-temoignage.html#article","isPartOf":{"@id":"https:\/\/www.lesbridgets.com\/index.php\/conseils-relations\/celibataire\/je-sais-que-je-ne-veux-pas-denfant-depuis-mes-14-ans-temoignage.html"},"author":{"name":"Bridget","@id":"https:\/\/www.lesbridgets.com\/#\/schema\/person\/82a31c27ae0ddd23ee59e1e2ac5713ba"},"headline":"\u00ab\u00a0Je sais que je ne veux pas d&rsquo;enfant depuis mes 14 ans\u00a0\u00bb t\u00e9moignage","datePublished":"2018-10-28T20:49:39+00:00","dateModified":"2020-08-24T21:40:29+00:00","mainEntityOfPage":{"@id":"https:\/\/www.lesbridgets.com\/index.php\/conseils-relations\/celibataire\/je-sais-que-je-ne-veux-pas-denfant-depuis-mes-14-ans-temoignage.html"},"wordCount":351,"commentCount":0,"publisher":{"@id":"https:\/\/www.lesbridgets.com\/#organization"},"image":{"@id":"https:\/\/www.lesbridgets.com\/index.php\/conseils-relations\/celibataire\/je-sais-que-je-ne-veux-pas-denfant-depuis-mes-14-ans-temoignage.html#primaryimage"},"thumbnailUrl":"https:\/\/www.lesbridgets.com\/wp-content\/uploads\/2018\/10\/ne-veux-pas-d-enfant.png","keywords":["histoire vraie","maternit\u00e9"],"articleSection":["Etre c\u00e9libataire - vivre seule"],"inLanguage":"fr-FR","potentialAction":[{"@type":"CommentAction","name":"Comment","target":["https:\/\/www.lesbridgets.com\/index.php\/conseils-relations\/celibataire\/je-sais-que-je-ne-veux-pas-denfant-depuis-mes-14-ans-temoignage.html#respond"]}]},{"@type":"WebPage","@id":"https:\/\/www.lesbridgets.com\/index.php\/conseils-relations\/celibataire\/je-sais-que-je-ne-veux-pas-denfant-depuis-mes-14-ans-temoignage.html","url":"https:\/\/www.lesbridgets.com\/index.php\/conseils-relations\/celibataire\/je-sais-que-je-ne-veux-pas-denfant-depuis-mes-14-ans-temoignage.html","name":"\"Je sais que je ne veux pas d'enfant depuis mes 14 ans\" t\u00e9moignage - Les Bridgets","isPartOf":{"@id":"https:\/\/www.lesbridgets.com\/#website"},"primaryImageOfPage":{"@id":"https:\/\/www.lesbridgets.com\/index.php\/conseils-relations\/celibataire\/je-sais-que-je-ne-veux-pas-denfant-depuis-mes-14-ans-temoignage.html#primaryimage"},"image":{"@id":"https:\/\/www.lesbridgets.com\/index.php\/conseils-relations\/celibataire\/je-sais-que-je-ne-veux-pas-denfant-depuis-mes-14-ans-temoignage.html#primaryimage"},"thumbnailUrl":"https:\/\/www.lesbridgets.com\/wp-content\/uploads\/2018\/10\/ne-veux-pas-d-enfant.png","datePublished":"2018-10-28T20:49:39+00:00","dateModified":"2020-08-24T21:40:29+00:00","description":"T\u00e9moignage audio de Anne-Charlotte qui est certaine depuis ses 14 ans qu'elle ne veux pas d'enfant. Il s'agit juste d'un d\u00e9sir de vivre une vie sans enfant.","breadcrumb":{"@id":"https:\/\/www.lesbridgets.com\/index.php\/conseils-relations\/celibataire\/je-sais-que-je-ne-veux-pas-denfant-depuis-mes-14-ans-temoignage.html#breadcrumb"},"inLanguage":"fr-FR","potentialAction":[{"@type":"ReadAction","target":["https:\/\/www.lesbridgets.com\/index.php\/conseils-relations\/celibataire\/je-sais-que-je-ne-veux-pas-denfant-depuis-mes-14-ans-temoignage.html"]}]},{"@type":"ImageObject","inLanguage":"fr-FR","@id":"https:\/\/www.lesbridgets.com\/index.php\/conseils-relations\/celibataire\/je-sais-que-je-ne-veux-pas-denfant-depuis-mes-14-ans-temoignage.html#primaryimage","url":"https:\/\/www.lesbridgets.com\/wp-content\/uploads\/2018\/10\/ne-veux-pas-d-enfant.png","contentUrl":"https:\/\/www.lesbridgets.com\/wp-content\/uploads\/2018\/10\/ne-veux-pas-d-enfant.png","width":750,"height":500},{"@type":"BreadcrumbList","@id":"https:\/\/www.lesbridgets.com\/index.php\/conseils-relations\/celibataire\/je-sais-que-je-ne-veux-pas-denfant-depuis-mes-14-ans-temoignage.html#breadcrumb","itemListElement":[{"@type":"ListItem","position":1,"name":"Les Bridgets","item":"https:\/\/www.lesbridgets.com\/"},{"@type":"ListItem","position":2,"name":"Conseils sur l'amour, le couple &amp; les c\u00e9libataires","item":"https:\/\/www.lesbridgets.com\/index.php\/category\/conseils-relations"},{"@type":"ListItem","position":3,"name":"Etre c\u00e9libataire - vivre seule","item":"https:\/\/www.lesbridgets.com\/index.php\/category\/conseils-relations\/celibataire"},{"@type":"ListItem","position":4,"name":"\u00ab\u00a0Je sais que je ne veux pas d&rsquo;enfant depuis mes 14 ans\u00a0\u00bb t\u00e9moignage"}]},{"@type":"WebSite","@id":"https:\/\/www.lesbridgets.com\/#website","url":"https:\/\/www.lesbridgets.com\/","name":"Les Bridgets","description":"R\u00e9f\u00e9rences et r\u00e9flexions sur nos relations","publisher":{"@id":"https:\/\/www.lesbridgets.com\/#organization"},"potentialAction":[{"@type":"SearchAction","target":{"@type":"EntryPoint","urlTemplate":"https:\/\/www.lesbridgets.com\/?s={search_term_string}"},"query-input":{"@type":"PropertyValueSpecification","valueRequired":true,"valueName":"search_term_string"}}],"inLanguage":"fr-FR"},{"@type":"Organization","@id":"https:\/\/www.lesbridgets.com\/#organization","name":"Les Bridgets","url":"https:\/\/www.lesbridgets.com\/","logo":{"@type":"ImageObject","inLanguage":"fr-FR","@id":"https:\/\/www.lesbridgets.com\/#\/schema\/logo\/image\/","url":"https:\/\/www.lesbridgets.com\/wp-content\/uploads\/2022\/07\/cropped-logo-3-lesbridgets.png","contentUrl":"https:\/\/www.lesbridgets.com\/wp-content\/uploads\/2022\/07\/cropped-logo-3-lesbridgets.png","width":251,"height":59,"caption":"Les Bridgets"},"image":{"@id":"https:\/\/www.lesbridgets.com\/#\/schema\/logo\/image\/"},"sameAs":["https:\/\/www.facebook.com\/Les.Bridgets","https:\/\/x.com\/les_bridgets"]},{"@type":"Person","@id":"https:\/\/www.lesbridgets.com\/#\/schema\/person\/82a31c27ae0ddd23ee59e1e2ac5713ba","name":"Bridget","image":{"@type":"ImageObject","inLanguage":"fr-FR","@id":"https:\/\/secure.gravatar.com\/avatar\/7295cbdcf0cdf58bc2d250d0abac0622f7e9f13e4d6b98e0404f82bf994e0a55?s=96&d=mm&r=g","url":"https:\/\/secure.gravatar.com\/avatar\/7295cbdcf0cdf58bc2d250d0abac0622f7e9f13e4d6b98e0404f82bf994e0a55?s=96&d=mm&r=g","contentUrl":"https:\/\/secure.gravatar.com\/avatar\/7295cbdcf0cdf58bc2d250d0abac0622f7e9f13e4d6b98e0404f82bf994e0a55?s=96&d=mm&r=g","caption":"Bridget"}}]}},"modified_by":"Bridget","_links":{"self":[{"href":"https:\/\/www.lesbridgets.com\/index.php\/wp-json\/wp\/v2\/posts\/243932","targetHints":{"allow":["GET"]}}],"collection":[{"href":"https:\/\/www.lesbridgets.com\/index.php\/wp-json\/wp\/v2\/posts"}],"about":[{"href":"https:\/\/www.lesbridgets.com\/index.php\/wp-json\/wp\/v2\/types\/post"}],"author":[{"embeddable":true,"href":"https:\/\/www.lesbridgets.com\/index.php\/wp-json\/wp\/v2\/users\/2"}],"replies":[{"embeddable":true,"href":"https:\/\/www.lesbridgets.com\/index.php\/wp-json\/wp\/v2\/comments?post=243932"}],"version-history":[{"count":21,"href":"https:\/\/www.lesbridgets.com\/index.php\/wp-json\/wp\/v2\/posts\/243932\/revisions"}],"predecessor-version":[{"id":253797,"href":"https:\/\/www.lesbridgets.com\/index.php\/wp-json\/wp\/v2\/posts\/243932\/revisions\/253797"}],"wp:featuredmedia":[{"embeddable":true,"href":"https:\/\/www.lesbridgets.com\/index.php\/wp-json\/wp\/v2\/media\/243933"}],"wp:attachment":[{"href":"https:\/\/www.lesbridgets.com\/index.php\/wp-json\/wp\/v2\/media?parent=243932"}],"wp:term":[{"taxonomy":"category","embeddable":true,"href":"https:\/\/www.lesbridgets.com\/index.php\/wp-json\/wp\/v2\/categories?post=243932"},{"taxonomy":"post_tag","embeddable":true,"href":"https:\/\/www.lesbridgets.com\/index.php\/wp-json\/wp\/v2\/tags?post=243932"}],"curies":[{"name":"wp","href":"https:\/\/api.w.org\/{rel}","templated":true}]}}