{"id":242895,"date":"2018-04-05T17:34:09","date_gmt":"2018-04-05T15:34:09","guid":{"rendered":"https:\/\/www.lesbridgets.com\/?p=242895"},"modified":"2025-05-17T18:30:28","modified_gmt":"2025-05-17T16:30:28","slug":"10-femmes-celebres-qui-nont-pas-eu-denfant","status":"publish","type":"post","link":"https:\/\/www.lesbridgets.com\/index.php\/nouveaute\/news-couple-celibataire\/10-femmes-celebres-qui-nont-pas-eu-denfant.html","title":{"rendered":"+ de 14 femmes c\u00e9l\u00e8bres qui n&rsquo;ont pas eu d&rsquo;enfant"},"content":{"rendered":"<p>\u00c0 peine plus de 4% est le nombre de femmes qui n&rsquo;ont pas d&rsquo;enfant en France qu&rsquo;elles en fassent le choix ou pas.\u00a0 C&rsquo;est tr\u00e8s peu dans un pays qui pr\u00f4nent la famille mais si on fait un peu de calcul c&rsquo;est au moins 1 million ce qui n&rsquo;est pas rien.<br \/>\nC&rsquo;est pourquoi on avait <a href=\"https:\/\/www.lesbridgets.com\/index.php\/vivre-a-deux-en-couple-le-quotidien\/temoignage-pourquoi-je-ne-veux-pas-d-enfant.html\" target=\"_blank\" rel=\"noopener noreferrer\">interview\u00e9 Aline<\/a> qui nous parlait de son choix de ne pas en avoir alors qu&rsquo;elle est en couple depuis plus de 20 ans avec son mari.<br \/>\nCette fois, on vous dresse une liste de femmes c\u00e9l\u00e8bres qui ont fait le choix de ne pas avoir d&rsquo;enfant :<\/p>\n<h2>1. Valerie Lemercier<\/h2>\n<p>\u00ab\u00a0<i>Je n&rsquo;ai pas non plus tout fait pour (avoir un enfant). Et arrive un jour o\u00f9 il est trop tard. Mais je ne consid\u00e8re pas \u00e7a comme un drame\u00a0\u00bb.<\/i><\/p>\n<p><img loading=\"lazy\" decoding=\"async\" class=\"alignnone wp-image-243053 size-full aligncenter\" src=\"https:\/\/www.lesbridgets.com\/wp-content\/uploads\/2018\/02\/valerie-lemercier-pas-denfant.png\" alt=\"\" width=\"750\" height=\"326\" srcset=\"https:\/\/www.lesbridgets.com\/wp-content\/uploads\/2018\/02\/valerie-lemercier-pas-denfant.png 750w, https:\/\/www.lesbridgets.com\/wp-content\/uploads\/2018\/02\/valerie-lemercier-pas-denfant-300x130.png 300w, https:\/\/www.lesbridgets.com\/wp-content\/uploads\/2018\/02\/valerie-lemercier-pas-denfant-600x261.png 600w\" sizes=\"auto, (max-width: 750px) 100vw, 750px\" \/><\/p>\n<h2>2. Elsa Zylberstein<\/h2>\n<p>\u00ab\u00a0On me demande souvent si je ne regrette pas de ne pas \u00eatre m\u00e8re, mais cela n\u2019a jamais \u00e9t\u00e9 un besoin imp\u00e9tueux pour moi.\u00a0\u00bb Source<\/p>\n<p><img loading=\"lazy\" decoding=\"async\" class=\"alignnone wp-image-243054 size-full aligncenter\" src=\"https:\/\/www.lesbridgets.com\/wp-content\/uploads\/2018\/03\/elsa-zylberstein-pas-denfant.png\" alt=\"\" width=\"750\" height=\"423\" srcset=\"https:\/\/www.lesbridgets.com\/wp-content\/uploads\/2018\/03\/elsa-zylberstein-pas-denfant.png 750w, https:\/\/www.lesbridgets.com\/wp-content\/uploads\/2018\/03\/elsa-zylberstein-pas-denfant-300x169.png 300w, https:\/\/www.lesbridgets.com\/wp-content\/uploads\/2018\/03\/elsa-zylberstein-pas-denfant-600x338.png 600w\" sizes=\"auto, (max-width: 750px) 100vw, 750px\" \/><\/p>\n<h2>3. Jennifer Aniston<\/h2>\n<p>\u00ab\u00a0Nous d\u00e9cidons nous-m\u00eames de ce qui est beau quand il s&rsquo;agit de notre corps. Nous n&rsquo;avons pas besoin d&rsquo;\u00eatre mari\u00e9es ou d&rsquo;\u00eatre m\u00e8res. Nous pouvons choisir notre vie nous-m\u00eames,\u00a0\u00bb <a href=\"https:\/\/www.lexpress.fr\/styles\/vip\/jennifer-aniston-pas-besoin-d-etre-mere-ou-mariee-pour-etre-une-femme-accomplie_1812065.html\" target=\"_blank\" rel=\"noopener noreferrer\">sa tribune<\/a><\/p>\n<p><img loading=\"lazy\" decoding=\"async\" class=\"alignnone wp-image-1747 size-full aligncenter\" src=\"https:\/\/www.lesbridgets.com\/wp-content\/uploads\/2015\/04\/jennifer-aniston-40-ans.jpg\" alt=\"\" width=\"750\" height=\"418\" srcset=\"https:\/\/www.lesbridgets.com\/wp-content\/uploads\/2015\/04\/jennifer-aniston-40-ans.jpg 750w, https:\/\/www.lesbridgets.com\/wp-content\/uploads\/2015\/04\/jennifer-aniston-40-ans-300x167.jpg 300w\" sizes=\"auto, (max-width: 750px) 100vw, 750px\" \/><\/p>\n<p>&nbsp;<\/p>\n<h2>4. Oprah Winfrey<\/h2>\n<p>Oprah Winfrey d\u00e9clare qu&rsquo;elle n&rsquo;a jamais\u00a0eu\u00a0d&rsquo;enfants parce que sa m\u00e8re ne s&rsquo;est pas occup\u00e9e d&rsquo;elle et qu&rsquo;elle consid\u00e8re ses \u00e9tudiantes au \u00ab Oprah Winfrey Leadership Academy for Girls \u00bb en Afrique du Sud comme ses\u00a0filles\u00a0:<br \/>\n\u00ab Je n&rsquo;ai jamais\u00a0eu\u00a0d&rsquo;enfants, je n&rsquo;ai jamais m\u00eame pens\u00e9 que j&rsquo;aurais des enfants.<\/p>\n<p><img loading=\"lazy\" decoding=\"async\" class=\"alignnone wp-image-243056 size-full aligncenter\" src=\"https:\/\/www.lesbridgets.com\/wp-content\/uploads\/2018\/03\/Oprah-Winfrey-enfant.png\" alt=\"\" width=\"750\" height=\"375\" srcset=\"https:\/\/www.lesbridgets.com\/wp-content\/uploads\/2018\/03\/Oprah-Winfrey-enfant.png 750w, https:\/\/www.lesbridgets.com\/wp-content\/uploads\/2018\/03\/Oprah-Winfrey-enfant-300x150.png 300w, https:\/\/www.lesbridgets.com\/wp-content\/uploads\/2018\/03\/Oprah-Winfrey-enfant-600x300.png 600w\" sizes=\"auto, (max-width: 750px) 100vw, 750px\" \/><\/p>\n<p>&nbsp;<\/p>\n<h2>5. Ren\u00e9e Zellweger<\/h2>\n<p>Lorsque la ques\u00adtion lui est pos\u00e9e de savoir si\u00a0<strong>l\u2019en\u00advie de suivre l\u2019exemple de Bridget dans Bridget Jones Baby la r\u00e9ponse est on ne peut plus claire:<br \/>\n\u201cOh mon dieu, non!\u201d<\/strong>\u00a0En revanche, cela l\u2019a davan\u00adtage moti\u00adv\u00e9e \u00e0 se remettre au sport:<br \/>\n\u201cCes petits \u00eatres sont lourds, j\u2019ai compris qu\u2019il \u00e9tait temps que je retourne \u00e0 la salle de gym soule\u00adver quelques halt\u00e8res.\u201d plai\u00adsante-elle pour expliquer son admi\u00adra\u00adtion gran\u00addis\u00adsante pour celles qui deviennent m\u00e8res. \u201cJe ne savais pas, bravo aux mamans.\u201d<\/p>\n<p><img loading=\"lazy\" decoding=\"async\" class=\"alignnone wp-image-243062 size-full aligncenter\" src=\"https:\/\/www.lesbridgets.com\/wp-content\/uploads\/2018\/03\/renee-zellweger-pas-enfant.png\" alt=\"\" width=\"750\" height=\"421\" srcset=\"https:\/\/www.lesbridgets.com\/wp-content\/uploads\/2018\/03\/renee-zellweger-pas-enfant.png 750w, https:\/\/www.lesbridgets.com\/wp-content\/uploads\/2018\/03\/renee-zellweger-pas-enfant-300x168.png 300w, https:\/\/www.lesbridgets.com\/wp-content\/uploads\/2018\/03\/renee-zellweger-pas-enfant-600x337.png 600w\" sizes=\"auto, (max-width: 750px) 100vw, 750px\" \/><\/p>\n<h2>6. Kim Catrall<\/h2>\n<p>\u00ab\u00a0Cela sonne comme si vous \u00e9tiez diminu\u00e9e parce que vous n&rsquo;avez pas d&rsquo;enfant. Je pense que pour beaucoup de femmes de ma g\u00e9n\u00e9ration, ce n&rsquo;\u00e9tait pas r\u00e9ellement un choix conscient.<br \/>\nJ&rsquo;ai le sentiment que c&rsquo;\u00e9tait un truc du genre : &lsquo;Je suis dans cette voie, et les choses se passent bien, et je suis tr\u00e8s heureuse, et je le ferai l&rsquo;ann\u00e9e prochaine. Je le ferai dans deux ans. Je le ferai dans cinq ans\u00a0\u00bb<\/p>\n<p><img loading=\"lazy\" decoding=\"async\" class=\"alignnone wp-image-243303 size-full aligncenter\" src=\"https:\/\/www.lesbridgets.com\/wp-content\/uploads\/2018\/04\/kim-cattrall-pas-denfant.jpg\" alt=\"\" width=\"750\" height=\"394\" srcset=\"https:\/\/www.lesbridgets.com\/wp-content\/uploads\/2018\/04\/kim-cattrall-pas-denfant.jpg 750w, https:\/\/www.lesbridgets.com\/wp-content\/uploads\/2018\/04\/kim-cattrall-pas-denfant-300x158.jpg 300w, https:\/\/www.lesbridgets.com\/wp-content\/uploads\/2018\/04\/kim-cattrall-pas-denfant-600x315.jpg 600w\" sizes=\"auto, (max-width: 750px) 100vw, 750px\" \/><\/p>\n<h2>7. Arielle Dombasle<\/h2>\n<p>\u00ab\u00a0Quand je vois mes amies qui ont des enfants, je les vois telle\u00adment heureuses.\u00a0C&rsquo;est le sens de la vie de la plupart des gens de se prolon\u00adger, beau\u00adcoup de gens se disent qu&rsquo;ils vont sacri\u00adfier leur vie pour leurs enfants.\u00a0<strong>C&rsquo;est telle\u00adment beau, c&rsquo;est admirable et pour\u00adtant, moi, farou\u00adche\u00adment, je n&rsquo;en ai jamais voulu. Je ne comprends pas pourquoi mais c&rsquo;est comme \u00e7a.\u00a0\u00bb<\/strong><\/p>\n<p><img loading=\"lazy\" decoding=\"async\" class=\"alignnone wp-image-243304 size-full aligncenter\" src=\"https:\/\/www.lesbridgets.com\/wp-content\/uploads\/2018\/04\/arielle-dombasle-pas-d-enfant.jpg\" alt=\"\" width=\"750\" height=\"422\" srcset=\"https:\/\/www.lesbridgets.com\/wp-content\/uploads\/2018\/04\/arielle-dombasle-pas-d-enfant.jpg 750w, https:\/\/www.lesbridgets.com\/wp-content\/uploads\/2018\/04\/arielle-dombasle-pas-d-enfant-300x169.jpg 300w, https:\/\/www.lesbridgets.com\/wp-content\/uploads\/2018\/04\/arielle-dombasle-pas-d-enfant-600x338.jpg 600w\" sizes=\"auto, (max-width: 750px) 100vw, 750px\" \/><\/p>\n<p>&nbsp;<\/p>\n<h2>8. B\u00e9atrice Dalle<\/h2>\n<p>\u00ab\u00a0Je ne voulais pas d\u2019en\u00adfant pour ne pas assu\u00admer la respon\u00adsa\u00adbi\u00adlit\u00e9 de quelqu\u2019un d\u2019autre.\u00a0Et puis tu prends perp\u00e8te quand tu fais un enfant. C\u2019est trop de taf\u202f!\u00a0Et puis j\u2019ai eu des mecs pour \u00e7a\u202f! Les hommes sont des enfants. Pourquoi en faire quand t\u2019en as d\u00e9j\u00e0 un \u00e0 la maison \u202f?\u00a0 \u00bb<\/p>\n<p><img loading=\"lazy\" decoding=\"async\" class=\"alignnone wp-image-243305 size-full aligncenter\" src=\"https:\/\/www.lesbridgets.com\/wp-content\/uploads\/2018\/04\/beatrice-dalle-enfant.jpg\" alt=\"\" width=\"750\" height=\"469\" srcset=\"https:\/\/www.lesbridgets.com\/wp-content\/uploads\/2018\/04\/beatrice-dalle-enfant.jpg 750w, https:\/\/www.lesbridgets.com\/wp-content\/uploads\/2018\/04\/beatrice-dalle-enfant-300x188.jpg 300w, https:\/\/www.lesbridgets.com\/wp-content\/uploads\/2018\/04\/beatrice-dalle-enfant-600x375.jpg 600w\" sizes=\"auto, (max-width: 750px) 100vw, 750px\" \/><\/p>\n<h2>9. Liane Foly<\/h2>\n<p>\u00ab\u00a0Mes copines disaient : &lsquo;On va se marier, on va faire des m\u00f4mes&rsquo;. Et elles en ont eu.<br \/>\nAujourd\u2019hui, je suis c\u00e9libataire, sans enfants. Le jour o\u00f9 j\u2019ai d\u00e9couvert comme toutes les petites filles qu\u2019on allait avoir mal tous les mois, \u00e7a m\u2019a emm\u2026 Je disais \u00e0 ma m\u00e8re : &lsquo;Pour quoi faire ? Moi, je m\u2019en fous,\u00a0<strong>je ne veux pas d\u2019enfants<\/strong>\u00a0!&rsquo; J\u2019ai mes neveux et mes ni\u00e8ces que j\u2019adore et \u00e7a suffit\u00a0\u00bb.<\/p>\n<p><img loading=\"lazy\" decoding=\"async\" class=\"alignnone wp-image-243307 size-full aligncenter\" src=\"https:\/\/www.lesbridgets.com\/wp-content\/uploads\/2018\/04\/lianne-foly-pas-enfant.jpg\" alt=\"\" width=\"750\" height=\"390\" srcset=\"https:\/\/www.lesbridgets.com\/wp-content\/uploads\/2018\/04\/lianne-foly-pas-enfant.jpg 750w, https:\/\/www.lesbridgets.com\/wp-content\/uploads\/2018\/04\/lianne-foly-pas-enfant-300x156.jpg 300w, https:\/\/www.lesbridgets.com\/wp-content\/uploads\/2018\/04\/lianne-foly-pas-enfant-600x312.jpg 600w\" sizes=\"auto, (max-width: 750px) 100vw, 750px\" \/><\/p>\n<h2>10. Virginie Despentes<\/h2>\n<p>L&rsquo;\u00e9crivaine \u00e0 qui l&rsquo;on doit le formidable et juste King Kong Theorie et les tomes de Vernon Subutex a fait le choix de ne pas avoir d&rsquo;enfant.<\/p>\n<p>\u00ab\u00a0<em>J&rsquo;y ai pens\u00e9 autour de 30 ans et j&rsquo;ai arr\u00eat\u00e9 d&rsquo;y penser \u00e0 35<\/em>, l\u00e2che l&rsquo;auteure de\u00a0<em>Baise-moi<\/em>\u00a0et d&rsquo;<em>Apocalypse b\u00e9b\u00e9. Je suis tr\u00e8s heureuse de ne pas en avoir eu ; ne rien faire est vraiment l&rsquo;activit\u00e9 que je pr\u00e9f\u00e8re et \u00e7a arrive rarement quand tu es maman.<\/em>\u00a0\u00bb<\/p>\n<p><img loading=\"lazy\" decoding=\"async\" class=\"alignnone wp-image-248641 size-full aligncenter\" src=\"https:\/\/www.lesbridgets.com\/wp-content\/uploads\/2018\/04\/Virginie-Despentes-pas-d-enfant.png\" alt=\"\" width=\"800\" height=\"533\" srcset=\"https:\/\/www.lesbridgets.com\/wp-content\/uploads\/2018\/04\/Virginie-Despentes-pas-d-enfant.png 800w, https:\/\/www.lesbridgets.com\/wp-content\/uploads\/2018\/04\/Virginie-Despentes-pas-d-enfant-300x200.png 300w, https:\/\/www.lesbridgets.com\/wp-content\/uploads\/2018\/04\/Virginie-Despentes-pas-d-enfant-768x512.png 768w, https:\/\/www.lesbridgets.com\/wp-content\/uploads\/2018\/04\/Virginie-Despentes-pas-d-enfant-600x400.png 600w\" sizes=\"auto, (max-width: 800px) 100vw, 800px\" \/><\/p>\n<h2>11. Simone de Beauvoir<\/h2>\n<p>Ecrivaine fran\u00e7aise et f\u00e9ministe \u00e9galement \u00e0 qui l&rsquo;on doit l&rsquo;indispensable Deuxi\u00e8me Sexe.<br \/>\nSi adolescente, elle envisageait, dans le cadre d&rsquo;un mariage bourgeois, d&rsquo;avoir des enfants, elle sut ensuite qu&rsquo;elle n&rsquo;en d\u00e9sirait pas et n&rsquo;en eut jamais.<br \/>\nElle insista \u00e0 plusieurs reprises sur le fait qu&rsquo;elle ne regrettait pas son choix. Les personnes qui l&rsquo;ont connue t\u00e9moignent du fait qu&rsquo;elle ne s&rsquo;int\u00e9ressait pas du tout aux enfants ; elle s&rsquo;int\u00e9ressait \u00e0 l&rsquo;influence que les premi\u00e8res ann\u00e9es d&rsquo;un enfant pouvaient avoir sur sa vie future, mais pas aux enfants en eux-m\u00eames.<\/p>\n<p><img loading=\"lazy\" decoding=\"async\" class=\"alignnone wp-image-248644 size-full aligncenter\" src=\"https:\/\/www.lesbridgets.com\/wp-content\/uploads\/2018\/04\/simone-de-beauvoir-pas-denfant.png\" alt=\"\" width=\"800\" height=\"524\" srcset=\"https:\/\/www.lesbridgets.com\/wp-content\/uploads\/2018\/04\/simone-de-beauvoir-pas-denfant.png 800w, https:\/\/www.lesbridgets.com\/wp-content\/uploads\/2018\/04\/simone-de-beauvoir-pas-denfant-300x197.png 300w, https:\/\/www.lesbridgets.com\/wp-content\/uploads\/2018\/04\/simone-de-beauvoir-pas-denfant-768x503.png 768w\" sizes=\"auto, (max-width: 800px) 100vw, 800px\" \/><\/p>\n<h2>12. Am\u00e9lie Nothomb<\/h2>\n<p>Un troisi\u00e8me romanci\u00e8re dans la liste, elle disait \u00e0 ce sujet \u00ab\u00a0Je ne dors pas beaucoup, je travaille comme une b\u00eate. Je me r\u00e9veille quotidiennement \u00e0 4 heures du matin, sans exception. Jamais de grasse matin\u00e9e. Je suis malade de stress parce que je suis toujours enceinte d\u2019un livre. Il faut \u00eatre \u00e0 la hauteur du b\u00e9b\u00e9.\u00a0\u00bb<br \/>\n\u00ab\u00a0Je n\u2019ai jamais voulu d\u2019enfant, ce n\u2019est pas ma nature.\u00a0\u00bb<\/p>\n<p><img loading=\"lazy\" decoding=\"async\" class=\"alignnone wp-image-248647 size-full aligncenter\" src=\"https:\/\/www.lesbridgets.com\/wp-content\/uploads\/2018\/04\/amelie-nothomb-pas-d-enfant.png\" alt=\"\" width=\"800\" height=\"451\" srcset=\"https:\/\/www.lesbridgets.com\/wp-content\/uploads\/2018\/04\/amelie-nothomb-pas-d-enfant.png 800w, https:\/\/www.lesbridgets.com\/wp-content\/uploads\/2018\/04\/amelie-nothomb-pas-d-enfant-300x169.png 300w, https:\/\/www.lesbridgets.com\/wp-content\/uploads\/2018\/04\/amelie-nothomb-pas-d-enfant-768x433.png 768w\" sizes=\"auto, (max-width: 800px) 100vw, 800px\" \/><\/p>\n<h2>13. Marie-Jos\u00e9e Croze<\/h2>\n<p><em>\u00ab\u00a0C&rsquo;est plut\u00f4t d\u00fb au hasard. Et m\u00eame si la majorit\u00e9 des femmes de mon \u00e2ge en ont, je ne le vis pas comme un drame. Cela aurait pu arriver, \u00e7a n&rsquo;a pas \u00e9t\u00e9 le cas, c&rsquo;est tout. (&#8230;) De toutes fa\u00e7ons, je suis une personne marginale depuis que je suis n\u00e9e ! (&#8230;)\u00a0J&rsquo;assume mon c\u00f4t\u00e9 atypique. Je n&rsquo;en ai jamais souffert.\u00a0\u00bb<\/em><\/p>\n<p><img loading=\"lazy\" decoding=\"async\" class=\"alignnone wp-image-249084 size-full aligncenter\" src=\"https:\/\/www.lesbridgets.com\/wp-content\/uploads\/2018\/04\/marie-jose-croze-pas-denfant.png\" alt=\"\" width=\"800\" height=\"450\" srcset=\"https:\/\/www.lesbridgets.com\/wp-content\/uploads\/2018\/04\/marie-jose-croze-pas-denfant.png 800w, https:\/\/www.lesbridgets.com\/wp-content\/uploads\/2018\/04\/marie-jose-croze-pas-denfant-300x169.png 300w, https:\/\/www.lesbridgets.com\/wp-content\/uploads\/2018\/04\/marie-jose-croze-pas-denfant-768x432.png 768w\" sizes=\"auto, (max-width: 800px) 100vw, 800px\" \/><\/p>\n<h2>14. Sabine Az\u00e9ma<\/h2>\n<p>A 70 ans en 2019, elle n&rsquo;a jamais voulu d&rsquo;enfant et visiblement cela lui va bien.<\/p>\n<p><img loading=\"lazy\" decoding=\"async\" class=\"alignnone wp-image-249268 size-full aligncenter\" src=\"https:\/\/www.lesbridgets.com\/wp-content\/uploads\/2018\/04\/sabine-azema-pas-denfant.png\" alt=\"\" width=\"800\" height=\"451\" srcset=\"https:\/\/www.lesbridgets.com\/wp-content\/uploads\/2018\/04\/sabine-azema-pas-denfant.png 800w, https:\/\/www.lesbridgets.com\/wp-content\/uploads\/2018\/04\/sabine-azema-pas-denfant-300x169.png 300w, https:\/\/www.lesbridgets.com\/wp-content\/uploads\/2018\/04\/sabine-azema-pas-denfant-768x433.png 768w\" sizes=\"auto, (max-width: 800px) 100vw, 800px\" \/><\/p>\n<h2>15. Chantal Thomas<\/h2>\n<p><span style=\"font-weight: 400;\">L&rsquo;\u00e9crivaine attach\u00e9e \u00e0 sa libert\u00e9, aimant par-dessus tout lire, \u00e9crire, fl\u00e2ner, voyager, d\u00e9m\u00e9nager souvent, Chantal Thomas n\u2019a pas eu d\u2019enfant et a toujours habit\u00e9 seule. Elle est rest\u00e9e fid\u00e8le \u00e0 l\u2019\u00e9blouissement v\u00e9cu dans sa chambre d\u2019\u00e9tudiante.<\/span><\/p>\n<p>A l&rsquo;heure o\u00f9 nous \u00e9crivons ces lignes, Naomi Campbell \u00e2g\u00e9e de 48 ans pensait encore avoir des enfants en 2017.<br \/>\nAudrey Tautou a fini par adopter \u00e0 40 ans pass\u00e9 et Cameron Diaz \u00e0 47 ans vient d&rsquo;annoncer en 2020 l&rsquo;arriv\u00e9e d&rsquo;un enfant.<\/p>\n<p>Mais il y a aussi celles qui n&rsquo;en ont pas eu et pas forc\u00e9ment par choix comme Kylie Minogue qui suite \u00e0 son cancer annonce qu&rsquo;elle n&rsquo;en aura jamais.<\/p>\n<p style=\"text-align: left;\">Vous en voyez d&rsquo;autres qu&rsquo;on aurait oubli\u00e9 ? Et si vous cherchez des arguments pour ne pas avoir d&rsquo;enfant, \u00e0 lire le livre <a href=\"https:\/\/www.amazon.fr\/No-Kid-Quarante-raisons-denfant\/dp\/2841864057\/ref=as_li_ss_tl?__mk_fr_FR=%C3%85M%C3%85%C5%BD%C3%95%C3%91&amp;dchild=1&amp;keywords=No+Kid&amp;qid=1587406112&amp;sr=8-1&amp;linkCode=ll1&amp;tag=lesbricomcomp-21&amp;linkId=a97cb66758b281b9e19d9055f5179c40&amp;language=fr_FR\" target=\"_blank\" rel=\"nofollow noopener noreferrer\">No Kid<\/a>.<\/p>\n<p>Dans le m\u00eame sujet, \u00e0 \u00e9couter les deux interview de femmes qui ont fait le choix de ne pas avoir d&rsquo;enfant qu&rsquo;elles soient c\u00e9libataire ou en couple.<\/p>\n<p style=\"text-align: center;\"><iframe loading=\"lazy\" src=\"https:\/\/www.youtube.com\/embed\/68kHSygbbIs\" width=\"560\" height=\"315\" frameborder=\"0\" allowfullscreen=\"allowfullscreen\"><\/iframe><\/p>\n<p style=\"text-align: center;\"><iframe loading=\"lazy\" src=\"https:\/\/www.youtube.com\/embed\/DIQ2jtgsvAs\" width=\"560\" height=\"315\" frameborder=\"0\" allowfullscreen=\"allowfullscreen\"><\/iframe><\/p>\n","protected":false},"excerpt":{"rendered":"<p>\u00c0 peine plus de 4% est le nombre de femmes qui n&rsquo;ont pas d&rsquo;enfant en France qu&rsquo;elles en fassent le choix ou pas.\u00a0 C&rsquo;est tr\u00e8s&hellip; <\/p>\n","protected":false},"author":2,"featured_media":243053,"comment_status":"open","ping_status":"open","sticky":false,"template":"","format":"standard","meta":{"_bbp_topic_count":0,"_bbp_reply_count":0,"_bbp_total_topic_count":0,"_bbp_total_reply_count":0,"_bbp_voice_count":0,"_bbp_anonymous_reply_count":0,"_bbp_topic_count_hidden":0,"_bbp_reply_count_hidden":0,"_bbp_forum_subforum_count":0,"om_disable_all_campaigns":false,"_lmt_disableupdate":"no","_lmt_disable":"","_monsterinsights_skip_tracking":false,"_monsterinsights_sitenote_active":false,"_monsterinsights_sitenote_note":"","_monsterinsights_sitenote_category":0,"_uf_show_specific_survey":0,"_uf_disable_surveys":false,"footnotes":""},"categories":[16],"tags":[1047,1048],"class_list":["post-242895","post","type-post","status-publish","format-standard","has-post-thumbnail","hentry","category-news-couple-celibataire","tag-celebrites","tag-people"],"yoast_head":"<!-- This site is optimized with the Yoast SEO plugin v27.4 - https:\/\/yoast.com\/product\/yoast-seo-wordpress\/ -->\n<title>+ de 14 femmes c\u00e9l\u00e8bres qui n&#039;ont pas eu d&#039;enfant - Les Bridgets<\/title>\n<meta name=\"description\" content=\"Liste de femmes connues principalement fran\u00e7aises mais aussi du monde entier et qui n&#039;ont jamais eu d&#039;enfants.\" \/>\n<meta name=\"robots\" content=\"index, follow, max-snippet:-1, max-image-preview:large, max-video-preview:-1\" \/>\n<link rel=\"canonical\" href=\"https:\/\/www.lesbridgets.com\/index.php\/nouveaute\/news-couple-celibataire\/10-femmes-celebres-qui-nont-pas-eu-denfant.html\" \/>\n<meta property=\"og:locale\" content=\"fr_FR\" \/>\n<meta property=\"og:type\" content=\"article\" \/>\n<meta property=\"og:title\" content=\"+ de 14 femmes c\u00e9l\u00e8bres qui n&#039;ont pas eu d&#039;enfant - Les Bridgets\" \/>\n<meta property=\"og:description\" content=\"Liste de femmes connues principalement fran\u00e7aises mais aussi du monde entier et qui n&#039;ont jamais eu d&#039;enfants.\" \/>\n<meta property=\"og:url\" content=\"https:\/\/www.lesbridgets.com\/index.php\/nouveaute\/news-couple-celibataire\/10-femmes-celebres-qui-nont-pas-eu-denfant.html\" \/>\n<meta property=\"og:site_name\" content=\"Les Bridgets\" \/>\n<meta property=\"article:publisher\" content=\"https:\/\/www.facebook.com\/Les.Bridgets\" \/>\n<meta property=\"article:published_time\" content=\"2018-04-05T15:34:09+00:00\" \/>\n<meta property=\"article:modified_time\" content=\"2025-05-17T16:30:28+00:00\" \/>\n<meta property=\"og:image\" content=\"https:\/\/www.lesbridgets.com\/wp-content\/uploads\/2018\/02\/valerie-lemercier-pas-denfant.png\" \/>\n\t<meta property=\"og:image:width\" content=\"750\" \/>\n\t<meta property=\"og:image:height\" content=\"326\" \/>\n\t<meta property=\"og:image:type\" content=\"image\/png\" \/>\n<meta name=\"author\" content=\"Bridget\" \/>\n<meta name=\"twitter:card\" content=\"summary_large_image\" \/>\n<meta name=\"twitter:creator\" content=\"@les_bridgets\" \/>\n<meta name=\"twitter:site\" content=\"@les_bridgets\" \/>\n<meta name=\"twitter:label1\" content=\"\u00c9crit par\" \/>\n\t<meta name=\"twitter:data1\" content=\"Bridget\" \/>\n\t<meta name=\"twitter:label2\" content=\"Dur\u00e9e de lecture estim\u00e9e\" \/>\n\t<meta name=\"twitter:data2\" content=\"8 minutes\" \/>\n<script type=\"application\/ld+json\" class=\"yoast-schema-graph\">{\"@context\":\"https:\\\/\\\/schema.org\",\"@graph\":[{\"@type\":\"Article\",\"@id\":\"https:\\\/\\\/www.lesbridgets.com\\\/index.php\\\/nouveaute\\\/news-couple-celibataire\\\/10-femmes-celebres-qui-nont-pas-eu-denfant.html#article\",\"isPartOf\":{\"@id\":\"https:\\\/\\\/www.lesbridgets.com\\\/index.php\\\/nouveaute\\\/news-couple-celibataire\\\/10-femmes-celebres-qui-nont-pas-eu-denfant.html\"},\"author\":{\"name\":\"Bridget\",\"@id\":\"https:\\\/\\\/www.lesbridgets.com\\\/#\\\/schema\\\/person\\\/82a31c27ae0ddd23ee59e1e2ac5713ba\"},\"headline\":\"+ de 14 femmes c\u00e9l\u00e8bres qui n&rsquo;ont pas eu d&rsquo;enfant\",\"datePublished\":\"2018-04-05T15:34:09+00:00\",\"dateModified\":\"2025-05-17T16:30:28+00:00\",\"mainEntityOfPage\":{\"@id\":\"https:\\\/\\\/www.lesbridgets.com\\\/index.php\\\/nouveaute\\\/news-couple-celibataire\\\/10-femmes-celebres-qui-nont-pas-eu-denfant.html\"},\"wordCount\":1263,\"commentCount\":3,\"publisher\":{\"@id\":\"https:\\\/\\\/www.lesbridgets.com\\\/#organization\"},\"image\":{\"@id\":\"https:\\\/\\\/www.lesbridgets.com\\\/index.php\\\/nouveaute\\\/news-couple-celibataire\\\/10-femmes-celebres-qui-nont-pas-eu-denfant.html#primaryimage\"},\"thumbnailUrl\":\"https:\\\/\\\/www.lesbridgets.com\\\/wp-content\\\/uploads\\\/2018\\\/02\\\/valerie-lemercier-pas-denfant.png\",\"keywords\":[\"c\u00e9l\u00e9brit\u00e9s\",\"people\"],\"articleSection\":[\"Nouveau\"],\"inLanguage\":\"fr-FR\",\"potentialAction\":[{\"@type\":\"CommentAction\",\"name\":\"Comment\",\"target\":[\"https:\\\/\\\/www.lesbridgets.com\\\/index.php\\\/nouveaute\\\/news-couple-celibataire\\\/10-femmes-celebres-qui-nont-pas-eu-denfant.html#respond\"]}]},{\"@type\":\"WebPage\",\"@id\":\"https:\\\/\\\/www.lesbridgets.com\\\/index.php\\\/nouveaute\\\/news-couple-celibataire\\\/10-femmes-celebres-qui-nont-pas-eu-denfant.html\",\"url\":\"https:\\\/\\\/www.lesbridgets.com\\\/index.php\\\/nouveaute\\\/news-couple-celibataire\\\/10-femmes-celebres-qui-nont-pas-eu-denfant.html\",\"name\":\"+ de 14 femmes c\u00e9l\u00e8bres qui n'ont pas eu d'enfant - Les Bridgets\",\"isPartOf\":{\"@id\":\"https:\\\/\\\/www.lesbridgets.com\\\/#website\"},\"primaryImageOfPage\":{\"@id\":\"https:\\\/\\\/www.lesbridgets.com\\\/index.php\\\/nouveaute\\\/news-couple-celibataire\\\/10-femmes-celebres-qui-nont-pas-eu-denfant.html#primaryimage\"},\"image\":{\"@id\":\"https:\\\/\\\/www.lesbridgets.com\\\/index.php\\\/nouveaute\\\/news-couple-celibataire\\\/10-femmes-celebres-qui-nont-pas-eu-denfant.html#primaryimage\"},\"thumbnailUrl\":\"https:\\\/\\\/www.lesbridgets.com\\\/wp-content\\\/uploads\\\/2018\\\/02\\\/valerie-lemercier-pas-denfant.png\",\"datePublished\":\"2018-04-05T15:34:09+00:00\",\"dateModified\":\"2025-05-17T16:30:28+00:00\",\"description\":\"Liste de femmes connues principalement fran\u00e7aises mais aussi du monde entier et qui n'ont jamais eu d'enfants.\",\"breadcrumb\":{\"@id\":\"https:\\\/\\\/www.lesbridgets.com\\\/index.php\\\/nouveaute\\\/news-couple-celibataire\\\/10-femmes-celebres-qui-nont-pas-eu-denfant.html#breadcrumb\"},\"inLanguage\":\"fr-FR\",\"potentialAction\":[{\"@type\":\"ReadAction\",\"target\":[\"https:\\\/\\\/www.lesbridgets.com\\\/index.php\\\/nouveaute\\\/news-couple-celibataire\\\/10-femmes-celebres-qui-nont-pas-eu-denfant.html\"]}]},{\"@type\":\"ImageObject\",\"inLanguage\":\"fr-FR\",\"@id\":\"https:\\\/\\\/www.lesbridgets.com\\\/index.php\\\/nouveaute\\\/news-couple-celibataire\\\/10-femmes-celebres-qui-nont-pas-eu-denfant.html#primaryimage\",\"url\":\"https:\\\/\\\/www.lesbridgets.com\\\/wp-content\\\/uploads\\\/2018\\\/02\\\/valerie-lemercier-pas-denfant.png\",\"contentUrl\":\"https:\\\/\\\/www.lesbridgets.com\\\/wp-content\\\/uploads\\\/2018\\\/02\\\/valerie-lemercier-pas-denfant.png\",\"width\":750,\"height\":326},{\"@type\":\"BreadcrumbList\",\"@id\":\"https:\\\/\\\/www.lesbridgets.com\\\/index.php\\\/nouveaute\\\/news-couple-celibataire\\\/10-femmes-celebres-qui-nont-pas-eu-denfant.html#breadcrumb\",\"itemListElement\":[{\"@type\":\"ListItem\",\"position\":1,\"name\":\"Les Bridgets\",\"item\":\"https:\\\/\\\/www.lesbridgets.com\\\/\"},{\"@type\":\"ListItem\",\"position\":2,\"name\":\"Actu\",\"item\":\"https:\\\/\\\/www.lesbridgets.com\\\/index.php\\\/category\\\/nouveaute\"},{\"@type\":\"ListItem\",\"position\":3,\"name\":\"Nouveau\",\"item\":\"https:\\\/\\\/www.lesbridgets.com\\\/index.php\\\/category\\\/nouveaute\\\/news-couple-celibataire\"},{\"@type\":\"ListItem\",\"position\":4,\"name\":\"+ de 14 femmes c\u00e9l\u00e8bres qui n&rsquo;ont pas eu d&rsquo;enfant\"}]},{\"@type\":\"WebSite\",\"@id\":\"https:\\\/\\\/www.lesbridgets.com\\\/#website\",\"url\":\"https:\\\/\\\/www.lesbridgets.com\\\/\",\"name\":\"Les Bridgets\",\"description\":\"R\u00e9f\u00e9rences et r\u00e9flexions sur nos relations\",\"publisher\":{\"@id\":\"https:\\\/\\\/www.lesbridgets.com\\\/#organization\"},\"potentialAction\":[{\"@type\":\"SearchAction\",\"target\":{\"@type\":\"EntryPoint\",\"urlTemplate\":\"https:\\\/\\\/www.lesbridgets.com\\\/?s={search_term_string}\"},\"query-input\":{\"@type\":\"PropertyValueSpecification\",\"valueRequired\":true,\"valueName\":\"search_term_string\"}}],\"inLanguage\":\"fr-FR\"},{\"@type\":\"Organization\",\"@id\":\"https:\\\/\\\/www.lesbridgets.com\\\/#organization\",\"name\":\"Les Bridgets\",\"url\":\"https:\\\/\\\/www.lesbridgets.com\\\/\",\"logo\":{\"@type\":\"ImageObject\",\"inLanguage\":\"fr-FR\",\"@id\":\"https:\\\/\\\/www.lesbridgets.com\\\/#\\\/schema\\\/logo\\\/image\\\/\",\"url\":\"https:\\\/\\\/www.lesbridgets.com\\\/wp-content\\\/uploads\\\/2022\\\/07\\\/cropped-logo-3-lesbridgets.png\",\"contentUrl\":\"https:\\\/\\\/www.lesbridgets.com\\\/wp-content\\\/uploads\\\/2022\\\/07\\\/cropped-logo-3-lesbridgets.png\",\"width\":251,\"height\":59,\"caption\":\"Les Bridgets\"},\"image\":{\"@id\":\"https:\\\/\\\/www.lesbridgets.com\\\/#\\\/schema\\\/logo\\\/image\\\/\"},\"sameAs\":[\"https:\\\/\\\/www.facebook.com\\\/Les.Bridgets\",\"https:\\\/\\\/x.com\\\/les_bridgets\"]},{\"@type\":\"Person\",\"@id\":\"https:\\\/\\\/www.lesbridgets.com\\\/#\\\/schema\\\/person\\\/82a31c27ae0ddd23ee59e1e2ac5713ba\",\"name\":\"Bridget\",\"image\":{\"@type\":\"ImageObject\",\"inLanguage\":\"fr-FR\",\"@id\":\"https:\\\/\\\/secure.gravatar.com\\\/avatar\\\/7295cbdcf0cdf58bc2d250d0abac0622f7e9f13e4d6b98e0404f82bf994e0a55?s=96&d=mm&r=g\",\"url\":\"https:\\\/\\\/secure.gravatar.com\\\/avatar\\\/7295cbdcf0cdf58bc2d250d0abac0622f7e9f13e4d6b98e0404f82bf994e0a55?s=96&d=mm&r=g\",\"contentUrl\":\"https:\\\/\\\/secure.gravatar.com\\\/avatar\\\/7295cbdcf0cdf58bc2d250d0abac0622f7e9f13e4d6b98e0404f82bf994e0a55?s=96&d=mm&r=g\",\"caption\":\"Bridget\"}}]}<\/script>\n<!-- \/ Yoast SEO plugin. -->","yoast_head_json":{"title":"+ de 14 femmes c\u00e9l\u00e8bres qui n'ont pas eu d'enfant - Les Bridgets","description":"Liste de femmes connues principalement fran\u00e7aises mais aussi du monde entier et qui n'ont jamais eu d'enfants.","robots":{"index":"index","follow":"follow","max-snippet":"max-snippet:-1","max-image-preview":"max-image-preview:large","max-video-preview":"max-video-preview:-1"},"canonical":"https:\/\/www.lesbridgets.com\/index.php\/nouveaute\/news-couple-celibataire\/10-femmes-celebres-qui-nont-pas-eu-denfant.html","og_locale":"fr_FR","og_type":"article","og_title":"+ de 14 femmes c\u00e9l\u00e8bres qui n'ont pas eu d'enfant - Les Bridgets","og_description":"Liste de femmes connues principalement fran\u00e7aises mais aussi du monde entier et qui n'ont jamais eu d'enfants.","og_url":"https:\/\/www.lesbridgets.com\/index.php\/nouveaute\/news-couple-celibataire\/10-femmes-celebres-qui-nont-pas-eu-denfant.html","og_site_name":"Les Bridgets","article_publisher":"https:\/\/www.facebook.com\/Les.Bridgets","article_published_time":"2018-04-05T15:34:09+00:00","article_modified_time":"2025-05-17T16:30:28+00:00","og_image":[{"width":750,"height":326,"url":"https:\/\/www.lesbridgets.com\/wp-content\/uploads\/2018\/02\/valerie-lemercier-pas-denfant.png","type":"image\/png"}],"author":"Bridget","twitter_card":"summary_large_image","twitter_creator":"@les_bridgets","twitter_site":"@les_bridgets","twitter_misc":{"\u00c9crit par":"Bridget","Dur\u00e9e de lecture estim\u00e9e":"8 minutes"},"schema":{"@context":"https:\/\/schema.org","@graph":[{"@type":"Article","@id":"https:\/\/www.lesbridgets.com\/index.php\/nouveaute\/news-couple-celibataire\/10-femmes-celebres-qui-nont-pas-eu-denfant.html#article","isPartOf":{"@id":"https:\/\/www.lesbridgets.com\/index.php\/nouveaute\/news-couple-celibataire\/10-femmes-celebres-qui-nont-pas-eu-denfant.html"},"author":{"name":"Bridget","@id":"https:\/\/www.lesbridgets.com\/#\/schema\/person\/82a31c27ae0ddd23ee59e1e2ac5713ba"},"headline":"+ de 14 femmes c\u00e9l\u00e8bres qui n&rsquo;ont pas eu d&rsquo;enfant","datePublished":"2018-04-05T15:34:09+00:00","dateModified":"2025-05-17T16:30:28+00:00","mainEntityOfPage":{"@id":"https:\/\/www.lesbridgets.com\/index.php\/nouveaute\/news-couple-celibataire\/10-femmes-celebres-qui-nont-pas-eu-denfant.html"},"wordCount":1263,"commentCount":3,"publisher":{"@id":"https:\/\/www.lesbridgets.com\/#organization"},"image":{"@id":"https:\/\/www.lesbridgets.com\/index.php\/nouveaute\/news-couple-celibataire\/10-femmes-celebres-qui-nont-pas-eu-denfant.html#primaryimage"},"thumbnailUrl":"https:\/\/www.lesbridgets.com\/wp-content\/uploads\/2018\/02\/valerie-lemercier-pas-denfant.png","keywords":["c\u00e9l\u00e9brit\u00e9s","people"],"articleSection":["Nouveau"],"inLanguage":"fr-FR","potentialAction":[{"@type":"CommentAction","name":"Comment","target":["https:\/\/www.lesbridgets.com\/index.php\/nouveaute\/news-couple-celibataire\/10-femmes-celebres-qui-nont-pas-eu-denfant.html#respond"]}]},{"@type":"WebPage","@id":"https:\/\/www.lesbridgets.com\/index.php\/nouveaute\/news-couple-celibataire\/10-femmes-celebres-qui-nont-pas-eu-denfant.html","url":"https:\/\/www.lesbridgets.com\/index.php\/nouveaute\/news-couple-celibataire\/10-femmes-celebres-qui-nont-pas-eu-denfant.html","name":"+ de 14 femmes c\u00e9l\u00e8bres qui n'ont pas eu d'enfant - Les Bridgets","isPartOf":{"@id":"https:\/\/www.lesbridgets.com\/#website"},"primaryImageOfPage":{"@id":"https:\/\/www.lesbridgets.com\/index.php\/nouveaute\/news-couple-celibataire\/10-femmes-celebres-qui-nont-pas-eu-denfant.html#primaryimage"},"image":{"@id":"https:\/\/www.lesbridgets.com\/index.php\/nouveaute\/news-couple-celibataire\/10-femmes-celebres-qui-nont-pas-eu-denfant.html#primaryimage"},"thumbnailUrl":"https:\/\/www.lesbridgets.com\/wp-content\/uploads\/2018\/02\/valerie-lemercier-pas-denfant.png","datePublished":"2018-04-05T15:34:09+00:00","dateModified":"2025-05-17T16:30:28+00:00","description":"Liste de femmes connues principalement fran\u00e7aises mais aussi du monde entier et qui n'ont jamais eu d'enfants.","breadcrumb":{"@id":"https:\/\/www.lesbridgets.com\/index.php\/nouveaute\/news-couple-celibataire\/10-femmes-celebres-qui-nont-pas-eu-denfant.html#breadcrumb"},"inLanguage":"fr-FR","potentialAction":[{"@type":"ReadAction","target":["https:\/\/www.lesbridgets.com\/index.php\/nouveaute\/news-couple-celibataire\/10-femmes-celebres-qui-nont-pas-eu-denfant.html"]}]},{"@type":"ImageObject","inLanguage":"fr-FR","@id":"https:\/\/www.lesbridgets.com\/index.php\/nouveaute\/news-couple-celibataire\/10-femmes-celebres-qui-nont-pas-eu-denfant.html#primaryimage","url":"https:\/\/www.lesbridgets.com\/wp-content\/uploads\/2018\/02\/valerie-lemercier-pas-denfant.png","contentUrl":"https:\/\/www.lesbridgets.com\/wp-content\/uploads\/2018\/02\/valerie-lemercier-pas-denfant.png","width":750,"height":326},{"@type":"BreadcrumbList","@id":"https:\/\/www.lesbridgets.com\/index.php\/nouveaute\/news-couple-celibataire\/10-femmes-celebres-qui-nont-pas-eu-denfant.html#breadcrumb","itemListElement":[{"@type":"ListItem","position":1,"name":"Les Bridgets","item":"https:\/\/www.lesbridgets.com\/"},{"@type":"ListItem","position":2,"name":"Actu","item":"https:\/\/www.lesbridgets.com\/index.php\/category\/nouveaute"},{"@type":"ListItem","position":3,"name":"Nouveau","item":"https:\/\/www.lesbridgets.com\/index.php\/category\/nouveaute\/news-couple-celibataire"},{"@type":"ListItem","position":4,"name":"+ de 14 femmes c\u00e9l\u00e8bres qui n&rsquo;ont pas eu d&rsquo;enfant"}]},{"@type":"WebSite","@id":"https:\/\/www.lesbridgets.com\/#website","url":"https:\/\/www.lesbridgets.com\/","name":"Les Bridgets","description":"R\u00e9f\u00e9rences et r\u00e9flexions sur nos relations","publisher":{"@id":"https:\/\/www.lesbridgets.com\/#organization"},"potentialAction":[{"@type":"SearchAction","target":{"@type":"EntryPoint","urlTemplate":"https:\/\/www.lesbridgets.com\/?s={search_term_string}"},"query-input":{"@type":"PropertyValueSpecification","valueRequired":true,"valueName":"search_term_string"}}],"inLanguage":"fr-FR"},{"@type":"Organization","@id":"https:\/\/www.lesbridgets.com\/#organization","name":"Les Bridgets","url":"https:\/\/www.lesbridgets.com\/","logo":{"@type":"ImageObject","inLanguage":"fr-FR","@id":"https:\/\/www.lesbridgets.com\/#\/schema\/logo\/image\/","url":"https:\/\/www.lesbridgets.com\/wp-content\/uploads\/2022\/07\/cropped-logo-3-lesbridgets.png","contentUrl":"https:\/\/www.lesbridgets.com\/wp-content\/uploads\/2022\/07\/cropped-logo-3-lesbridgets.png","width":251,"height":59,"caption":"Les Bridgets"},"image":{"@id":"https:\/\/www.lesbridgets.com\/#\/schema\/logo\/image\/"},"sameAs":["https:\/\/www.facebook.com\/Les.Bridgets","https:\/\/x.com\/les_bridgets"]},{"@type":"Person","@id":"https:\/\/www.lesbridgets.com\/#\/schema\/person\/82a31c27ae0ddd23ee59e1e2ac5713ba","name":"Bridget","image":{"@type":"ImageObject","inLanguage":"fr-FR","@id":"https:\/\/secure.gravatar.com\/avatar\/7295cbdcf0cdf58bc2d250d0abac0622f7e9f13e4d6b98e0404f82bf994e0a55?s=96&d=mm&r=g","url":"https:\/\/secure.gravatar.com\/avatar\/7295cbdcf0cdf58bc2d250d0abac0622f7e9f13e4d6b98e0404f82bf994e0a55?s=96&d=mm&r=g","contentUrl":"https:\/\/secure.gravatar.com\/avatar\/7295cbdcf0cdf58bc2d250d0abac0622f7e9f13e4d6b98e0404f82bf994e0a55?s=96&d=mm&r=g","caption":"Bridget"}}]}},"modified_by":"Bridget","_links":{"self":[{"href":"https:\/\/www.lesbridgets.com\/index.php\/wp-json\/wp\/v2\/posts\/242895","targetHints":{"allow":["GET"]}}],"collection":[{"href":"https:\/\/www.lesbridgets.com\/index.php\/wp-json\/wp\/v2\/posts"}],"about":[{"href":"https:\/\/www.lesbridgets.com\/index.php\/wp-json\/wp\/v2\/types\/post"}],"author":[{"embeddable":true,"href":"https:\/\/www.lesbridgets.com\/index.php\/wp-json\/wp\/v2\/users\/2"}],"replies":[{"embeddable":true,"href":"https:\/\/www.lesbridgets.com\/index.php\/wp-json\/wp\/v2\/comments?post=242895"}],"version-history":[{"count":33,"href":"https:\/\/www.lesbridgets.com\/index.php\/wp-json\/wp\/v2\/posts\/242895\/revisions"}],"predecessor-version":[{"id":258157,"href":"https:\/\/www.lesbridgets.com\/index.php\/wp-json\/wp\/v2\/posts\/242895\/revisions\/258157"}],"wp:featuredmedia":[{"embeddable":true,"href":"https:\/\/www.lesbridgets.com\/index.php\/wp-json\/wp\/v2\/media\/243053"}],"wp:attachment":[{"href":"https:\/\/www.lesbridgets.com\/index.php\/wp-json\/wp\/v2\/media?parent=242895"}],"wp:term":[{"taxonomy":"category","embeddable":true,"href":"https:\/\/www.lesbridgets.com\/index.php\/wp-json\/wp\/v2\/categories?post=242895"},{"taxonomy":"post_tag","embeddable":true,"href":"https:\/\/www.lesbridgets.com\/index.php\/wp-json\/wp\/v2\/tags?post=242895"}],"curies":[{"name":"wp","href":"https:\/\/api.w.org\/{rel}","templated":true}]}}