{"id":242390,"date":"2017-12-05T23:00:11","date_gmt":"2017-12-05T22:00:11","guid":{"rendered":"https:\/\/www.lesbridgets.com\/?p=242390"},"modified":"2021-10-18T10:58:13","modified_gmt":"2021-10-18T08:58:13","slug":"on-aidait-toutes-femmes-invisibles-paris","status":"publish","type":"post","link":"https:\/\/www.lesbridgets.com\/index.php\/nouveaute\/on-aidait-toutes-femmes-invisibles-paris.html","title":{"rendered":"Et si on aidait toutes ces femmes invisibles dans Paris ?"},"content":{"rendered":"<p>Un article un peu sp\u00e9cial pour parler d&rsquo;un sujet qui nous tient tr\u00e8s \u00e0 coeur. La nouvelle campagne du Samu Social de Paris d\u00e9di\u00e9e aux femmes sans abri et plus particuli\u00e8rement le travail du Samu Social de Paris.<br \/>\nCela nous touche parce qu&rsquo;on est des femmes et qu&rsquo;on a eu l&rsquo;occasion de voir r\u00e9\u00e9llement le travail du Samu Social \u00e0 l&rsquo;occasion d&rsquo;une maraude.<\/p>\n<h1>Donner du sens \u00e0 son travail, je peux vous le confirmer c&rsquo;est important<\/h1>\n<p>Cette maraude m&rsquo;a permis de rencontrer des personnes g\u00e9n\u00e9reuses, exceptionnelles mais surtout de d\u00e9couvrir un univers un peu trop m\u00e9connu les sans-abri et l&rsquo;incroyable travail du Samu Social de Paris.<\/p>\n<p>Chaque nuit 365 jours par an, 7 v\u00e9hicules sillonnent les rues de Paris pour aider les personnes qui vivent dans la rue \u00e0 Paris. Certains camions vont vers les signalements qui ont \u00e9t\u00e9 effectu\u00e9s en appelant le 115 ou sur leur site en ligne quand d&rsquo;autres maraudeurs ont des arrondissements attitr\u00e9s dont ils scrutent les ruelles.<\/p>\n<h1>On appelle \u00e7a des maraudes.<\/h1>\n<p>Contrairement \u00e0 toutes les autres courageuses associations qui en effectuent, les \u00e9quipes du Samu Social de Paris sont essentiellement compos\u00e9es de professionnels (une infirmi\u00e8re, un travailleur social et un chauffeur exp\u00e9riment\u00e9). Dans le cadre de la campagne, j&rsquo;ai exceptionnellement eu la chance de venir en tant qu&rsquo;observatrice pour voir leur travail.<\/p>\n<h1>Etre une femme dans la rue c&rsquo;est encore plus compliqu\u00e9.<\/h1>\n<p>Pour vous laisser un peu imaginer :<br \/>\nSi tu trouves qu&rsquo;avoir ses r\u00e8gles c&rsquo;est d\u00e9j\u00e0 bien gal\u00e8re alors imagine quand tu vis dans la rue et que tu n&rsquo;as pas de douche ou de quoi t&rsquo;acheter des protections f\u00e9minines.<br \/>\nJ&rsquo;ai vu des ascenseurs s\u00e9par\u00e9s dans des centres d&rsquo;h\u00e9bergement, un pour les hommes et un pour les femmes.<br \/>\nJ&rsquo;ai entendu des femmes raconter qu&rsquo;elles se sont fait violer des dizaines de fois en quelques mois dans la rue.<\/p>\n<p style=\"text-align: center;\">\u00a0<iframe loading=\"lazy\" src=\"https:\/\/www.youtube.com\/embed\/BQZtnM5iEPc\" width=\"560\" height=\"315\" frameborder=\"0\" allowfullscreen=\"allowfullscreen\"><\/iframe><\/p>\n<p>La nuit \u00e0 Paris, il y a deux mondes parall\u00e8les un peu comme dans Stranger Things, c&rsquo;est exactement ce que m&rsquo;a dit le travailleur social au d\u00e9but de \u00ab\u00a0ma\u00a0\u00bb maraude. Je confirme et cela fera l&rsquo;objet d&rsquo;un billet plus d\u00e9taill\u00e9 sur un autre blog.<\/p>\n<p>Des influenceurs ont donn\u00e9 de la visibilit\u00e9 \u00e0 cette campagne pour la relayer au maximum.<\/p>\n<h1>Comme la\u00a0gentille et g\u00e9n\u00e9reuse L\u00e9a Camilleri qui a particip\u00e9 \u00e0 une maraude le temps d&rsquo;une nuit.<\/h1>\n<p>Une des rares observatrices si ce n&rsquo;est l&rsquo;unique selon les \u00e9quipes \u00e0 avoir fait une maraude en entier !<br \/>\nVoici en vid\u00e9o un aper\u00e7u de ce qu&rsquo;elle en a retenu<\/p>\n<p style=\"text-align: center;\"><iframe loading=\"lazy\" src=\"https:\/\/www.youtube.com\/embed\/7gfhRrBqh8A\" width=\"560\" height=\"315\" frameborder=\"0\" allowfullscreen=\"allowfullscreen\"><\/iframe><\/p>\n<p>Mention sp\u00e9ciale \u00e0 mon FLO derri\u00e8re la cam\u00e9ra !<\/p>\n<p>Puis le collectif Et Tout Le Monde S&rsquo;en Fout qu&rsquo;on suit depuis le d\u00e9but et dont on partage les vid\u00e9os sur <a href=\"https:\/\/www.facebook.com\/Les.Bridgets\" target=\"_blank\" rel=\"noopener noreferrer\">notre page facebook<\/a> (L&rsquo;Estime de Soi, Les Femmes&#8230;).<\/p>\n<h1>Un collectif bourr\u00e9 de talents et engag\u00e9 :<\/h1>\n<p style=\"text-align: center;\"><iframe loading=\"lazy\" src=\"https:\/\/www.youtube.com\/embed\/zDaUwkfoH_g\" width=\"560\" height=\"315\" frameborder=\"0\" allowfullscreen=\"allowfullscreen\"><\/iframe><\/p>\n<p>Malheureusement, on ne s&rsquo;appelle pas J\u00e9r\u00f4me Jarre, ni Omar Sy et on n&rsquo;a pas leur audience. Par contre, je peux vous certifier que le Samu Social de Paris manque cruellement de moyen. J&rsquo;\u00e9tais sur place et je me sentais tellement impuissante et d\u00e9munie, je n&rsquo;ai pas eu l&rsquo;envie, l&rsquo;ind\u00e9cence de vous faire des stories ou autre live tweet \u00e0 titre perso.<\/p>\n<p>Je peux aussi vous confirmer qu&rsquo;on n&rsquo;a pas besoin de faire des milliers de km pour faire de bonnes actions, du b\u00e9n\u00e9volat, que la mis\u00e8re elle est vraiment partout et chaque jour un peu plus autour de nous.<br \/>\nMais surtout qu&rsquo;on peut tous nous, nos amis, notre famille un jour \u00eatre confront\u00e9s \u00e0 la mis\u00e8re : une s\u00e9paration un peu trop brutale, une perte d&rsquo;un emploi, sans parler de quelques troubles psy qui ne m\u00e9ritent pas selon les psychiatres un internement. Par honte, certains n&rsquo;en parlent jamais.<\/p>\n<p>De chez nous \u00e0 la rue, il n&rsquo;y a qu&rsquo;un pas. N&rsquo;h\u00e9sitez pas \u00e0 demander aux sans abri en bas de chez vous, si ils ont besoin que vous appeliez le 115.<br \/>\nEt si vous voulez aider les \u00e9quipes du Samu Social \u00e0 aider les femmes dans la rue, vous pouvez donner sur le site d\u00e9di\u00e9 : larueavecelles.fr (vous pourrez en d\u00e9duire une partie de vos imp\u00f4ts) et si non partagez la campagne pour que ceux que vous connaissez, savent qu&rsquo;ils peuvent donner. Merci.<\/p>\n","protected":false},"excerpt":{"rendered":"<p>Un article un peu sp\u00e9cial pour parler d&rsquo;un sujet qui nous tient tr\u00e8s \u00e0 coeur. La nouvelle campagne du Samu Social de Paris d\u00e9di\u00e9e aux&hellip; <\/p>\n","protected":false},"author":2,"featured_media":242391,"comment_status":"open","ping_status":"open","sticky":false,"template":"","format":"standard","meta":{"_bbp_topic_count":0,"_bbp_reply_count":0,"_bbp_total_topic_count":0,"_bbp_total_reply_count":0,"_bbp_voice_count":0,"_bbp_anonymous_reply_count":0,"_bbp_topic_count_hidden":0,"_bbp_reply_count_hidden":0,"_bbp_forum_subforum_count":0,"om_disable_all_campaigns":false,"_lmt_disableupdate":"","_lmt_disable":"","_monsterinsights_skip_tracking":false,"_monsterinsights_sitenote_active":false,"_monsterinsights_sitenote_note":"","_monsterinsights_sitenote_category":0,"_uf_show_specific_survey":0,"_uf_disable_surveys":false,"footnotes":""},"categories":[30],"tags":[598,126,968,185],"class_list":["post-242390","post","type-post","status-publish","format-standard","has-post-thumbnail","hentry","category-nouveaute","tag-association","tag-droit-des-femmes","tag-femmes","tag-histoire-vraie"],"yoast_head":"<!-- This site is optimized with the Yoast SEO plugin v27.4 - https:\/\/yoast.com\/product\/yoast-seo-wordpress\/ -->\n<title>Et si on aidait toutes ces femmes invisibles dans Paris ? - Les Bridgets<\/title>\n<meta name=\"robots\" content=\"index, follow, max-snippet:-1, max-image-preview:large, max-video-preview:-1\" \/>\n<link rel=\"canonical\" href=\"https:\/\/www.lesbridgets.com\/index.php\/nouveaute\/on-aidait-toutes-femmes-invisibles-paris.html\" \/>\n<meta property=\"og:locale\" content=\"fr_FR\" \/>\n<meta property=\"og:type\" content=\"article\" \/>\n<meta property=\"og:title\" content=\"Et si on aidait toutes ces femmes invisibles dans Paris ? - Les Bridgets\" \/>\n<meta property=\"og:description\" content=\"Un article un peu sp\u00e9cial pour parler d&rsquo;un sujet qui nous tient tr\u00e8s \u00e0 coeur. La nouvelle campagne du Samu Social de Paris d\u00e9di\u00e9e aux&hellip;\" \/>\n<meta property=\"og:url\" content=\"https:\/\/www.lesbridgets.com\/index.php\/nouveaute\/on-aidait-toutes-femmes-invisibles-paris.html\" \/>\n<meta property=\"og:site_name\" content=\"Les Bridgets\" \/>\n<meta property=\"article:publisher\" content=\"https:\/\/www.facebook.com\/Les.Bridgets\" \/>\n<meta property=\"article:published_time\" content=\"2017-12-05T22:00:11+00:00\" \/>\n<meta property=\"article:modified_time\" content=\"2021-10-18T08:58:13+00:00\" \/>\n<meta property=\"og:image\" content=\"https:\/\/www.lesbridgets.com\/wp-content\/uploads\/2017\/12\/Et-tout-le-monde-sen-fout-samu-social.png\" \/>\n\t<meta property=\"og:image:width\" content=\"750\" \/>\n\t<meta property=\"og:image:height\" content=\"427\" \/>\n\t<meta property=\"og:image:type\" content=\"image\/png\" \/>\n<meta name=\"author\" content=\"Bridget\" \/>\n<meta name=\"twitter:card\" content=\"summary_large_image\" \/>\n<meta name=\"twitter:creator\" content=\"@les_bridgets\" \/>\n<meta name=\"twitter:site\" content=\"@les_bridgets\" \/>\n<meta name=\"twitter:label1\" content=\"\u00c9crit par\" \/>\n\t<meta name=\"twitter:data1\" content=\"Bridget\" \/>\n\t<meta name=\"twitter:label2\" content=\"Dur\u00e9e de lecture estim\u00e9e\" \/>\n\t<meta name=\"twitter:data2\" content=\"4 minutes\" \/>\n<script type=\"application\/ld+json\" class=\"yoast-schema-graph\">{\"@context\":\"https:\\\/\\\/schema.org\",\"@graph\":[{\"@type\":\"Article\",\"@id\":\"https:\\\/\\\/www.lesbridgets.com\\\/index.php\\\/nouveaute\\\/on-aidait-toutes-femmes-invisibles-paris.html#article\",\"isPartOf\":{\"@id\":\"https:\\\/\\\/www.lesbridgets.com\\\/index.php\\\/nouveaute\\\/on-aidait-toutes-femmes-invisibles-paris.html\"},\"author\":{\"name\":\"Bridget\",\"@id\":\"https:\\\/\\\/www.lesbridgets.com\\\/#\\\/schema\\\/person\\\/82a31c27ae0ddd23ee59e1e2ac5713ba\"},\"headline\":\"Et si on aidait toutes ces femmes invisibles dans Paris ?\",\"datePublished\":\"2017-12-05T22:00:11+00:00\",\"dateModified\":\"2021-10-18T08:58:13+00:00\",\"mainEntityOfPage\":{\"@id\":\"https:\\\/\\\/www.lesbridgets.com\\\/index.php\\\/nouveaute\\\/on-aidait-toutes-femmes-invisibles-paris.html\"},\"wordCount\":773,\"commentCount\":1,\"publisher\":{\"@id\":\"https:\\\/\\\/www.lesbridgets.com\\\/#organization\"},\"image\":{\"@id\":\"https:\\\/\\\/www.lesbridgets.com\\\/index.php\\\/nouveaute\\\/on-aidait-toutes-femmes-invisibles-paris.html#primaryimage\"},\"thumbnailUrl\":\"https:\\\/\\\/www.lesbridgets.com\\\/wp-content\\\/uploads\\\/2017\\\/12\\\/Et-tout-le-monde-sen-fout-samu-social.png\",\"keywords\":[\"association\",\"droit des femmes\",\"femmes\",\"histoire vraie\"],\"articleSection\":[\"Actu\"],\"inLanguage\":\"fr-FR\",\"potentialAction\":[{\"@type\":\"CommentAction\",\"name\":\"Comment\",\"target\":[\"https:\\\/\\\/www.lesbridgets.com\\\/index.php\\\/nouveaute\\\/on-aidait-toutes-femmes-invisibles-paris.html#respond\"]}]},{\"@type\":\"WebPage\",\"@id\":\"https:\\\/\\\/www.lesbridgets.com\\\/index.php\\\/nouveaute\\\/on-aidait-toutes-femmes-invisibles-paris.html\",\"url\":\"https:\\\/\\\/www.lesbridgets.com\\\/index.php\\\/nouveaute\\\/on-aidait-toutes-femmes-invisibles-paris.html\",\"name\":\"Et si on aidait toutes ces femmes invisibles dans Paris ? - Les Bridgets\",\"isPartOf\":{\"@id\":\"https:\\\/\\\/www.lesbridgets.com\\\/#website\"},\"primaryImageOfPage\":{\"@id\":\"https:\\\/\\\/www.lesbridgets.com\\\/index.php\\\/nouveaute\\\/on-aidait-toutes-femmes-invisibles-paris.html#primaryimage\"},\"image\":{\"@id\":\"https:\\\/\\\/www.lesbridgets.com\\\/index.php\\\/nouveaute\\\/on-aidait-toutes-femmes-invisibles-paris.html#primaryimage\"},\"thumbnailUrl\":\"https:\\\/\\\/www.lesbridgets.com\\\/wp-content\\\/uploads\\\/2017\\\/12\\\/Et-tout-le-monde-sen-fout-samu-social.png\",\"datePublished\":\"2017-12-05T22:00:11+00:00\",\"dateModified\":\"2021-10-18T08:58:13+00:00\",\"breadcrumb\":{\"@id\":\"https:\\\/\\\/www.lesbridgets.com\\\/index.php\\\/nouveaute\\\/on-aidait-toutes-femmes-invisibles-paris.html#breadcrumb\"},\"inLanguage\":\"fr-FR\",\"potentialAction\":[{\"@type\":\"ReadAction\",\"target\":[\"https:\\\/\\\/www.lesbridgets.com\\\/index.php\\\/nouveaute\\\/on-aidait-toutes-femmes-invisibles-paris.html\"]}]},{\"@type\":\"ImageObject\",\"inLanguage\":\"fr-FR\",\"@id\":\"https:\\\/\\\/www.lesbridgets.com\\\/index.php\\\/nouveaute\\\/on-aidait-toutes-femmes-invisibles-paris.html#primaryimage\",\"url\":\"https:\\\/\\\/www.lesbridgets.com\\\/wp-content\\\/uploads\\\/2017\\\/12\\\/Et-tout-le-monde-sen-fout-samu-social.png\",\"contentUrl\":\"https:\\\/\\\/www.lesbridgets.com\\\/wp-content\\\/uploads\\\/2017\\\/12\\\/Et-tout-le-monde-sen-fout-samu-social.png\",\"width\":750,\"height\":427},{\"@type\":\"BreadcrumbList\",\"@id\":\"https:\\\/\\\/www.lesbridgets.com\\\/index.php\\\/nouveaute\\\/on-aidait-toutes-femmes-invisibles-paris.html#breadcrumb\",\"itemListElement\":[{\"@type\":\"ListItem\",\"position\":1,\"name\":\"Les Bridgets\",\"item\":\"https:\\\/\\\/www.lesbridgets.com\\\/\"},{\"@type\":\"ListItem\",\"position\":2,\"name\":\"Actu\",\"item\":\"https:\\\/\\\/www.lesbridgets.com\\\/index.php\\\/category\\\/nouveaute\"},{\"@type\":\"ListItem\",\"position\":3,\"name\":\"Et si on aidait toutes ces femmes invisibles dans Paris ?\"}]},{\"@type\":\"WebSite\",\"@id\":\"https:\\\/\\\/www.lesbridgets.com\\\/#website\",\"url\":\"https:\\\/\\\/www.lesbridgets.com\\\/\",\"name\":\"Les Bridgets\",\"description\":\"R\u00e9f\u00e9rences et r\u00e9flexions sur nos relations\",\"publisher\":{\"@id\":\"https:\\\/\\\/www.lesbridgets.com\\\/#organization\"},\"potentialAction\":[{\"@type\":\"SearchAction\",\"target\":{\"@type\":\"EntryPoint\",\"urlTemplate\":\"https:\\\/\\\/www.lesbridgets.com\\\/?s={search_term_string}\"},\"query-input\":{\"@type\":\"PropertyValueSpecification\",\"valueRequired\":true,\"valueName\":\"search_term_string\"}}],\"inLanguage\":\"fr-FR\"},{\"@type\":\"Organization\",\"@id\":\"https:\\\/\\\/www.lesbridgets.com\\\/#organization\",\"name\":\"Les Bridgets\",\"url\":\"https:\\\/\\\/www.lesbridgets.com\\\/\",\"logo\":{\"@type\":\"ImageObject\",\"inLanguage\":\"fr-FR\",\"@id\":\"https:\\\/\\\/www.lesbridgets.com\\\/#\\\/schema\\\/logo\\\/image\\\/\",\"url\":\"https:\\\/\\\/www.lesbridgets.com\\\/wp-content\\\/uploads\\\/2022\\\/07\\\/cropped-logo-3-lesbridgets.png\",\"contentUrl\":\"https:\\\/\\\/www.lesbridgets.com\\\/wp-content\\\/uploads\\\/2022\\\/07\\\/cropped-logo-3-lesbridgets.png\",\"width\":251,\"height\":59,\"caption\":\"Les Bridgets\"},\"image\":{\"@id\":\"https:\\\/\\\/www.lesbridgets.com\\\/#\\\/schema\\\/logo\\\/image\\\/\"},\"sameAs\":[\"https:\\\/\\\/www.facebook.com\\\/Les.Bridgets\",\"https:\\\/\\\/x.com\\\/les_bridgets\"]},{\"@type\":\"Person\",\"@id\":\"https:\\\/\\\/www.lesbridgets.com\\\/#\\\/schema\\\/person\\\/82a31c27ae0ddd23ee59e1e2ac5713ba\",\"name\":\"Bridget\",\"image\":{\"@type\":\"ImageObject\",\"inLanguage\":\"fr-FR\",\"@id\":\"https:\\\/\\\/secure.gravatar.com\\\/avatar\\\/7295cbdcf0cdf58bc2d250d0abac0622f7e9f13e4d6b98e0404f82bf994e0a55?s=96&d=mm&r=g\",\"url\":\"https:\\\/\\\/secure.gravatar.com\\\/avatar\\\/7295cbdcf0cdf58bc2d250d0abac0622f7e9f13e4d6b98e0404f82bf994e0a55?s=96&d=mm&r=g\",\"contentUrl\":\"https:\\\/\\\/secure.gravatar.com\\\/avatar\\\/7295cbdcf0cdf58bc2d250d0abac0622f7e9f13e4d6b98e0404f82bf994e0a55?s=96&d=mm&r=g\",\"caption\":\"Bridget\"}}]}<\/script>\n<!-- \/ Yoast SEO plugin. -->","yoast_head_json":{"title":"Et si on aidait toutes ces femmes invisibles dans Paris ? - Les Bridgets","robots":{"index":"index","follow":"follow","max-snippet":"max-snippet:-1","max-image-preview":"max-image-preview:large","max-video-preview":"max-video-preview:-1"},"canonical":"https:\/\/www.lesbridgets.com\/index.php\/nouveaute\/on-aidait-toutes-femmes-invisibles-paris.html","og_locale":"fr_FR","og_type":"article","og_title":"Et si on aidait toutes ces femmes invisibles dans Paris ? - Les Bridgets","og_description":"Un article un peu sp\u00e9cial pour parler d&rsquo;un sujet qui nous tient tr\u00e8s \u00e0 coeur. La nouvelle campagne du Samu Social de Paris d\u00e9di\u00e9e aux&hellip;","og_url":"https:\/\/www.lesbridgets.com\/index.php\/nouveaute\/on-aidait-toutes-femmes-invisibles-paris.html","og_site_name":"Les Bridgets","article_publisher":"https:\/\/www.facebook.com\/Les.Bridgets","article_published_time":"2017-12-05T22:00:11+00:00","article_modified_time":"2021-10-18T08:58:13+00:00","og_image":[{"width":750,"height":427,"url":"https:\/\/www.lesbridgets.com\/wp-content\/uploads\/2017\/12\/Et-tout-le-monde-sen-fout-samu-social.png","type":"image\/png"}],"author":"Bridget","twitter_card":"summary_large_image","twitter_creator":"@les_bridgets","twitter_site":"@les_bridgets","twitter_misc":{"\u00c9crit par":"Bridget","Dur\u00e9e de lecture estim\u00e9e":"4 minutes"},"schema":{"@context":"https:\/\/schema.org","@graph":[{"@type":"Article","@id":"https:\/\/www.lesbridgets.com\/index.php\/nouveaute\/on-aidait-toutes-femmes-invisibles-paris.html#article","isPartOf":{"@id":"https:\/\/www.lesbridgets.com\/index.php\/nouveaute\/on-aidait-toutes-femmes-invisibles-paris.html"},"author":{"name":"Bridget","@id":"https:\/\/www.lesbridgets.com\/#\/schema\/person\/82a31c27ae0ddd23ee59e1e2ac5713ba"},"headline":"Et si on aidait toutes ces femmes invisibles dans Paris ?","datePublished":"2017-12-05T22:00:11+00:00","dateModified":"2021-10-18T08:58:13+00:00","mainEntityOfPage":{"@id":"https:\/\/www.lesbridgets.com\/index.php\/nouveaute\/on-aidait-toutes-femmes-invisibles-paris.html"},"wordCount":773,"commentCount":1,"publisher":{"@id":"https:\/\/www.lesbridgets.com\/#organization"},"image":{"@id":"https:\/\/www.lesbridgets.com\/index.php\/nouveaute\/on-aidait-toutes-femmes-invisibles-paris.html#primaryimage"},"thumbnailUrl":"https:\/\/www.lesbridgets.com\/wp-content\/uploads\/2017\/12\/Et-tout-le-monde-sen-fout-samu-social.png","keywords":["association","droit des femmes","femmes","histoire vraie"],"articleSection":["Actu"],"inLanguage":"fr-FR","potentialAction":[{"@type":"CommentAction","name":"Comment","target":["https:\/\/www.lesbridgets.com\/index.php\/nouveaute\/on-aidait-toutes-femmes-invisibles-paris.html#respond"]}]},{"@type":"WebPage","@id":"https:\/\/www.lesbridgets.com\/index.php\/nouveaute\/on-aidait-toutes-femmes-invisibles-paris.html","url":"https:\/\/www.lesbridgets.com\/index.php\/nouveaute\/on-aidait-toutes-femmes-invisibles-paris.html","name":"Et si on aidait toutes ces femmes invisibles dans Paris ? - Les Bridgets","isPartOf":{"@id":"https:\/\/www.lesbridgets.com\/#website"},"primaryImageOfPage":{"@id":"https:\/\/www.lesbridgets.com\/index.php\/nouveaute\/on-aidait-toutes-femmes-invisibles-paris.html#primaryimage"},"image":{"@id":"https:\/\/www.lesbridgets.com\/index.php\/nouveaute\/on-aidait-toutes-femmes-invisibles-paris.html#primaryimage"},"thumbnailUrl":"https:\/\/www.lesbridgets.com\/wp-content\/uploads\/2017\/12\/Et-tout-le-monde-sen-fout-samu-social.png","datePublished":"2017-12-05T22:00:11+00:00","dateModified":"2021-10-18T08:58:13+00:00","breadcrumb":{"@id":"https:\/\/www.lesbridgets.com\/index.php\/nouveaute\/on-aidait-toutes-femmes-invisibles-paris.html#breadcrumb"},"inLanguage":"fr-FR","potentialAction":[{"@type":"ReadAction","target":["https:\/\/www.lesbridgets.com\/index.php\/nouveaute\/on-aidait-toutes-femmes-invisibles-paris.html"]}]},{"@type":"ImageObject","inLanguage":"fr-FR","@id":"https:\/\/www.lesbridgets.com\/index.php\/nouveaute\/on-aidait-toutes-femmes-invisibles-paris.html#primaryimage","url":"https:\/\/www.lesbridgets.com\/wp-content\/uploads\/2017\/12\/Et-tout-le-monde-sen-fout-samu-social.png","contentUrl":"https:\/\/www.lesbridgets.com\/wp-content\/uploads\/2017\/12\/Et-tout-le-monde-sen-fout-samu-social.png","width":750,"height":427},{"@type":"BreadcrumbList","@id":"https:\/\/www.lesbridgets.com\/index.php\/nouveaute\/on-aidait-toutes-femmes-invisibles-paris.html#breadcrumb","itemListElement":[{"@type":"ListItem","position":1,"name":"Les Bridgets","item":"https:\/\/www.lesbridgets.com\/"},{"@type":"ListItem","position":2,"name":"Actu","item":"https:\/\/www.lesbridgets.com\/index.php\/category\/nouveaute"},{"@type":"ListItem","position":3,"name":"Et si on aidait toutes ces femmes invisibles dans Paris ?"}]},{"@type":"WebSite","@id":"https:\/\/www.lesbridgets.com\/#website","url":"https:\/\/www.lesbridgets.com\/","name":"Les Bridgets","description":"R\u00e9f\u00e9rences et r\u00e9flexions sur nos relations","publisher":{"@id":"https:\/\/www.lesbridgets.com\/#organization"},"potentialAction":[{"@type":"SearchAction","target":{"@type":"EntryPoint","urlTemplate":"https:\/\/www.lesbridgets.com\/?s={search_term_string}"},"query-input":{"@type":"PropertyValueSpecification","valueRequired":true,"valueName":"search_term_string"}}],"inLanguage":"fr-FR"},{"@type":"Organization","@id":"https:\/\/www.lesbridgets.com\/#organization","name":"Les Bridgets","url":"https:\/\/www.lesbridgets.com\/","logo":{"@type":"ImageObject","inLanguage":"fr-FR","@id":"https:\/\/www.lesbridgets.com\/#\/schema\/logo\/image\/","url":"https:\/\/www.lesbridgets.com\/wp-content\/uploads\/2022\/07\/cropped-logo-3-lesbridgets.png","contentUrl":"https:\/\/www.lesbridgets.com\/wp-content\/uploads\/2022\/07\/cropped-logo-3-lesbridgets.png","width":251,"height":59,"caption":"Les Bridgets"},"image":{"@id":"https:\/\/www.lesbridgets.com\/#\/schema\/logo\/image\/"},"sameAs":["https:\/\/www.facebook.com\/Les.Bridgets","https:\/\/x.com\/les_bridgets"]},{"@type":"Person","@id":"https:\/\/www.lesbridgets.com\/#\/schema\/person\/82a31c27ae0ddd23ee59e1e2ac5713ba","name":"Bridget","image":{"@type":"ImageObject","inLanguage":"fr-FR","@id":"https:\/\/secure.gravatar.com\/avatar\/7295cbdcf0cdf58bc2d250d0abac0622f7e9f13e4d6b98e0404f82bf994e0a55?s=96&d=mm&r=g","url":"https:\/\/secure.gravatar.com\/avatar\/7295cbdcf0cdf58bc2d250d0abac0622f7e9f13e4d6b98e0404f82bf994e0a55?s=96&d=mm&r=g","contentUrl":"https:\/\/secure.gravatar.com\/avatar\/7295cbdcf0cdf58bc2d250d0abac0622f7e9f13e4d6b98e0404f82bf994e0a55?s=96&d=mm&r=g","caption":"Bridget"}}]}},"modified_by":"Bridget","_links":{"self":[{"href":"https:\/\/www.lesbridgets.com\/index.php\/wp-json\/wp\/v2\/posts\/242390","targetHints":{"allow":["GET"]}}],"collection":[{"href":"https:\/\/www.lesbridgets.com\/index.php\/wp-json\/wp\/v2\/posts"}],"about":[{"href":"https:\/\/www.lesbridgets.com\/index.php\/wp-json\/wp\/v2\/types\/post"}],"author":[{"embeddable":true,"href":"https:\/\/www.lesbridgets.com\/index.php\/wp-json\/wp\/v2\/users\/2"}],"replies":[{"embeddable":true,"href":"https:\/\/www.lesbridgets.com\/index.php\/wp-json\/wp\/v2\/comments?post=242390"}],"version-history":[{"count":13,"href":"https:\/\/www.lesbridgets.com\/index.php\/wp-json\/wp\/v2\/posts\/242390\/revisions"}],"predecessor-version":[{"id":255207,"href":"https:\/\/www.lesbridgets.com\/index.php\/wp-json\/wp\/v2\/posts\/242390\/revisions\/255207"}],"wp:featuredmedia":[{"embeddable":true,"href":"https:\/\/www.lesbridgets.com\/index.php\/wp-json\/wp\/v2\/media\/242391"}],"wp:attachment":[{"href":"https:\/\/www.lesbridgets.com\/index.php\/wp-json\/wp\/v2\/media?parent=242390"}],"wp:term":[{"taxonomy":"category","embeddable":true,"href":"https:\/\/www.lesbridgets.com\/index.php\/wp-json\/wp\/v2\/categories?post=242390"},{"taxonomy":"post_tag","embeddable":true,"href":"https:\/\/www.lesbridgets.com\/index.php\/wp-json\/wp\/v2\/tags?post=242390"}],"curies":[{"name":"wp","href":"https:\/\/api.w.org\/{rel}","templated":true}]}}