{"id":2222,"date":"2017-06-05T19:24:57","date_gmt":"2017-06-05T17:24:57","guid":{"rendered":"http:\/\/lesbridg.cluster015.ovh.net\/wordpress\/index.php\/vivre-a-deux-en-couple-le-quotidien\/temoignage-pourquoi-je-ne-veux-pas-d-enfant.html"},"modified":"2019-03-01T11:29:55","modified_gmt":"2019-03-01T10:29:55","slug":"temoignage-pourquoi-je-ne-veux-pas-d-enfant","status":"publish","type":"post","link":"https:\/\/www.lesbridgets.com\/index.php\/conseils-relations\/vivre-a-deux-en-couple-le-quotidien\/temoignage-pourquoi-je-ne-veux-pas-d-enfant.html","title":{"rendered":"T\u00e9moignage : pourquoi je ne veux pas d&rsquo;enfant"},"content":{"rendered":"<p>Il y a d\u00e9j\u00e0 quelques ann\u00e9es on abordait le sujet de <a href=\"https:\/\/www.lesbridgets.com\/index.php\/Celibat-Etre-celibataire-vivre-seule\/Quand-l-horloge-biologique-vous-rappelle-a-l-ordre.html\" target=\"_blank\" rel=\"alternate noopener noreferrer\">l&rsquo;horloge biologique ce moment o\u00f9 nous n&rsquo;avons plus le choix<\/a> si nous voulons un enfant (naturellement). Nous avons \u00e9galement interview\u00e9 <a href=\"https:\/\/www.lesbridgets.com\/index.php\/Celibat-Etre-celibataire-vivre-seule\/Faire-un-bebe-toute-seule-le-temoignage-de-Deborah-33-ans.html\" target=\"_blank\" rel=\"alternate noopener noreferrer\">D\u00e9borah qui avaient un d\u00e9sir puissant d&rsquo;avoir des enfants et qui en a fait deux toute seule<\/a>. Alors il \u00e9tait temps de donner la parole \u00e0 celles qui n&rsquo;en veulent pas, qui font ce choix m\u00fbrement r\u00e9fl\u00e9chi.<br \/>\nElles sont <a href=\"https:\/\/www.consoglobe.com\/europe-la-proportion-de-femmes-sans-enfant-en-hausse-cg\" target=\"_blank\" rel=\"alternate noopener noreferrer\">seulement 3% des femmes en France \u00e0 faire le choix de ne pas vouloir d&rsquo;enfant<\/a>.<\/p>\n<h1>On a crois\u00e9 r\u00e9cemment Aline qui est en couple depuis 20 ans avec son mari et qui a d\u00e9cid\u00e9 avec lui de ne pas avoir d&rsquo;enfant.<\/h1>\n<p style=\"text-align: left;\">Elle nous explique : Quand elle a su qu&rsquo;elle n&rsquo;en voudrait pas &#8211; Quand elle en a parl\u00e9 avec son mari &#8211; Et plein d&rsquo;autres sujets parce qu&rsquo;on a parl\u00e9 plus de 48min\u00a0avec elle .<\/p>\n<p>(d\u00e9sol\u00e9e pour le son au d\u00e9but de l&rsquo;interview on n&rsquo;en fera plus sans micro)<\/p>\n<p style=\"text-align: center;\"><iframe loading=\"lazy\" src=\"https:\/\/www.youtube.com\/embed\/DIQ2jtgsvAs\" width=\"750\" height=\"422\" frameborder=\"0\" allowfullscreen=\"allowfullscreen\"><\/iframe><\/p>\n<h1>Dans le m\u00eame sujet, nous vous invitons\u00a0\u00e0 regarder ces t\u00e9moignages de femmes qu\u00e9b\u00e9coises qui ont chacune des raisons diff\u00e9rentes de ne pas avoir d&rsquo;enfant.<\/h1>\n<p style=\"text-align: center;\"><iframe loading=\"lazy\" src=\"https:\/\/www.youtube.com\/embed\/tG86I-oV5X0\" width=\"750\" height=\"422\" frameborder=\"0\" allowfullscreen=\"allowfullscreen\"><\/iframe><\/p>\n<h1>Dernier interview de Anne Charlotte c\u00e9libataire et qui sait qu&rsquo;elle ne veut pas d&rsquo;enfant depuis ses 14 ans<\/h1>\n<p style=\"text-align: center;\"><iframe loading=\"lazy\" src=\"https:\/\/www.youtube.com\/embed\/68kHSygbbIs\" width=\"560\" height=\"315\" frameborder=\"0\" allowfullscreen=\"allowfullscreen\"><\/iframe><\/p>\n<h1 style=\"text-align: left;\">Elles sont plusieurs femmes c\u00e9l\u00e8bres \u00e0 avoir fait le choix de ne pas avoir d&rsquo;enfant, parmi elles :<\/h1>\n<p style=\"text-align: center;\">Val\u00e9rie Lemercier<br \/>\nB\u00e9atrice Dalle<br \/>\nJennifer Aniston<br \/>\nArielle Dombasle<br \/>\nOprah Winfrey<br \/>\nLiane Foly<br \/>\nRen\u00e9e Zellweger<br \/>\nJacqueline Bisset<br \/>\nHelen Mirren<\/p>\n<p style=\"text-align: center;\"><a href=\"https:\/\/www.lesbridgets.com\/index.php\/news-couple-celibataire\/10-femmes-celebres-qui-nont-pas-eu-denfant.html\" target=\"_blank\" rel=\"noopener noreferrer\">Voir la liste compl\u00e8te<\/a><\/p>\n<p>Merci \u00e0 l&rsquo;arriv\u00e9e des\u00a0diff\u00e9rents moyens de contraception qui ont permis de d\u00e9cider ce que nous voulions de notre destin.<\/p>\n<p>Si vous cherchez d&rsquo;autres arguments pour ne pas avoir d&rsquo;enfants, voici un livre int\u00e9ressant :<\/p>\n<p style=\"text-align: center;\"><iframe loading=\"lazy\" style=\"width: 120px; height: 240px;\" src=\"\/\/ws-eu.amazon-adsystem.com\/widgets\/q?ServiceVersion=20070822&amp;OneJS=1&amp;Operation=GetAdHtml&amp;MarketPlace=FR&amp;source=ac&amp;ref=qf_sp_asin_til&amp;ad_type=product_link&amp;tracking_id=lesbricomcomp-21&amp;marketplace=amazon&amp;region=FR&amp;placement=2290007536&amp;asins=2290007536&amp;linkId=9fddceab751d7bdf2a26d3d5f45404eb&amp;show_border=true&amp;link_opens_in_new_window=true&amp;price_color=333333&amp;title_color=c00076&amp;bg_color=ffffff\" width=\"300\" height=\"150\" frameborder=\"0\" marginwidth=\"0\" marginheight=\"0\" scrolling=\"no\"><br \/>\n<\/iframe><\/p>\n","protected":false},"excerpt":{"rendered":"<p>Il y a d\u00e9j\u00e0 quelques ann\u00e9es on abordait le sujet de <a href=\"https:\/\/www.lesbridgets.com\/index.php\/Celibat-Etre-celibataire-vivre-seule\/Quand-l-horloge-biologique-vous-rappelle-a-l-ordre.html\" target=\"_blank\" rel=\"alternate noopener noreferrer\">l&rsquo;horloge biologique ce moment o\u00f9 nous n&rsquo;avons plus le choix<\/a> si nous voulons un enfant (naturellement). Nous avons \u00e9galement interview\u00e9 <a href=\"https:\/\/www.lesbridgets.com\/index.php\/Celibat-Etre-celibataire-vivre-seule\/Faire-un-bebe-toute-seule-le-temoignage-de-Deborah-33-ans.html\" target=\"_blank\" rel=\"alternate noopener noreferrer\">D\u00e9borah qui avaient un d\u00e9sir puissant d&rsquo;avoir des enfants et qui en a fait deux toute seule<\/a>. Alors il \u00e9tait temps de donner la parole \u00e0 celles qui n&rsquo;en veulent pas, qui font ce choix m\u00fbrement r\u00e9fl\u00e9chi.<br \/>Elles sont <a href=\"https:\/\/www.consoglobe.com\/europe-la-proportion-de-femmes-sans-enfant-en-hausse-cg\" target=\"_blank\" rel=\"alternate noopener noreferrer\">seulement 3% des femmes en France \u00e0 faire le choix de ne pas vouloir d&rsquo;enfant<\/a>.<\/p>\n","protected":false},"author":2,"featured_media":2221,"comment_status":"open","ping_status":"open","sticky":false,"template":"","format":"standard","meta":{"_bbp_topic_count":0,"_bbp_reply_count":0,"_bbp_total_topic_count":0,"_bbp_total_reply_count":0,"_bbp_voice_count":0,"_bbp_anonymous_reply_count":0,"_bbp_topic_count_hidden":0,"_bbp_reply_count_hidden":0,"_bbp_forum_subforum_count":0,"om_disable_all_campaigns":false,"_lmt_disableupdate":"","_lmt_disable":"","_monsterinsights_skip_tracking":false,"_monsterinsights_sitenote_active":false,"_monsterinsights_sitenote_note":"","_monsterinsights_sitenote_category":0,"_uf_show_specific_survey":0,"_uf_disable_surveys":false,"footnotes":""},"categories":[6],"tags":[97,703,415],"class_list":["post-2222","post","type-post","status-publish","format-standard","has-post-thumbnail","hentry","category-vivre-a-deux-en-couple-le-quotidien","tag-avoir-des-enfants","tag-couple","tag-grossesse"],"yoast_head":"<!-- This site is optimized with the Yoast SEO plugin v27.4 - https:\/\/yoast.com\/product\/yoast-seo-wordpress\/ -->\n<title>T\u00e9moignage : pourquoi je ne veux pas d&#039;enfant - Les Bridgets<\/title>\n<meta name=\"description\" content=\"Aline est en couple depuis 20 ans avec son mari et qui a d\u00e9cid\u00e9 avec lui de ne pas avoir d&#039;enfant. Elle nous explique : Quand elle a su qu&#039;elle n&#039;en voudrait pas - Quand elle en a parl\u00e9 avec son mari - Et plein d&#039;autres sujets parce qu&#039;on a parl\u00e9 plus de 48min\u00a0avec elle .\" \/>\n<meta name=\"robots\" content=\"index, follow, max-snippet:-1, max-image-preview:large, max-video-preview:-1\" \/>\n<link rel=\"canonical\" href=\"https:\/\/www.lesbridgets.com\/index.php\/conseils-relations\/vivre-a-deux-en-couple-le-quotidien\/temoignage-pourquoi-je-ne-veux-pas-d-enfant.html\" \/>\n<meta property=\"og:locale\" content=\"fr_FR\" \/>\n<meta property=\"og:type\" content=\"article\" \/>\n<meta property=\"og:title\" content=\"T\u00e9moignage : pourquoi je ne veux pas d&#039;enfant - Les Bridgets\" \/>\n<meta property=\"og:description\" content=\"Aline est en couple depuis 20 ans avec son mari et qui a d\u00e9cid\u00e9 avec lui de ne pas avoir d&#039;enfant. Elle nous explique : Quand elle a su qu&#039;elle n&#039;en voudrait pas - Quand elle en a parl\u00e9 avec son mari - Et plein d&#039;autres sujets parce qu&#039;on a parl\u00e9 plus de 48min\u00a0avec elle .\" \/>\n<meta property=\"og:url\" content=\"https:\/\/www.lesbridgets.com\/index.php\/conseils-relations\/vivre-a-deux-en-couple-le-quotidien\/temoignage-pourquoi-je-ne-veux-pas-d-enfant.html\" \/>\n<meta property=\"og:site_name\" content=\"Les Bridgets\" \/>\n<meta property=\"article:publisher\" content=\"https:\/\/www.facebook.com\/Les.Bridgets\" \/>\n<meta property=\"article:published_time\" content=\"2017-06-05T17:24:57+00:00\" \/>\n<meta property=\"article:modified_time\" content=\"2019-03-01T10:29:55+00:00\" \/>\n<meta property=\"og:image\" content=\"https:\/\/www.lesbridgets.com\/wp-content\/uploads\/2017\/06\/je-ne-veux-pas-enfant.png\" \/>\n\t<meta property=\"og:image:width\" content=\"750\" \/>\n\t<meta property=\"og:image:height\" content=\"422\" \/>\n\t<meta property=\"og:image:type\" content=\"image\/png\" \/>\n<meta name=\"author\" content=\"Bridget\" \/>\n<meta name=\"twitter:card\" content=\"summary_large_image\" \/>\n<meta name=\"twitter:creator\" content=\"@les_bridgets\" \/>\n<meta name=\"twitter:site\" content=\"@les_bridgets\" \/>\n<meta name=\"twitter:label1\" content=\"\u00c9crit par\" \/>\n\t<meta name=\"twitter:data1\" content=\"Bridget\" \/>\n\t<meta name=\"twitter:label2\" content=\"Dur\u00e9e de lecture estim\u00e9e\" \/>\n\t<meta name=\"twitter:data2\" content=\"1 minute\" \/>\n<script type=\"application\/ld+json\" class=\"yoast-schema-graph\">{\"@context\":\"https:\\\/\\\/schema.org\",\"@graph\":[{\"@type\":\"Article\",\"@id\":\"https:\\\/\\\/www.lesbridgets.com\\\/index.php\\\/conseils-relations\\\/vivre-a-deux-en-couple-le-quotidien\\\/temoignage-pourquoi-je-ne-veux-pas-d-enfant.html#article\",\"isPartOf\":{\"@id\":\"https:\\\/\\\/www.lesbridgets.com\\\/index.php\\\/conseils-relations\\\/vivre-a-deux-en-couple-le-quotidien\\\/temoignage-pourquoi-je-ne-veux-pas-d-enfant.html\"},\"author\":{\"name\":\"Bridget\",\"@id\":\"https:\\\/\\\/www.lesbridgets.com\\\/#\\\/schema\\\/person\\\/82a31c27ae0ddd23ee59e1e2ac5713ba\"},\"headline\":\"T\u00e9moignage : pourquoi je ne veux pas d&rsquo;enfant\",\"datePublished\":\"2017-06-05T17:24:57+00:00\",\"dateModified\":\"2019-03-01T10:29:55+00:00\",\"mainEntityOfPage\":{\"@id\":\"https:\\\/\\\/www.lesbridgets.com\\\/index.php\\\/conseils-relations\\\/vivre-a-deux-en-couple-le-quotidien\\\/temoignage-pourquoi-je-ne-veux-pas-d-enfant.html\"},\"wordCount\":323,\"commentCount\":2,\"publisher\":{\"@id\":\"https:\\\/\\\/www.lesbridgets.com\\\/#organization\"},\"image\":{\"@id\":\"https:\\\/\\\/www.lesbridgets.com\\\/index.php\\\/conseils-relations\\\/vivre-a-deux-en-couple-le-quotidien\\\/temoignage-pourquoi-je-ne-veux-pas-d-enfant.html#primaryimage\"},\"thumbnailUrl\":\"https:\\\/\\\/www.lesbridgets.com\\\/wp-content\\\/uploads\\\/2017\\\/06\\\/je-ne-veux-pas-enfant.png\",\"keywords\":[\"avoir des enfants\",\"couple\",\"grossesse\"],\"articleSection\":[\"Vivre en couple\"],\"inLanguage\":\"fr-FR\",\"potentialAction\":[{\"@type\":\"CommentAction\",\"name\":\"Comment\",\"target\":[\"https:\\\/\\\/www.lesbridgets.com\\\/index.php\\\/conseils-relations\\\/vivre-a-deux-en-couple-le-quotidien\\\/temoignage-pourquoi-je-ne-veux-pas-d-enfant.html#respond\"]}]},{\"@type\":\"WebPage\",\"@id\":\"https:\\\/\\\/www.lesbridgets.com\\\/index.php\\\/conseils-relations\\\/vivre-a-deux-en-couple-le-quotidien\\\/temoignage-pourquoi-je-ne-veux-pas-d-enfant.html\",\"url\":\"https:\\\/\\\/www.lesbridgets.com\\\/index.php\\\/conseils-relations\\\/vivre-a-deux-en-couple-le-quotidien\\\/temoignage-pourquoi-je-ne-veux-pas-d-enfant.html\",\"name\":\"T\u00e9moignage : pourquoi je ne veux pas d'enfant - Les Bridgets\",\"isPartOf\":{\"@id\":\"https:\\\/\\\/www.lesbridgets.com\\\/#website\"},\"primaryImageOfPage\":{\"@id\":\"https:\\\/\\\/www.lesbridgets.com\\\/index.php\\\/conseils-relations\\\/vivre-a-deux-en-couple-le-quotidien\\\/temoignage-pourquoi-je-ne-veux-pas-d-enfant.html#primaryimage\"},\"image\":{\"@id\":\"https:\\\/\\\/www.lesbridgets.com\\\/index.php\\\/conseils-relations\\\/vivre-a-deux-en-couple-le-quotidien\\\/temoignage-pourquoi-je-ne-veux-pas-d-enfant.html#primaryimage\"},\"thumbnailUrl\":\"https:\\\/\\\/www.lesbridgets.com\\\/wp-content\\\/uploads\\\/2017\\\/06\\\/je-ne-veux-pas-enfant.png\",\"datePublished\":\"2017-06-05T17:24:57+00:00\",\"dateModified\":\"2019-03-01T10:29:55+00:00\",\"description\":\"Aline est en couple depuis 20 ans avec son mari et qui a d\u00e9cid\u00e9 avec lui de ne pas avoir d'enfant. Elle nous explique : Quand elle a su qu'elle n'en voudrait pas - Quand elle en a parl\u00e9 avec son mari - Et plein d'autres sujets parce qu'on a parl\u00e9 plus de 48min\u00a0avec elle .\",\"breadcrumb\":{\"@id\":\"https:\\\/\\\/www.lesbridgets.com\\\/index.php\\\/conseils-relations\\\/vivre-a-deux-en-couple-le-quotidien\\\/temoignage-pourquoi-je-ne-veux-pas-d-enfant.html#breadcrumb\"},\"inLanguage\":\"fr-FR\",\"potentialAction\":[{\"@type\":\"ReadAction\",\"target\":[\"https:\\\/\\\/www.lesbridgets.com\\\/index.php\\\/conseils-relations\\\/vivre-a-deux-en-couple-le-quotidien\\\/temoignage-pourquoi-je-ne-veux-pas-d-enfant.html\"]}]},{\"@type\":\"ImageObject\",\"inLanguage\":\"fr-FR\",\"@id\":\"https:\\\/\\\/www.lesbridgets.com\\\/index.php\\\/conseils-relations\\\/vivre-a-deux-en-couple-le-quotidien\\\/temoignage-pourquoi-je-ne-veux-pas-d-enfant.html#primaryimage\",\"url\":\"https:\\\/\\\/www.lesbridgets.com\\\/wp-content\\\/uploads\\\/2017\\\/06\\\/je-ne-veux-pas-enfant.png\",\"contentUrl\":\"https:\\\/\\\/www.lesbridgets.com\\\/wp-content\\\/uploads\\\/2017\\\/06\\\/je-ne-veux-pas-enfant.png\",\"width\":750,\"height\":422},{\"@type\":\"BreadcrumbList\",\"@id\":\"https:\\\/\\\/www.lesbridgets.com\\\/index.php\\\/conseils-relations\\\/vivre-a-deux-en-couple-le-quotidien\\\/temoignage-pourquoi-je-ne-veux-pas-d-enfant.html#breadcrumb\",\"itemListElement\":[{\"@type\":\"ListItem\",\"position\":1,\"name\":\"Les Bridgets\",\"item\":\"https:\\\/\\\/www.lesbridgets.com\\\/\"},{\"@type\":\"ListItem\",\"position\":2,\"name\":\"Conseils sur l'amour, le couple &amp; les c\u00e9libataires\",\"item\":\"https:\\\/\\\/www.lesbridgets.com\\\/index.php\\\/category\\\/conseils-relations\"},{\"@type\":\"ListItem\",\"position\":3,\"name\":\"Vivre en couple\",\"item\":\"https:\\\/\\\/www.lesbridgets.com\\\/index.php\\\/category\\\/conseils-relations\\\/vivre-a-deux-en-couple-le-quotidien\"},{\"@type\":\"ListItem\",\"position\":4,\"name\":\"T\u00e9moignage : pourquoi je ne veux pas d&rsquo;enfant\"}]},{\"@type\":\"WebSite\",\"@id\":\"https:\\\/\\\/www.lesbridgets.com\\\/#website\",\"url\":\"https:\\\/\\\/www.lesbridgets.com\\\/\",\"name\":\"Les Bridgets\",\"description\":\"R\u00e9f\u00e9rences et r\u00e9flexions sur nos relations\",\"publisher\":{\"@id\":\"https:\\\/\\\/www.lesbridgets.com\\\/#organization\"},\"potentialAction\":[{\"@type\":\"SearchAction\",\"target\":{\"@type\":\"EntryPoint\",\"urlTemplate\":\"https:\\\/\\\/www.lesbridgets.com\\\/?s={search_term_string}\"},\"query-input\":{\"@type\":\"PropertyValueSpecification\",\"valueRequired\":true,\"valueName\":\"search_term_string\"}}],\"inLanguage\":\"fr-FR\"},{\"@type\":\"Organization\",\"@id\":\"https:\\\/\\\/www.lesbridgets.com\\\/#organization\",\"name\":\"Les Bridgets\",\"url\":\"https:\\\/\\\/www.lesbridgets.com\\\/\",\"logo\":{\"@type\":\"ImageObject\",\"inLanguage\":\"fr-FR\",\"@id\":\"https:\\\/\\\/www.lesbridgets.com\\\/#\\\/schema\\\/logo\\\/image\\\/\",\"url\":\"https:\\\/\\\/www.lesbridgets.com\\\/wp-content\\\/uploads\\\/2022\\\/07\\\/cropped-logo-3-lesbridgets.png\",\"contentUrl\":\"https:\\\/\\\/www.lesbridgets.com\\\/wp-content\\\/uploads\\\/2022\\\/07\\\/cropped-logo-3-lesbridgets.png\",\"width\":251,\"height\":59,\"caption\":\"Les Bridgets\"},\"image\":{\"@id\":\"https:\\\/\\\/www.lesbridgets.com\\\/#\\\/schema\\\/logo\\\/image\\\/\"},\"sameAs\":[\"https:\\\/\\\/www.facebook.com\\\/Les.Bridgets\",\"https:\\\/\\\/x.com\\\/les_bridgets\"]},{\"@type\":\"Person\",\"@id\":\"https:\\\/\\\/www.lesbridgets.com\\\/#\\\/schema\\\/person\\\/82a31c27ae0ddd23ee59e1e2ac5713ba\",\"name\":\"Bridget\",\"image\":{\"@type\":\"ImageObject\",\"inLanguage\":\"fr-FR\",\"@id\":\"https:\\\/\\\/secure.gravatar.com\\\/avatar\\\/7295cbdcf0cdf58bc2d250d0abac0622f7e9f13e4d6b98e0404f82bf994e0a55?s=96&d=mm&r=g\",\"url\":\"https:\\\/\\\/secure.gravatar.com\\\/avatar\\\/7295cbdcf0cdf58bc2d250d0abac0622f7e9f13e4d6b98e0404f82bf994e0a55?s=96&d=mm&r=g\",\"contentUrl\":\"https:\\\/\\\/secure.gravatar.com\\\/avatar\\\/7295cbdcf0cdf58bc2d250d0abac0622f7e9f13e4d6b98e0404f82bf994e0a55?s=96&d=mm&r=g\",\"caption\":\"Bridget\"}}]}<\/script>\n<!-- \/ Yoast SEO plugin. -->","yoast_head_json":{"title":"T\u00e9moignage : pourquoi je ne veux pas d'enfant - Les Bridgets","description":"Aline est en couple depuis 20 ans avec son mari et qui a d\u00e9cid\u00e9 avec lui de ne pas avoir d'enfant. Elle nous explique : Quand elle a su qu'elle n'en voudrait pas - Quand elle en a parl\u00e9 avec son mari - Et plein d'autres sujets parce qu'on a parl\u00e9 plus de 48min\u00a0avec elle .","robots":{"index":"index","follow":"follow","max-snippet":"max-snippet:-1","max-image-preview":"max-image-preview:large","max-video-preview":"max-video-preview:-1"},"canonical":"https:\/\/www.lesbridgets.com\/index.php\/conseils-relations\/vivre-a-deux-en-couple-le-quotidien\/temoignage-pourquoi-je-ne-veux-pas-d-enfant.html","og_locale":"fr_FR","og_type":"article","og_title":"T\u00e9moignage : pourquoi je ne veux pas d'enfant - Les Bridgets","og_description":"Aline est en couple depuis 20 ans avec son mari et qui a d\u00e9cid\u00e9 avec lui de ne pas avoir d'enfant. Elle nous explique : Quand elle a su qu'elle n'en voudrait pas - Quand elle en a parl\u00e9 avec son mari - Et plein d'autres sujets parce qu'on a parl\u00e9 plus de 48min\u00a0avec elle .","og_url":"https:\/\/www.lesbridgets.com\/index.php\/conseils-relations\/vivre-a-deux-en-couple-le-quotidien\/temoignage-pourquoi-je-ne-veux-pas-d-enfant.html","og_site_name":"Les Bridgets","article_publisher":"https:\/\/www.facebook.com\/Les.Bridgets","article_published_time":"2017-06-05T17:24:57+00:00","article_modified_time":"2019-03-01T10:29:55+00:00","og_image":[{"width":750,"height":422,"url":"https:\/\/www.lesbridgets.com\/wp-content\/uploads\/2017\/06\/je-ne-veux-pas-enfant.png","type":"image\/png"}],"author":"Bridget","twitter_card":"summary_large_image","twitter_creator":"@les_bridgets","twitter_site":"@les_bridgets","twitter_misc":{"\u00c9crit par":"Bridget","Dur\u00e9e de lecture estim\u00e9e":"1 minute"},"schema":{"@context":"https:\/\/schema.org","@graph":[{"@type":"Article","@id":"https:\/\/www.lesbridgets.com\/index.php\/conseils-relations\/vivre-a-deux-en-couple-le-quotidien\/temoignage-pourquoi-je-ne-veux-pas-d-enfant.html#article","isPartOf":{"@id":"https:\/\/www.lesbridgets.com\/index.php\/conseils-relations\/vivre-a-deux-en-couple-le-quotidien\/temoignage-pourquoi-je-ne-veux-pas-d-enfant.html"},"author":{"name":"Bridget","@id":"https:\/\/www.lesbridgets.com\/#\/schema\/person\/82a31c27ae0ddd23ee59e1e2ac5713ba"},"headline":"T\u00e9moignage : pourquoi je ne veux pas d&rsquo;enfant","datePublished":"2017-06-05T17:24:57+00:00","dateModified":"2019-03-01T10:29:55+00:00","mainEntityOfPage":{"@id":"https:\/\/www.lesbridgets.com\/index.php\/conseils-relations\/vivre-a-deux-en-couple-le-quotidien\/temoignage-pourquoi-je-ne-veux-pas-d-enfant.html"},"wordCount":323,"commentCount":2,"publisher":{"@id":"https:\/\/www.lesbridgets.com\/#organization"},"image":{"@id":"https:\/\/www.lesbridgets.com\/index.php\/conseils-relations\/vivre-a-deux-en-couple-le-quotidien\/temoignage-pourquoi-je-ne-veux-pas-d-enfant.html#primaryimage"},"thumbnailUrl":"https:\/\/www.lesbridgets.com\/wp-content\/uploads\/2017\/06\/je-ne-veux-pas-enfant.png","keywords":["avoir des enfants","couple","grossesse"],"articleSection":["Vivre en couple"],"inLanguage":"fr-FR","potentialAction":[{"@type":"CommentAction","name":"Comment","target":["https:\/\/www.lesbridgets.com\/index.php\/conseils-relations\/vivre-a-deux-en-couple-le-quotidien\/temoignage-pourquoi-je-ne-veux-pas-d-enfant.html#respond"]}]},{"@type":"WebPage","@id":"https:\/\/www.lesbridgets.com\/index.php\/conseils-relations\/vivre-a-deux-en-couple-le-quotidien\/temoignage-pourquoi-je-ne-veux-pas-d-enfant.html","url":"https:\/\/www.lesbridgets.com\/index.php\/conseils-relations\/vivre-a-deux-en-couple-le-quotidien\/temoignage-pourquoi-je-ne-veux-pas-d-enfant.html","name":"T\u00e9moignage : pourquoi je ne veux pas d'enfant - Les Bridgets","isPartOf":{"@id":"https:\/\/www.lesbridgets.com\/#website"},"primaryImageOfPage":{"@id":"https:\/\/www.lesbridgets.com\/index.php\/conseils-relations\/vivre-a-deux-en-couple-le-quotidien\/temoignage-pourquoi-je-ne-veux-pas-d-enfant.html#primaryimage"},"image":{"@id":"https:\/\/www.lesbridgets.com\/index.php\/conseils-relations\/vivre-a-deux-en-couple-le-quotidien\/temoignage-pourquoi-je-ne-veux-pas-d-enfant.html#primaryimage"},"thumbnailUrl":"https:\/\/www.lesbridgets.com\/wp-content\/uploads\/2017\/06\/je-ne-veux-pas-enfant.png","datePublished":"2017-06-05T17:24:57+00:00","dateModified":"2019-03-01T10:29:55+00:00","description":"Aline est en couple depuis 20 ans avec son mari et qui a d\u00e9cid\u00e9 avec lui de ne pas avoir d'enfant. Elle nous explique : Quand elle a su qu'elle n'en voudrait pas - Quand elle en a parl\u00e9 avec son mari - Et plein d'autres sujets parce qu'on a parl\u00e9 plus de 48min\u00a0avec elle .","breadcrumb":{"@id":"https:\/\/www.lesbridgets.com\/index.php\/conseils-relations\/vivre-a-deux-en-couple-le-quotidien\/temoignage-pourquoi-je-ne-veux-pas-d-enfant.html#breadcrumb"},"inLanguage":"fr-FR","potentialAction":[{"@type":"ReadAction","target":["https:\/\/www.lesbridgets.com\/index.php\/conseils-relations\/vivre-a-deux-en-couple-le-quotidien\/temoignage-pourquoi-je-ne-veux-pas-d-enfant.html"]}]},{"@type":"ImageObject","inLanguage":"fr-FR","@id":"https:\/\/www.lesbridgets.com\/index.php\/conseils-relations\/vivre-a-deux-en-couple-le-quotidien\/temoignage-pourquoi-je-ne-veux-pas-d-enfant.html#primaryimage","url":"https:\/\/www.lesbridgets.com\/wp-content\/uploads\/2017\/06\/je-ne-veux-pas-enfant.png","contentUrl":"https:\/\/www.lesbridgets.com\/wp-content\/uploads\/2017\/06\/je-ne-veux-pas-enfant.png","width":750,"height":422},{"@type":"BreadcrumbList","@id":"https:\/\/www.lesbridgets.com\/index.php\/conseils-relations\/vivre-a-deux-en-couple-le-quotidien\/temoignage-pourquoi-je-ne-veux-pas-d-enfant.html#breadcrumb","itemListElement":[{"@type":"ListItem","position":1,"name":"Les Bridgets","item":"https:\/\/www.lesbridgets.com\/"},{"@type":"ListItem","position":2,"name":"Conseils sur l'amour, le couple &amp; les c\u00e9libataires","item":"https:\/\/www.lesbridgets.com\/index.php\/category\/conseils-relations"},{"@type":"ListItem","position":3,"name":"Vivre en couple","item":"https:\/\/www.lesbridgets.com\/index.php\/category\/conseils-relations\/vivre-a-deux-en-couple-le-quotidien"},{"@type":"ListItem","position":4,"name":"T\u00e9moignage : pourquoi je ne veux pas d&rsquo;enfant"}]},{"@type":"WebSite","@id":"https:\/\/www.lesbridgets.com\/#website","url":"https:\/\/www.lesbridgets.com\/","name":"Les Bridgets","description":"R\u00e9f\u00e9rences et r\u00e9flexions sur nos relations","publisher":{"@id":"https:\/\/www.lesbridgets.com\/#organization"},"potentialAction":[{"@type":"SearchAction","target":{"@type":"EntryPoint","urlTemplate":"https:\/\/www.lesbridgets.com\/?s={search_term_string}"},"query-input":{"@type":"PropertyValueSpecification","valueRequired":true,"valueName":"search_term_string"}}],"inLanguage":"fr-FR"},{"@type":"Organization","@id":"https:\/\/www.lesbridgets.com\/#organization","name":"Les Bridgets","url":"https:\/\/www.lesbridgets.com\/","logo":{"@type":"ImageObject","inLanguage":"fr-FR","@id":"https:\/\/www.lesbridgets.com\/#\/schema\/logo\/image\/","url":"https:\/\/www.lesbridgets.com\/wp-content\/uploads\/2022\/07\/cropped-logo-3-lesbridgets.png","contentUrl":"https:\/\/www.lesbridgets.com\/wp-content\/uploads\/2022\/07\/cropped-logo-3-lesbridgets.png","width":251,"height":59,"caption":"Les Bridgets"},"image":{"@id":"https:\/\/www.lesbridgets.com\/#\/schema\/logo\/image\/"},"sameAs":["https:\/\/www.facebook.com\/Les.Bridgets","https:\/\/x.com\/les_bridgets"]},{"@type":"Person","@id":"https:\/\/www.lesbridgets.com\/#\/schema\/person\/82a31c27ae0ddd23ee59e1e2ac5713ba","name":"Bridget","image":{"@type":"ImageObject","inLanguage":"fr-FR","@id":"https:\/\/secure.gravatar.com\/avatar\/7295cbdcf0cdf58bc2d250d0abac0622f7e9f13e4d6b98e0404f82bf994e0a55?s=96&d=mm&r=g","url":"https:\/\/secure.gravatar.com\/avatar\/7295cbdcf0cdf58bc2d250d0abac0622f7e9f13e4d6b98e0404f82bf994e0a55?s=96&d=mm&r=g","contentUrl":"https:\/\/secure.gravatar.com\/avatar\/7295cbdcf0cdf58bc2d250d0abac0622f7e9f13e4d6b98e0404f82bf994e0a55?s=96&d=mm&r=g","caption":"Bridget"}}]}},"modified_by":"Bridget","_links":{"self":[{"href":"https:\/\/www.lesbridgets.com\/index.php\/wp-json\/wp\/v2\/posts\/2222","targetHints":{"allow":["GET"]}}],"collection":[{"href":"https:\/\/www.lesbridgets.com\/index.php\/wp-json\/wp\/v2\/posts"}],"about":[{"href":"https:\/\/www.lesbridgets.com\/index.php\/wp-json\/wp\/v2\/types\/post"}],"author":[{"embeddable":true,"href":"https:\/\/www.lesbridgets.com\/index.php\/wp-json\/wp\/v2\/users\/2"}],"replies":[{"embeddable":true,"href":"https:\/\/www.lesbridgets.com\/index.php\/wp-json\/wp\/v2\/comments?post=2222"}],"version-history":[{"count":8,"href":"https:\/\/www.lesbridgets.com\/index.php\/wp-json\/wp\/v2\/posts\/2222\/revisions"}],"predecessor-version":[{"id":245639,"href":"https:\/\/www.lesbridgets.com\/index.php\/wp-json\/wp\/v2\/posts\/2222\/revisions\/245639"}],"wp:featuredmedia":[{"embeddable":true,"href":"https:\/\/www.lesbridgets.com\/index.php\/wp-json\/wp\/v2\/media\/2221"}],"wp:attachment":[{"href":"https:\/\/www.lesbridgets.com\/index.php\/wp-json\/wp\/v2\/media?parent=2222"}],"wp:term":[{"taxonomy":"category","embeddable":true,"href":"https:\/\/www.lesbridgets.com\/index.php\/wp-json\/wp\/v2\/categories?post=2222"},{"taxonomy":"post_tag","embeddable":true,"href":"https:\/\/www.lesbridgets.com\/index.php\/wp-json\/wp\/v2\/tags?post=2222"}],"curies":[{"name":"wp","href":"https:\/\/api.w.org\/{rel}","templated":true}]}}