{"id":168,"date":"2007-12-29T18:29:35","date_gmt":"2007-12-29T17:29:35","guid":{"rendered":"http:\/\/lesbridg.cluster015.ovh.net\/wordpress\/index.php\/etude-statistiques-sur-le-couple\/le-modele-de-famille-ideal-2-enfants-de-3-ans-d-ecart.html"},"modified":"2017-08-11T17:47:43","modified_gmt":"2017-08-11T15:47:43","slug":"le-modele-de-famille-ideal-2-enfants-de-3-ans-d-ecart","status":"publish","type":"post","link":"https:\/\/www.lesbridgets.com\/index.php\/statistiques\/etude-statistiques-couple\/le-modele-de-famille-ideal-2-enfants-de-3-ans-d-ecart.html","title":{"rendered":"Le mod\u00e8le de famille id\u00e9al : 2 enfants de 3 ans d&rsquo; \u00e9cart"},"content":{"rendered":"<p>Les cons\u00e9quences de l&rsquo;arriv\u00e9e de la pillule, il y a 40 ans, a permis de faire \u00e9voluer consid\u00e9rablement le mod\u00e8le familiale.Quels moyens de contraceptions sont le plus utilis\u00e9s par les fran\u00e7aises ?\u00a0 la pillule a t-elle baiss\u00e9 le nombre d&rsquo;avortements annuel ?<br \/>\nVoici de nombreuses informations concernant le comportement des femmes face aux naissances.<\/p>\n<p>La famille id\u00e9ale de ce d\u00e9but de mill\u00e9naire : un p\u00e8re, une m\u00e8re et 2 enfants s\u00e9par\u00e9s par un intervalle de 3 ans. Ce mod\u00e8le de famille est en cela l&rsquo;h\u00e9riti\u00e8re de la loi Neuwirth autorisant la pilule contraceptive, promulgu\u00e9e il y a quarante ans, le 28 d\u00e9cembre 1967. (voir article sur l&rsquo;anniversaire de cette loi)<\/p>\n<h2>Une r\u00e9volution pour le mod\u00e8le familial fran\u00e7ais.<\/h2>\n<p>Pas d&rsquo;enfant unique car avoir un fr\u00e8re ou une soeur, c&rsquo;est tr\u00e8s bien. Mais 3, c&rsquo;est vraiment trop compliqu\u00e9 : il faut retrouver un mode de garde, changer de logement, renforcer l&rsquo;organisation pour les vacances.<\/p>\n<h2>Le choix de contraception des fran\u00e7aises, plus de la moiti\u00e9 ont choisi la pillule :<\/h2>\n<p>En 2005, selon l&rsquo;Inpes et l&rsquo;Inserm, parmi les femmes de 15 \u00e0 49 ans qui ne souhaitaient pas \u00eatre enceintes:<\/p>\n<ul>\n<li>57 % faisaient confiance \u00e0 la pilule,<\/li>\n<li>25 % au st\u00e9rilet,<\/li>\n<li>11 % aux pr\u00e9servatifs,<\/li>\n<li>3 % aux m\u00e9thodes locales et naturelles (retrait, abstinence p\u00e9riodique, spermicides),<\/li>\n<li>1,5 % \u00e0 l&rsquo;implant.<\/li>\n<li>2 % \u00e9taient st\u00e9rilis\u00e9es.<\/li>\n<\/ul>\n<h2>Malgr\u00e9 toutes ces possibilit\u00e9s de contraception, le nombre d&rsquo;avortement est encore important :<\/h2>\n<p>Autoris\u00e9 en 1975 par la loi Veil, rembours\u00e9 par la S\u00e9curit\u00e9 sociale depuis 1982, l&rsquo;avortement est pratiqu\u00e9 en France jusqu&rsquo;\u00e0 12 semaines de grossesse. <strong>Malgr\u00e9 la diffusion de la contraception, plus de 200 000 IVG sont enregistr\u00e9es tous les ans. <\/strong><br \/>\nSelon l&rsquo;enqu\u00eate Cocon conduite par l&rsquo;Inserm et l&rsquo;INED, pr\u00e8s de 2 grossesses non pr\u00e9vues sur 3 surviennent chez des femmes sous contraception et 23 % des avortements concernent des femmes qui prennent la pilule.<br \/>\nCes \u00e9checs sont souvent li\u00e9s au fait que le contraceptif n&rsquo;est pas adapt\u00e9 au mode de vie et \u00e0 la sexualit\u00e9 de son utilisatrice.<\/p>\n<h3>Mod\u00e8les Familials : Le nombre d&rsquo;enfants par famille<\/h3>\n<p>Parmi les femmes n\u00e9es en 1960 :<\/p>\n<ul>\n<li>40,1 % ont eu 2 enfants,<\/li>\n<li>21,9 % trois enfants,<\/li>\n<li>17,9 % un enfant,<\/li>\n<li>9,7 % quatre enfants ou plus<\/li>\n<li>et 10,4 % n&rsquo;ont pas eu d&rsquo;enfant.<\/li>\n<\/ul>\n<p>Si l&rsquo;on compare ces chiffres \u00e0 ceux de la g\u00e9n\u00e9ration pr\u00e9c\u00e9dente &#8211; les femmes n\u00e9es en 1930 -, on constate :<\/p>\n<ul>\n<li>une chute notable du nombre de femmes ayant fait des familles nombreuses,<\/li>\n<li>une l\u00e9g\u00e8re diminution du nombre de femmes n&rsquo;ayant pas eu d&rsquo;enfant,<\/li>\n<li>une relative stabilit\u00e9 du nombre de femmes ayant eu 1 ou 3 enfants<\/li>\n<li>et une forte progression du nombre de femmes ayant eu 2 enfants.<\/li>\n<\/ul>\n<p>2 enfants, 3 ans d&rsquo;\u00e9cart, correspond ainsi au mod\u00e8le familial choisi par une part croissante de Fran\u00e7ais. Si l&rsquo;on compare la \u00ab\u00a0descendance finale\u00a0\u00bb des femmes qui avaient 30 ans dans les ann\u00e9es 1960 \u00e0 celle qui avaient le m\u00eame \u00e2ge dans les ann\u00e9es 1990, on constate l&rsquo;irr\u00e9sistible d\u00e9clin des familles nombreuses :<\/p>\n<ul>\n<li>le nombre de femmes ayant eu 4 enfants ou plus passe de 25 % \u00e0 moins de 10 %.<\/li>\n<\/ul>\n<p>En revanche, la famille \u00e0 2 enfants est d\u00e9sormais pl\u00e9biscit\u00e9e :<\/p>\n<ul>\n<li>en 30 ans, la part des couples ayant opt\u00e9 pour ce mod\u00e8le passe de 25 % \u00e0 plus de 40 %.<\/li>\n<\/ul>\n<p>Avec la contraception, les \u00e9carts entre les enfants se sont, eux aussi, standardis\u00e9s.<\/p>\n<p>Aujourd&rsquo;hui, la moiti\u00e9 des secondes naissances, au sein d&rsquo;une m\u00eame union, surviennent dans les 3 ans qui suivent la premi\u00e8re.<br \/>\nEn revanche, les enfants tr\u00e8s rapproch\u00e9s sont devenus rares : dans les ann\u00e9es 1990, seulement 6 % des secondes naissances survenaient au cours de l&rsquo;ann\u00e9e qui suivait la 1\u00e8re, contre 20 % dans les ann\u00e9es 1960.<\/p>\n<p>40 ans apr\u00e8s la promulgation de la loi Neuwirth, la contraception est pleinement entr\u00e9e dans les moeurs :<\/p>\n<ul>\n<li>en 2005, plus de 95 % des femmes qui n&rsquo;\u00e9taient pas st\u00e9riles, qui avaient une activit\u00e9 sexuelle et qui ne souhaitaient pas avoir d&rsquo;enfants utilisaient une m\u00e9thode contraceptive.<\/li>\n<\/ul>\n<h2>Les enfants sont de plus en plus \u00ab\u00a0programm\u00e9s\u00a0\u00bb<\/h2>\n<p>Entre la fin des ann\u00e9es 1960 et les ann\u00e9es 1990, la part des naissances que les parents consid\u00e8rent comme \u00ab\u00a0bien planifi\u00e9es\u00a0\u00bb est pass\u00e9e de 59 \u00e0 83 %.<br \/>\n\u00ab\u00a0La diminution de la part des naissances non d\u00e9sir\u00e9es ou mal planifi\u00e9es a eu lieu tr\u00e8s rapidement, en une dizaine d&rsquo;ann\u00e9es seulement, entre 1970 et 1980 \u00e0 peu pr\u00e8s, notent MM. R\u00e9gnier-Loilier et L\u00e9ridon dans leur \u00e9tude.<br \/>\nElle a touch\u00e9 les femmes de tous \u00e2ges, m\u00eame si les plus jeunes restent les plus concern\u00e9es.\u00a0\u00bb<\/p>\n<p>Pour Arnaud R\u00e9gnier-Loilier, la r\u00e9volution contraceptive des ann\u00e9es 1970 a profond\u00e9ment modifi\u00e9 le rapport aux enfants et \u00e0 la famille. \u00ab\u00a0<strong>Avant la loi Neuwirth, les femmes vivaient dans la crainte perp\u00e9tuelle d&rsquo;\u00eatre enceintes<\/strong>, et elles devaient constamment \u00ab\u00a0faire attention\u00a0\u00bb, souligne-t-il. Aujourd&rsquo;hui, l&rsquo;\u00e9tat normal, c&rsquo;est au contraire celui o\u00f9 l&rsquo;on n&rsquo;est pas expos\u00e9 \u00e0 une grossesse, puisque la plupart des femmes ont une m\u00e9thode contraceptive continue d\u00e8s leurs premiers rapports sexuels. Avoir un enfant, cela suppose donc, dans la plupart des cas, de r\u00e9fl\u00e9chir, de prendre une d\u00e9cision et d&rsquo;arr\u00eater sa contraception.\u00a0\u00bb<\/p>\n<p>Pour beaucoup de couples, la planification des naissances n&rsquo;est pas seulement un h\u00e9ritage de la loi Neuwirth : elle est aussi le corollaire du travail des femmes.<br \/>\nDepuis leur entr\u00e9e dans le monde du salariat, au cours des ann\u00e9es 1970, le nombre de couples \u00ab\u00a0bi actifs\u00a0\u00bb ne cesse de cro\u00eetre :<\/p>\n<ul>\n<li>En l&rsquo;an 2000, 65 % des couples cumulaient 2 emplois.<\/li>\n<\/ul>\n","protected":false},"excerpt":{"rendered":"<p>Les cons\u00e9quences de l&rsquo;arriv\u00e9e de la pillule, il y a 40 ans, a permis de faire \u00e9voluer consid\u00e9rablement le mod\u00e8le familiale.Quels moyens de contraceptions sont le plus utilis\u00e9s par les fran\u00e7aises ?\u00a0 la pillule a t-elle baiss\u00e9 le nombre d&rsquo;avortements annuel ? <br \/>Voici de nombreuses informations concernant le comportement des femmes face aux naissances.<\/p>\n","protected":false},"author":2,"featured_media":167,"comment_status":"open","ping_status":"open","sticky":false,"template":"","format":"standard","meta":{"_bbp_topic_count":0,"_bbp_reply_count":0,"_bbp_total_topic_count":0,"_bbp_total_reply_count":0,"_bbp_voice_count":0,"_bbp_anonymous_reply_count":0,"_bbp_topic_count_hidden":0,"_bbp_reply_count_hidden":0,"_bbp_forum_subforum_count":0,"om_disable_all_campaigns":false,"_lmt_disableupdate":"","_lmt_disable":"","_monsterinsights_skip_tracking":false,"_monsterinsights_sitenote_active":false,"_monsterinsights_sitenote_note":"","_monsterinsights_sitenote_category":0,"_uf_show_specific_survey":0,"_uf_disable_surveys":false,"footnotes":""},"categories":[9],"tags":[97,96],"class_list":["post-168","post","type-post","status-publish","format-standard","has-post-thumbnail","hentry","category-etude-statistiques-couple","tag-avoir-des-enfants","tag-horloge-biologique"],"yoast_head":"<!-- This site is optimized with the Yoast SEO plugin v27.4 - https:\/\/yoast.com\/product\/yoast-seo-wordpress\/ -->\n<title>Le mod\u00e8le de famille id\u00e9al : 2 enfants de 3 ans d&#039; \u00e9cart - Les Bridgets<\/title>\n<meta name=\"robots\" content=\"index, follow, max-snippet:-1, max-image-preview:large, max-video-preview:-1\" \/>\n<link rel=\"canonical\" href=\"https:\/\/www.lesbridgets.com\/index.php\/statistiques\/etude-statistiques-couple\/le-modele-de-famille-ideal-2-enfants-de-3-ans-d-ecart.html\" \/>\n<meta property=\"og:locale\" content=\"fr_FR\" \/>\n<meta property=\"og:type\" content=\"article\" \/>\n<meta property=\"og:title\" content=\"Le mod\u00e8le de famille id\u00e9al : 2 enfants de 3 ans d&#039; \u00e9cart - Les Bridgets\" \/>\n<meta property=\"og:description\" content=\"Les cons\u00e9quences de l&#039;arriv\u00e9e de la pillule, il y a 40 ans, a permis de faire \u00e9voluer consid\u00e9rablement le mod\u00e8le familiale.Quels moyens de contraceptions sont le plus utilis\u00e9s par les fran\u00e7aises ?\u00a0 la pillule a t-elle baiss\u00e9 le nombre d&#039;avortements annuel ? Voici de nombreuses informations concernant le comportement des femmes face aux naissances.\" \/>\n<meta property=\"og:url\" content=\"https:\/\/www.lesbridgets.com\/index.php\/statistiques\/etude-statistiques-couple\/le-modele-de-famille-ideal-2-enfants-de-3-ans-d-ecart.html\" \/>\n<meta property=\"og:site_name\" content=\"Les Bridgets\" \/>\n<meta property=\"article:publisher\" content=\"https:\/\/www.facebook.com\/Les.Bridgets\" \/>\n<meta property=\"article:published_time\" content=\"2007-12-29T17:29:35+00:00\" \/>\n<meta property=\"article:modified_time\" content=\"2017-08-11T15:47:43+00:00\" \/>\n<meta property=\"og:image\" content=\"https:\/\/www.lesbridgets.com\/wp-content\/uploads\/2007\/12\/famille-noel-enfant.jpg\" \/>\n\t<meta property=\"og:image:width\" content=\"230\" \/>\n\t<meta property=\"og:image:height\" content=\"183\" \/>\n\t<meta property=\"og:image:type\" content=\"image\/jpeg\" \/>\n<meta name=\"author\" content=\"Bridget\" \/>\n<meta name=\"twitter:card\" content=\"summary_large_image\" \/>\n<meta name=\"twitter:creator\" content=\"@les_bridgets\" \/>\n<meta name=\"twitter:site\" content=\"@les_bridgets\" \/>\n<meta name=\"twitter:label1\" content=\"\u00c9crit par\" \/>\n\t<meta name=\"twitter:data1\" content=\"Bridget\" \/>\n\t<meta name=\"twitter:label2\" content=\"Dur\u00e9e de lecture estim\u00e9e\" \/>\n\t<meta name=\"twitter:data2\" content=\"4 minutes\" \/>\n<script type=\"application\/ld+json\" class=\"yoast-schema-graph\">{\"@context\":\"https:\\\/\\\/schema.org\",\"@graph\":[{\"@type\":\"Article\",\"@id\":\"https:\\\/\\\/www.lesbridgets.com\\\/index.php\\\/statistiques\\\/etude-statistiques-couple\\\/le-modele-de-famille-ideal-2-enfants-de-3-ans-d-ecart.html#article\",\"isPartOf\":{\"@id\":\"https:\\\/\\\/www.lesbridgets.com\\\/index.php\\\/statistiques\\\/etude-statistiques-couple\\\/le-modele-de-famille-ideal-2-enfants-de-3-ans-d-ecart.html\"},\"author\":{\"name\":\"Bridget\",\"@id\":\"https:\\\/\\\/www.lesbridgets.com\\\/#\\\/schema\\\/person\\\/82a31c27ae0ddd23ee59e1e2ac5713ba\"},\"headline\":\"Le mod\u00e8le de famille id\u00e9al : 2 enfants de 3 ans d&rsquo; \u00e9cart\",\"datePublished\":\"2007-12-29T17:29:35+00:00\",\"dateModified\":\"2017-08-11T15:47:43+00:00\",\"mainEntityOfPage\":{\"@id\":\"https:\\\/\\\/www.lesbridgets.com\\\/index.php\\\/statistiques\\\/etude-statistiques-couple\\\/le-modele-de-famille-ideal-2-enfants-de-3-ans-d-ecart.html\"},\"wordCount\":943,\"commentCount\":0,\"publisher\":{\"@id\":\"https:\\\/\\\/www.lesbridgets.com\\\/#organization\"},\"image\":{\"@id\":\"https:\\\/\\\/www.lesbridgets.com\\\/index.php\\\/statistiques\\\/etude-statistiques-couple\\\/le-modele-de-famille-ideal-2-enfants-de-3-ans-d-ecart.html#primaryimage\"},\"thumbnailUrl\":\"https:\\\/\\\/www.lesbridgets.com\\\/wp-content\\\/uploads\\\/2007\\\/12\\\/famille-noel-enfant.jpg\",\"keywords\":[\"avoir des enfants\",\"horloge biologique\"],\"articleSection\":[\"Statistiques sur le couple\"],\"inLanguage\":\"fr-FR\",\"potentialAction\":[{\"@type\":\"CommentAction\",\"name\":\"Comment\",\"target\":[\"https:\\\/\\\/www.lesbridgets.com\\\/index.php\\\/statistiques\\\/etude-statistiques-couple\\\/le-modele-de-famille-ideal-2-enfants-de-3-ans-d-ecart.html#respond\"]}]},{\"@type\":\"WebPage\",\"@id\":\"https:\\\/\\\/www.lesbridgets.com\\\/index.php\\\/statistiques\\\/etude-statistiques-couple\\\/le-modele-de-famille-ideal-2-enfants-de-3-ans-d-ecart.html\",\"url\":\"https:\\\/\\\/www.lesbridgets.com\\\/index.php\\\/statistiques\\\/etude-statistiques-couple\\\/le-modele-de-famille-ideal-2-enfants-de-3-ans-d-ecart.html\",\"name\":\"Le mod\u00e8le de famille id\u00e9al : 2 enfants de 3 ans d' \u00e9cart - Les Bridgets\",\"isPartOf\":{\"@id\":\"https:\\\/\\\/www.lesbridgets.com\\\/#website\"},\"primaryImageOfPage\":{\"@id\":\"https:\\\/\\\/www.lesbridgets.com\\\/index.php\\\/statistiques\\\/etude-statistiques-couple\\\/le-modele-de-famille-ideal-2-enfants-de-3-ans-d-ecart.html#primaryimage\"},\"image\":{\"@id\":\"https:\\\/\\\/www.lesbridgets.com\\\/index.php\\\/statistiques\\\/etude-statistiques-couple\\\/le-modele-de-famille-ideal-2-enfants-de-3-ans-d-ecart.html#primaryimage\"},\"thumbnailUrl\":\"https:\\\/\\\/www.lesbridgets.com\\\/wp-content\\\/uploads\\\/2007\\\/12\\\/famille-noel-enfant.jpg\",\"datePublished\":\"2007-12-29T17:29:35+00:00\",\"dateModified\":\"2017-08-11T15:47:43+00:00\",\"breadcrumb\":{\"@id\":\"https:\\\/\\\/www.lesbridgets.com\\\/index.php\\\/statistiques\\\/etude-statistiques-couple\\\/le-modele-de-famille-ideal-2-enfants-de-3-ans-d-ecart.html#breadcrumb\"},\"inLanguage\":\"fr-FR\",\"potentialAction\":[{\"@type\":\"ReadAction\",\"target\":[\"https:\\\/\\\/www.lesbridgets.com\\\/index.php\\\/statistiques\\\/etude-statistiques-couple\\\/le-modele-de-famille-ideal-2-enfants-de-3-ans-d-ecart.html\"]}]},{\"@type\":\"ImageObject\",\"inLanguage\":\"fr-FR\",\"@id\":\"https:\\\/\\\/www.lesbridgets.com\\\/index.php\\\/statistiques\\\/etude-statistiques-couple\\\/le-modele-de-famille-ideal-2-enfants-de-3-ans-d-ecart.html#primaryimage\",\"url\":\"https:\\\/\\\/www.lesbridgets.com\\\/wp-content\\\/uploads\\\/2007\\\/12\\\/famille-noel-enfant.jpg\",\"contentUrl\":\"https:\\\/\\\/www.lesbridgets.com\\\/wp-content\\\/uploads\\\/2007\\\/12\\\/famille-noel-enfant.jpg\",\"width\":230,\"height\":183,\"caption\":\"P\u00e8re, m\u00e8re 2 enfants de 3 ans d'ecart\"},{\"@type\":\"BreadcrumbList\",\"@id\":\"https:\\\/\\\/www.lesbridgets.com\\\/index.php\\\/statistiques\\\/etude-statistiques-couple\\\/le-modele-de-famille-ideal-2-enfants-de-3-ans-d-ecart.html#breadcrumb\",\"itemListElement\":[{\"@type\":\"ListItem\",\"position\":1,\"name\":\"Les Bridgets\",\"item\":\"https:\\\/\\\/www.lesbridgets.com\\\/\"},{\"@type\":\"ListItem\",\"position\":2,\"name\":\"Statistiques sur le couple &amp; celibat\",\"item\":\"https:\\\/\\\/www.lesbridgets.com\\\/index.php\\\/category\\\/statistiques\"},{\"@type\":\"ListItem\",\"position\":3,\"name\":\"Statistiques sur le couple\",\"item\":\"https:\\\/\\\/www.lesbridgets.com\\\/index.php\\\/category\\\/statistiques\\\/etude-statistiques-couple\"},{\"@type\":\"ListItem\",\"position\":4,\"name\":\"Le mod\u00e8le de famille id\u00e9al : 2 enfants de 3 ans d&rsquo; \u00e9cart\"}]},{\"@type\":\"WebSite\",\"@id\":\"https:\\\/\\\/www.lesbridgets.com\\\/#website\",\"url\":\"https:\\\/\\\/www.lesbridgets.com\\\/\",\"name\":\"Les Bridgets\",\"description\":\"R\u00e9f\u00e9rences et r\u00e9flexions sur nos relations\",\"publisher\":{\"@id\":\"https:\\\/\\\/www.lesbridgets.com\\\/#organization\"},\"potentialAction\":[{\"@type\":\"SearchAction\",\"target\":{\"@type\":\"EntryPoint\",\"urlTemplate\":\"https:\\\/\\\/www.lesbridgets.com\\\/?s={search_term_string}\"},\"query-input\":{\"@type\":\"PropertyValueSpecification\",\"valueRequired\":true,\"valueName\":\"search_term_string\"}}],\"inLanguage\":\"fr-FR\"},{\"@type\":\"Organization\",\"@id\":\"https:\\\/\\\/www.lesbridgets.com\\\/#organization\",\"name\":\"Les Bridgets\",\"url\":\"https:\\\/\\\/www.lesbridgets.com\\\/\",\"logo\":{\"@type\":\"ImageObject\",\"inLanguage\":\"fr-FR\",\"@id\":\"https:\\\/\\\/www.lesbridgets.com\\\/#\\\/schema\\\/logo\\\/image\\\/\",\"url\":\"https:\\\/\\\/www.lesbridgets.com\\\/wp-content\\\/uploads\\\/2022\\\/07\\\/cropped-logo-3-lesbridgets.png\",\"contentUrl\":\"https:\\\/\\\/www.lesbridgets.com\\\/wp-content\\\/uploads\\\/2022\\\/07\\\/cropped-logo-3-lesbridgets.png\",\"width\":251,\"height\":59,\"caption\":\"Les Bridgets\"},\"image\":{\"@id\":\"https:\\\/\\\/www.lesbridgets.com\\\/#\\\/schema\\\/logo\\\/image\\\/\"},\"sameAs\":[\"https:\\\/\\\/www.facebook.com\\\/Les.Bridgets\",\"https:\\\/\\\/x.com\\\/les_bridgets\"]},{\"@type\":\"Person\",\"@id\":\"https:\\\/\\\/www.lesbridgets.com\\\/#\\\/schema\\\/person\\\/82a31c27ae0ddd23ee59e1e2ac5713ba\",\"name\":\"Bridget\",\"image\":{\"@type\":\"ImageObject\",\"inLanguage\":\"fr-FR\",\"@id\":\"https:\\\/\\\/secure.gravatar.com\\\/avatar\\\/7295cbdcf0cdf58bc2d250d0abac0622f7e9f13e4d6b98e0404f82bf994e0a55?s=96&d=mm&r=g\",\"url\":\"https:\\\/\\\/secure.gravatar.com\\\/avatar\\\/7295cbdcf0cdf58bc2d250d0abac0622f7e9f13e4d6b98e0404f82bf994e0a55?s=96&d=mm&r=g\",\"contentUrl\":\"https:\\\/\\\/secure.gravatar.com\\\/avatar\\\/7295cbdcf0cdf58bc2d250d0abac0622f7e9f13e4d6b98e0404f82bf994e0a55?s=96&d=mm&r=g\",\"caption\":\"Bridget\"}}]}<\/script>\n<!-- \/ Yoast SEO plugin. -->","yoast_head_json":{"title":"Le mod\u00e8le de famille id\u00e9al : 2 enfants de 3 ans d' \u00e9cart - Les Bridgets","robots":{"index":"index","follow":"follow","max-snippet":"max-snippet:-1","max-image-preview":"max-image-preview:large","max-video-preview":"max-video-preview:-1"},"canonical":"https:\/\/www.lesbridgets.com\/index.php\/statistiques\/etude-statistiques-couple\/le-modele-de-famille-ideal-2-enfants-de-3-ans-d-ecart.html","og_locale":"fr_FR","og_type":"article","og_title":"Le mod\u00e8le de famille id\u00e9al : 2 enfants de 3 ans d' \u00e9cart - Les Bridgets","og_description":"Les cons\u00e9quences de l'arriv\u00e9e de la pillule, il y a 40 ans, a permis de faire \u00e9voluer consid\u00e9rablement le mod\u00e8le familiale.Quels moyens de contraceptions sont le plus utilis\u00e9s par les fran\u00e7aises ?\u00a0 la pillule a t-elle baiss\u00e9 le nombre d'avortements annuel ? Voici de nombreuses informations concernant le comportement des femmes face aux naissances.","og_url":"https:\/\/www.lesbridgets.com\/index.php\/statistiques\/etude-statistiques-couple\/le-modele-de-famille-ideal-2-enfants-de-3-ans-d-ecart.html","og_site_name":"Les Bridgets","article_publisher":"https:\/\/www.facebook.com\/Les.Bridgets","article_published_time":"2007-12-29T17:29:35+00:00","article_modified_time":"2017-08-11T15:47:43+00:00","og_image":[{"width":230,"height":183,"url":"https:\/\/www.lesbridgets.com\/wp-content\/uploads\/2007\/12\/famille-noel-enfant.jpg","type":"image\/jpeg"}],"author":"Bridget","twitter_card":"summary_large_image","twitter_creator":"@les_bridgets","twitter_site":"@les_bridgets","twitter_misc":{"\u00c9crit par":"Bridget","Dur\u00e9e de lecture estim\u00e9e":"4 minutes"},"schema":{"@context":"https:\/\/schema.org","@graph":[{"@type":"Article","@id":"https:\/\/www.lesbridgets.com\/index.php\/statistiques\/etude-statistiques-couple\/le-modele-de-famille-ideal-2-enfants-de-3-ans-d-ecart.html#article","isPartOf":{"@id":"https:\/\/www.lesbridgets.com\/index.php\/statistiques\/etude-statistiques-couple\/le-modele-de-famille-ideal-2-enfants-de-3-ans-d-ecart.html"},"author":{"name":"Bridget","@id":"https:\/\/www.lesbridgets.com\/#\/schema\/person\/82a31c27ae0ddd23ee59e1e2ac5713ba"},"headline":"Le mod\u00e8le de famille id\u00e9al : 2 enfants de 3 ans d&rsquo; \u00e9cart","datePublished":"2007-12-29T17:29:35+00:00","dateModified":"2017-08-11T15:47:43+00:00","mainEntityOfPage":{"@id":"https:\/\/www.lesbridgets.com\/index.php\/statistiques\/etude-statistiques-couple\/le-modele-de-famille-ideal-2-enfants-de-3-ans-d-ecart.html"},"wordCount":943,"commentCount":0,"publisher":{"@id":"https:\/\/www.lesbridgets.com\/#organization"},"image":{"@id":"https:\/\/www.lesbridgets.com\/index.php\/statistiques\/etude-statistiques-couple\/le-modele-de-famille-ideal-2-enfants-de-3-ans-d-ecart.html#primaryimage"},"thumbnailUrl":"https:\/\/www.lesbridgets.com\/wp-content\/uploads\/2007\/12\/famille-noel-enfant.jpg","keywords":["avoir des enfants","horloge biologique"],"articleSection":["Statistiques sur le couple"],"inLanguage":"fr-FR","potentialAction":[{"@type":"CommentAction","name":"Comment","target":["https:\/\/www.lesbridgets.com\/index.php\/statistiques\/etude-statistiques-couple\/le-modele-de-famille-ideal-2-enfants-de-3-ans-d-ecart.html#respond"]}]},{"@type":"WebPage","@id":"https:\/\/www.lesbridgets.com\/index.php\/statistiques\/etude-statistiques-couple\/le-modele-de-famille-ideal-2-enfants-de-3-ans-d-ecart.html","url":"https:\/\/www.lesbridgets.com\/index.php\/statistiques\/etude-statistiques-couple\/le-modele-de-famille-ideal-2-enfants-de-3-ans-d-ecart.html","name":"Le mod\u00e8le de famille id\u00e9al : 2 enfants de 3 ans d' \u00e9cart - Les Bridgets","isPartOf":{"@id":"https:\/\/www.lesbridgets.com\/#website"},"primaryImageOfPage":{"@id":"https:\/\/www.lesbridgets.com\/index.php\/statistiques\/etude-statistiques-couple\/le-modele-de-famille-ideal-2-enfants-de-3-ans-d-ecart.html#primaryimage"},"image":{"@id":"https:\/\/www.lesbridgets.com\/index.php\/statistiques\/etude-statistiques-couple\/le-modele-de-famille-ideal-2-enfants-de-3-ans-d-ecart.html#primaryimage"},"thumbnailUrl":"https:\/\/www.lesbridgets.com\/wp-content\/uploads\/2007\/12\/famille-noel-enfant.jpg","datePublished":"2007-12-29T17:29:35+00:00","dateModified":"2017-08-11T15:47:43+00:00","breadcrumb":{"@id":"https:\/\/www.lesbridgets.com\/index.php\/statistiques\/etude-statistiques-couple\/le-modele-de-famille-ideal-2-enfants-de-3-ans-d-ecart.html#breadcrumb"},"inLanguage":"fr-FR","potentialAction":[{"@type":"ReadAction","target":["https:\/\/www.lesbridgets.com\/index.php\/statistiques\/etude-statistiques-couple\/le-modele-de-famille-ideal-2-enfants-de-3-ans-d-ecart.html"]}]},{"@type":"ImageObject","inLanguage":"fr-FR","@id":"https:\/\/www.lesbridgets.com\/index.php\/statistiques\/etude-statistiques-couple\/le-modele-de-famille-ideal-2-enfants-de-3-ans-d-ecart.html#primaryimage","url":"https:\/\/www.lesbridgets.com\/wp-content\/uploads\/2007\/12\/famille-noel-enfant.jpg","contentUrl":"https:\/\/www.lesbridgets.com\/wp-content\/uploads\/2007\/12\/famille-noel-enfant.jpg","width":230,"height":183,"caption":"P\u00e8re, m\u00e8re 2 enfants de 3 ans d'ecart"},{"@type":"BreadcrumbList","@id":"https:\/\/www.lesbridgets.com\/index.php\/statistiques\/etude-statistiques-couple\/le-modele-de-famille-ideal-2-enfants-de-3-ans-d-ecart.html#breadcrumb","itemListElement":[{"@type":"ListItem","position":1,"name":"Les Bridgets","item":"https:\/\/www.lesbridgets.com\/"},{"@type":"ListItem","position":2,"name":"Statistiques sur le couple &amp; celibat","item":"https:\/\/www.lesbridgets.com\/index.php\/category\/statistiques"},{"@type":"ListItem","position":3,"name":"Statistiques sur le couple","item":"https:\/\/www.lesbridgets.com\/index.php\/category\/statistiques\/etude-statistiques-couple"},{"@type":"ListItem","position":4,"name":"Le mod\u00e8le de famille id\u00e9al : 2 enfants de 3 ans d&rsquo; \u00e9cart"}]},{"@type":"WebSite","@id":"https:\/\/www.lesbridgets.com\/#website","url":"https:\/\/www.lesbridgets.com\/","name":"Les Bridgets","description":"R\u00e9f\u00e9rences et r\u00e9flexions sur nos relations","publisher":{"@id":"https:\/\/www.lesbridgets.com\/#organization"},"potentialAction":[{"@type":"SearchAction","target":{"@type":"EntryPoint","urlTemplate":"https:\/\/www.lesbridgets.com\/?s={search_term_string}"},"query-input":{"@type":"PropertyValueSpecification","valueRequired":true,"valueName":"search_term_string"}}],"inLanguage":"fr-FR"},{"@type":"Organization","@id":"https:\/\/www.lesbridgets.com\/#organization","name":"Les Bridgets","url":"https:\/\/www.lesbridgets.com\/","logo":{"@type":"ImageObject","inLanguage":"fr-FR","@id":"https:\/\/www.lesbridgets.com\/#\/schema\/logo\/image\/","url":"https:\/\/www.lesbridgets.com\/wp-content\/uploads\/2022\/07\/cropped-logo-3-lesbridgets.png","contentUrl":"https:\/\/www.lesbridgets.com\/wp-content\/uploads\/2022\/07\/cropped-logo-3-lesbridgets.png","width":251,"height":59,"caption":"Les Bridgets"},"image":{"@id":"https:\/\/www.lesbridgets.com\/#\/schema\/logo\/image\/"},"sameAs":["https:\/\/www.facebook.com\/Les.Bridgets","https:\/\/x.com\/les_bridgets"]},{"@type":"Person","@id":"https:\/\/www.lesbridgets.com\/#\/schema\/person\/82a31c27ae0ddd23ee59e1e2ac5713ba","name":"Bridget","image":{"@type":"ImageObject","inLanguage":"fr-FR","@id":"https:\/\/secure.gravatar.com\/avatar\/7295cbdcf0cdf58bc2d250d0abac0622f7e9f13e4d6b98e0404f82bf994e0a55?s=96&d=mm&r=g","url":"https:\/\/secure.gravatar.com\/avatar\/7295cbdcf0cdf58bc2d250d0abac0622f7e9f13e4d6b98e0404f82bf994e0a55?s=96&d=mm&r=g","contentUrl":"https:\/\/secure.gravatar.com\/avatar\/7295cbdcf0cdf58bc2d250d0abac0622f7e9f13e4d6b98e0404f82bf994e0a55?s=96&d=mm&r=g","caption":"Bridget"}}]}},"modified_by":"admin_bridg","_links":{"self":[{"href":"https:\/\/www.lesbridgets.com\/index.php\/wp-json\/wp\/v2\/posts\/168","targetHints":{"allow":["GET"]}}],"collection":[{"href":"https:\/\/www.lesbridgets.com\/index.php\/wp-json\/wp\/v2\/posts"}],"about":[{"href":"https:\/\/www.lesbridgets.com\/index.php\/wp-json\/wp\/v2\/types\/post"}],"author":[{"embeddable":true,"href":"https:\/\/www.lesbridgets.com\/index.php\/wp-json\/wp\/v2\/users\/2"}],"replies":[{"embeddable":true,"href":"https:\/\/www.lesbridgets.com\/index.php\/wp-json\/wp\/v2\/comments?post=168"}],"version-history":[{"count":1,"href":"https:\/\/www.lesbridgets.com\/index.php\/wp-json\/wp\/v2\/posts\/168\/revisions"}],"predecessor-version":[{"id":235414,"href":"https:\/\/www.lesbridgets.com\/index.php\/wp-json\/wp\/v2\/posts\/168\/revisions\/235414"}],"wp:featuredmedia":[{"embeddable":true,"href":"https:\/\/www.lesbridgets.com\/index.php\/wp-json\/wp\/v2\/media\/167"}],"wp:attachment":[{"href":"https:\/\/www.lesbridgets.com\/index.php\/wp-json\/wp\/v2\/media?parent=168"}],"wp:term":[{"taxonomy":"category","embeddable":true,"href":"https:\/\/www.lesbridgets.com\/index.php\/wp-json\/wp\/v2\/categories?post=168"},{"taxonomy":"post_tag","embeddable":true,"href":"https:\/\/www.lesbridgets.com\/index.php\/wp-json\/wp\/v2\/tags?post=168"}],"curies":[{"name":"wp","href":"https:\/\/api.w.org\/{rel}","templated":true}]}}